{"id":197531,"date":"2014-10-20T11:24:39","date_gmt":"2014-10-20T08:24:39","guid":{"rendered":"http:\/\/www.nationalturk.com\/?p=197531"},"modified":"2014-10-20T11:24:39","modified_gmt":"2014-10-20T08:24:39","slug":"fransizlarin-yuzde-86si-hollandei-istemiyor-197531","status":"publish","type":"post","link":"https:\/\/www.nationalturk.com\/tr\/fransizlarin-yuzde-86si-hollandei-istemiyor-197531\/","title":{"rendered":"Frans\u0131zlar\u0131n y\u00fczde 86&#8217;s\u0131 Hollande&#8217;\u0131 istemiyor"},"content":{"rendered":"<p><img loading=\"lazy\" decoding=\"async\" class=\"alignnone size-large wp-image-197532\" src=\"http:\/\/www.nationalturk.com\/tr\/wp-content\/uploads\/2014\/10\/hollande_923847-610x348.jpg\" alt=\"Hollande\" width=\"610\" height=\"348\" title=\"\" srcset=\"https:\/\/www.nationalturk.com\/tr\/wp-content\/uploads\/2014\/10\/hollande_923847-610x348.jpg 610w, https:\/\/www.nationalturk.com\/tr\/wp-content\/uploads\/2014\/10\/hollande_923847-280x160.jpg 280w, https:\/\/www.nationalturk.com\/tr\/wp-content\/uploads\/2014\/10\/hollande_923847.jpg 1200w\" sizes=\"auto, (max-width: 610px) 100vw, 610px\" \/><\/p>\n<h1>Fransa&#8217;da yap\u0131lan bir ara\u015ft\u0131rmaya g\u00f6re, Frans\u0131zlar\u0131n y\u00fczde 86&#8217;s\u0131 Fransa Cumhurba\u015fkan\u0131 Fran\u00e7ois Hollande&#8217;\u0131n yeniden cumhurba\u015fkan\u0131 aday\u0131 olmas\u0131na s\u0131cak bakm\u0131yor.<\/h1>\n<p>OpinionWay \u015firketi taraf\u0131ndan yap\u0131lan ara\u015ft\u0131rmada, 2,5 y\u0131ll\u0131k g\u00f6revi s\u00fcresince Hollande&#8217;a olan g\u00fcvenin giderek d\u00fc\u015ft\u00fc\u011f\u00fc ortaya \u00e7\u0131kt\u0131. Halk\u0131n b\u00fcy\u00fck k\u0131sm\u0131n\u0131n Fransa Cumhurba\u015fkan\u0131&#8217;n\u0131n 2017 se\u00e7iminde tekrar aday olmamas\u0131 gerekti\u011fi g\u00f6r\u00fc\u015f\u00fcn\u00fc dile getirdi\u011fi belirtildi.<\/p>\n<p>Ara\u015ft\u0131rmaya kat\u0131lanlar\u0131n y\u00fczde 85&#8217;i Hollande&#8217;dan memnun olmad\u0131\u011f\u0131n\u0131 ifade etti, y\u00fczde 86&#8217;s\u0131 Hollande&#8217;\u0131n 2017&#8217;de bir kez daha aday olmas\u0131n\u0131 istemedi\u011fini s\u00f6yledi.<\/p>\n<p>&#8211; H\u00fck\u00fcmet ba\u015far\u0131s\u0131z bulunuyor &#8211;<\/p>\n<p>Kat\u0131l\u0131mc\u0131lar\u0131n y\u00fczde 88&#8217;i i\u015fsizlikle m\u00fccadelede h\u00fck\u00fcmeti ba\u015far\u0131s\u0131z bulurken, y\u00fczde 86&#8217;s\u0131 vergiler konusunda memnuniyetsizli\u011fini dile getirdi.<\/p>\n<p>Ara\u015ft\u0131rmada, gelece\u011fe g\u00fcvende ciddi bir azalma oldu\u011funa dikkat \u00e7ekilirken, kat\u0131l\u0131mc\u0131lar\u0131n y\u00fczde 69&#8217;u Fransa&#8217;n\u0131n durumunu 2012&#8217;ye oranla daha k\u00f6t\u00fc olarak de\u011ferlendirdi. Uzmanlar, bu oran\u0131n ge\u00e7en y\u0131la oranla 12 puan art\u0131\u015f g\u00f6sterdi\u011finin alt\u0131n\u0131 \u00e7izdi.<\/p>\n<p>OpinionWay Siyasi \u00c7al\u0131\u015fmalar Sorumlusu Bruno Jeanbart, iki kez de\u011fi\u015fen h\u00fck\u00fcmetin halk nazar\u0131nda herhangi bir kar\u015f\u0131l\u0131\u011f\u0131 olmad\u0131\u011f\u0131 g\u00f6r\u00fc\u015f\u00fcn\u00fc savundu. Jeanbart, sosyalist h\u00fck\u00fcmet i\u00e7in &#8220;a\u011f\u0131r bir yenilgi&#8221; olarak de\u011ferlendirilen marttaki se\u00e7imlerinden hemen sonra yeniden kurulan h\u00fck\u00fcmetin de a\u011fustos sonunda kurulan ikinci h\u00fck\u00fcmetin de halk\u0131n g\u00fcvenini kazanmaya yetmedi\u011fini s\u00f6yledi.<\/p>\n<!-- Error, Advert is not available at this time due to schedule\/geolocation restrictions! -->\n","protected":false},"excerpt":{"rendered":"<p>Fransa&#8217;da yap\u0131lan bir ara\u015ft\u0131rmaya g\u00f6re, Frans\u0131zlar\u0131n y\u00fczde 86&#8217;s\u0131 Fransa Cumhurba\u015fkan\u0131 Fran\u00e7ois Hollande&#8217;\u0131n yeniden cumhurba\u015fkan\u0131 aday\u0131 olmas\u0131na s\u0131cak bakm\u0131yor.<\/p>\n","protected":false},"author":4,"featured_media":197533,"comment_status":"open","ping_status":"open","sticky":false,"template":"","format":"standard","meta":{"_acf_changed":false,"footnotes":""},"categories":[6770,6665,6155,5005,6202],"tags":[172801,94790,17,173493,172799,167161,99326,172800,159839],"class_list":["post-197531","post","type-post","status-publish","format-standard","has-post-thumbnail","hentry","category-avrupa","category-dunya","category-gundem","category-manset","category-politika","tag-basbakan-manuel-valls","tag-francois-hollande","tag-fransa","tag-fransa-cumhurbaskanligi-secimi","tag-fransa-hollande","tag-fransa-hukumet","tag-hollande","tag-ifop","tag-manuel-valls"],"acf":[],"_links":{"self":[{"href":"https:\/\/www.nationalturk.com\/tr\/wp-json\/wp\/v2\/posts\/197531","targetHints":{"allow":["GET"]}}],"collection":[{"href":"https:\/\/www.nationalturk.com\/tr\/wp-json\/wp\/v2\/posts"}],"about":[{"href":"https:\/\/www.nationalturk.com\/tr\/wp-json\/wp\/v2\/types\/post"}],"author":[{"embeddable":true,"href":"https:\/\/www.nationalturk.com\/tr\/wp-json\/wp\/v2\/users\/4"}],"replies":[{"embeddable":true,"href":"https:\/\/www.nationalturk.com\/tr\/wp-json\/wp\/v2\/comments?post=197531"}],"version-history":[{"count":0,"href":"https:\/\/www.nationalturk.com\/tr\/wp-json\/wp\/v2\/posts\/197531\/revisions"}],"wp:featuredmedia":[{"embeddable":true,"href":"https:\/\/www.nationalturk.com\/tr\/wp-json\/wp\/v2\/media\/197533"}],"wp:attachment":[{"href":"https:\/\/www.nationalturk.com\/tr\/wp-json\/wp\/v2\/media?parent=197531"}],"wp:term":[{"taxonomy":"category","embeddable":true,"href":"https:\/\/www.nationalturk.com\/tr\/wp-json\/wp\/v2\/categories?post=197531"},{"taxonomy":"post_tag","embeddable":true,"href":"https:\/\/www.nationalturk.com\/tr\/wp-json\/wp\/v2\/tags?post=197531"}],"curies":[{"name":"wp","href":"https:\/\/api.w.org\/{rel}","templated":true}]}}