{"id":197561,"date":"2014-10-20T14:47:41","date_gmt":"2014-10-20T11:47:41","guid":{"rendered":"http:\/\/www.nationalturk.com\/?p=197561"},"modified":"2014-10-20T15:02:48","modified_gmt":"2014-10-20T12:02:48","slug":"burak-yilmazomer-toprakhakan-calhanoglu-ve-kaan-ayhandan-fatih-terime-nispet-197561","status":"publish","type":"post","link":"https:\/\/www.nationalturk.com\/tr\/burak-yilmazomer-toprakhakan-calhanoglu-ve-kaan-ayhandan-fatih-terime-nispet-197561\/","title":{"rendered":"Burak Y\u0131lmaz,\u00d6mer Toprak,Hakan \u00c7alhano\u011flu ve Kaan Ayhan&#8217;dan Fatih Terim&#8217;e nispet!"},"content":{"rendered":"<h2><a href=\"http:\/\/www.nationalturk.com\/tr\/wp-content\/uploads\/2014\/10\/fatih-terim-milli-tak\u0131m-\u00f6mer-toprak-hakan-calhanoglu-burak-y\u0131lmaz-kaan-ayhan-skandal-g\u00f6khan-t\u00f6re-silah-kadro-d\u0131\u015f\u0131-sakatl\u0131k-kat\u0131lmama-kamp-letonya-\u00e7ek-cumhuriyeti-otorite-istifa-terim-fatih.jpg\"><img loading=\"lazy\" decoding=\"async\" class=\"alignnone size-full wp-image-197567\" src=\"http:\/\/www.nationalturk.com\/tr\/wp-content\/uploads\/2014\/10\/fatih-terim-milli-tak\u0131m-\u00f6mer-toprak-hakan-calhanoglu-burak-y\u0131lmaz-kaan-ayhan-skandal-g\u00f6khan-t\u00f6re-silah-kadro-d\u0131\u015f\u0131-sakatl\u0131k-kat\u0131lmama-kamp-letonya-\u00e7ek-cumhuriyeti-otorite-istifa-terim-fatih.jpg\" alt=\"fatih-terim-milli-tak\u0131m-\u00f6mer-toprak-hakan-calhanoglu-burak-y\u0131lmaz-kaan-ayhan-skandal-g\u00f6khan-t\u00f6re-silah-kadro-d\u0131\u015f\u0131-sakatl\u0131k-kat\u0131lmama-kamp-letonya-\u00e7ek-cumhuriyeti-otorite-istifa-terim-fatih\" width=\"610\" height=\"320\" title=\"\" srcset=\"https:\/\/www.nationalturk.com\/tr\/wp-content\/uploads\/2014\/10\/fatih-terim-milli-tak\u0131m-\u00f6mer-toprak-hakan-calhanoglu-burak-y\u0131lmaz-kaan-ayhan-skandal-g\u00f6khan-t\u00f6re-silah-kadro-d\u0131\u015f\u0131-sakatl\u0131k-kat\u0131lmama-kamp-letonya-\u00e7ek-cumhuriyeti-otorite-istifa-terim-fatih.jpg 610w, https:\/\/www.nationalturk.com\/tr\/wp-content\/uploads\/2014\/10\/fatih-terim-milli-tak\u0131m-\u00f6mer-toprak-hakan-calhanoglu-burak-y\u0131lmaz-kaan-ayhan-skandal-g\u00f6khan-t\u00f6re-silah-kadro-d\u0131\u015f\u0131-sakatl\u0131k-kat\u0131lmama-kamp-letonya-\u00e7ek-cumhuriyeti-otorite-istifa-terim-fatih-280x146.jpg 280w\" sizes=\"auto, (max-width: 610px) 100vw, 610px\" \/><\/a><\/h2>\n<h2>T\u00fcrkiye A Milli Futbol Tak\u0131m\u0131&#8217;n\u0131n \u00c7ek Cumhuriyeti&#8217;ne kar\u015f\u0131 oynad\u0131\u011f\u0131 kar\u015f\u0131la\u015fmada sakatl\u0131klar\u0131n\u0131n oldu\u011funu s\u00f6yleyerek Milli Tak\u0131ma kat\u0131lmayan Burak Y\u0131lmaz,Kaan Ayhan,\u00d6mer Toprak ve Hakan \u00c7alhano\u011flu kendi tak\u0131mlar\u0131nda ilk 11&#8217;de m\u00fccadeleye ba\u015flad\u0131.<\/h2>\n<h3>Fatih Terim&#8217;in liderli\u011findeki Milli Tak\u0131mda sular durulmuyor!<\/h3>\n<p>Fatih Terim&#8217;in liderli\u011findeki Milli Tak\u0131mda sular durulmak bilmiyor.Milli Tak\u0131m ba\u015f\u0131ndaki ba\u015far\u0131s\u0131z sonu\u00e7lar\u0131n ba\u015f sorumlusu olarak g\u00f6sterilen Terim&#8217;in ba\u015f\u0131 \u015fimdide sakatl\u0131klar\u0131n\u0131 beyan edip kendi tak\u0131mlar\u0131nda 11&#8217;de ba\u015flayan oyuncularla g\u00fcndemde&#8230;<\/p>\n<p>Sakatl\u0131k raporlar\u0131n\u0131n Milli Tak\u0131ma ula\u015ft\u0131\u011f\u0131n\u0131 beyan etmesinin ard\u0131ndan,Milli Tak\u0131m&#8217;a gelmeyen 4 oyuncununda m\u00fcsabakalar\u0131na 11&#8217;de ba\u015flamas\u0131 sonras\u0131 g\u00f6zler Fatih Terim&#8217;e \u00e7evrildi.<\/p>\n<h3>Gelmeme skandal\u0131n\u0131n sebebi Fatih Terim mi?<\/h3>\n<p>Milli Tak\u0131ma kat\u0131lmayan d\u00f6rt futbolcununda sakatl\u0131klar\u0131n\u0131n aksine Fatih Terim&#8217;e g\u00fcvenmedikleri ve sorunlar ya\u015fad\u0131klar\u0131 kulislede konu\u015fulanlar aras\u0131nda&#8230;<\/p>\n<p>\u00d6zellikle G\u00f6khan T\u00f6re &#8211; \u00d6mer Toprak ve Hakan \u00c7alhao\u011flu olay\u0131n\u0131n ard\u0131ndan otoriteyi sa\u011flayamayarak,silahl\u0131 olay\u0131n \u00e7\u00f6z\u00fcme kavu\u015famamas\u0131n\u0131n sorumlusu olarak g\u00f6sterilen G\u00f6khan T\u00f6re&#8217;nin aklanmaya \u00e7al\u0131\u015f\u0131l\u0131p,medyada Hakan \u00c7alhano\u011flu&#8217;nun babas\u0131n\u0131n a\u00e7\u0131klamalar\u0131n\u0131n ard\u0131ndan,g\u00fcndemi me\u015fgul ettikleri ve olay\u0131 uzatt\u0131klar\u0131 \u015feklinde, as\u0131l su\u00e7lunun \u00d6mer Toprak ve Hakan \u00c7alhano\u011flu olarak manip\u00fcle edilmesininde Hakan ve \u00d6mer ikilisinin Fatih Terim y\u00f6netimindeki Milli Tak\u0131ma kat\u0131lmayaca\u011f\u0131n\u0131 i\u015faret ediyor.<\/p>\n<h3>Fatih Terim Burak Y\u0131lmaz&#8217;\u0131da m\u0131 k\u00fcst\u00fcrd\u00fc?<\/h3>\n<p>Hafta boyunca Milli Tak\u0131m&#8217;\u0131n\u0131n \u00c7ek Cumhuriyeti yenilgisinden sonra s\u00fcregelen bir di\u011fer konu ise Burak Y\u0131lmaz&#8217;\u0131n sakatl\u0131\u011f\u0131 ve derbiye yeti\u015fip yeti\u015fmeyece\u011fi oldu.<\/p>\n<p>Oyuncunun ge\u00e7en hafta hafif sakatl\u0131\u011f\u0131 oldu\u011fu ve bu sebepten \u00f6t\u00fcr\u00fc Milli Tak\u0131m&#8217;dan aff\u0131n\u0131 istedi\u011fi ger\u00e7ek.Fakat Letonya m\u00fcsabakas\u0131 \u00f6ncesinde,\u00c7ek Cumhuriyeti&#8217;ne kar\u015f\u0131 al\u0131nan yenilgi sonras\u0131 olas\u0131 bir Letonya yenilgisinin \u00fczerinde bask\u0131 hissettirece\u011fini bilen Burak Y\u0131lmaz,Fatih Terim&#8217;le 2 y\u0131l \u00f6ncesinden s\u00fcregelen yedek oturtulma s\u00fcrt\u00fc\u015fmelerininde beraberiyle sakatl\u0131\u011f\u0131n\u0131 bahane ederek Milli Tak\u0131m&#8217;dan aff\u0131n\u0131 istedi\u011fi dile getiriliyor.<\/p>\n<p>Burak Y\u0131lmaz Spor Toto S\u00fcper Lig&#8217;de son 10 y\u0131l\u0131n en etkili forveti olarak g\u00f6ze \u00e7arp\u0131yor.Bununlada kalmayan golc\u00fc futbolcu, att\u0131\u011f\u0131 gollere her hafta yenisini ekleyerek tak\u0131m\u0131na katk\u0131 sa\u011fl\u0131yor.Spor yorumcular\u0131 taraf\u0131ndan b\u00fcy\u00fck bir silah olarak g\u00f6sterilen oyuncu,Milli Tak\u0131m&#8217;\u0131n forvet mevkiine yaz\u0131lacak ilk isim olarak lanse ediliyor.Bilindi\u011fi \u00fczere Burak Y\u0131lmaz, Fenerbah\u00e7e kar\u015f\u0131s\u0131na ilk 11&#8217;de \u00e7\u0131km\u0131\u015f, yapt\u0131\u011f\u0131 etkili ko\u015fularla kendini izletip 90 dakika sahada kalm\u0131\u015ft\u0131.<\/p>\n<h3>Sinyor otoriteyi sa\u011flayamad\u0131,Milli Tak\u0131m yerle yeksan oldu!<\/h3>\n<p>Silah olay\u0131n\u0131n ard\u0131ndan G\u00f6khan T\u00f6re&#8217;nin 1 y\u0131l Milli Tak\u0131m&#8217;a al\u0131nmamas\u0131n\u0131 ceza olarak g\u00f6steren T\u00fcrkiye Futbol Direkt\u00f6r\u00fc ve Milli Tak\u0131mlar sorumlusu Fatih Terim&#8217;in otoriteyi sa\u011flayamad\u0131\u011f\u0131.Bir \u00e7ok futbolcuyla sorun ya\u015fad\u0131\u011f\u0131 g\u00f6r\u00fcl\u00fcyor.\u00d6zellikle Hakan \u00c7alhano\u011flu&#8217;nun Alman Kanal\u0131 ZDF&#8217;ye yapt\u0131\u011f\u0131 a\u00e7\u0131klamalarda gelmemesinin sakatl\u0131\u011f\u0131ly ilgisi olmamas\u0131n\u0131 s\u00f6yleyip,Milli Tak\u0131m&#8217;a kat\u0131l\u0131p kat\u0131lmayaca\u011f\u0131n\u0131n sorulmas\u0131 \u00fczerine de Fatih Terim&#8217;le konu\u015faca\u011f\u0131n\u0131 beyan etmesi kafalarda soru i\u015fareti yaratt\u0131.<\/p>\n<p>Hakan \u00c7alhano\u011flu&#8217;nun hala silahl\u0131 sald\u0131r\u0131n\u0131n \u015fokunu atlamad\u0131\u011f\u0131 ve Milli Tak\u0131m&#8217;da kendisine silahl\u0131 m\u00fcdahelede oaly\u0131nda bulunan G\u00f6khan T\u00f6re&#8217;nin oldu\u011fu m\u00fcddet\u00e7e Milli formay\u0131 giymek istemedi\u011fide g\u00fcndemde.<\/p>\n<h3>Fatih Terim&#8217;e yok! Kendi tak\u0131mlar\u0131na var&#8230;<\/h3>\n<p>Fatih Terim&#8217;in Rudi V\u00f6ller&#8217;le konu\u015ftu\u011funu ve iki oyuncununda sakat oldu\u011funu beyan etmesinin ard\u0131ndan bu hafta VfB Stutgart ile oynan\u0131lan ma\u00e7ta sahada olmas\u0131 yeni bir tart\u0131\u015fma yaratt\u0131.<\/p>\n<h3>\u00d6mer Toprak ve Hakan \u00c7alhano\u011flu ilk 11&#8217;de!<\/h3>\n<p>Hakan \u00c7alhano\u011flu&#8217;nun 77 dakika sahada kald\u0131 ve 9,1 kilometre ko\u015ftu.Bununlada kalmay\u0131p kaleye 1 etkili \u015fut \u00e7ekip, bir \u00e7ok ata\u011f\u0131n maestrolu\u011funu yapt\u0131. Hakan \u00c7alhano\u011flu Milli Tak\u0131m&#8217;a bald\u0131r adelelerinde y\u0131rt\u0131k oldu\u011funu rapor etmi\u015fti.<\/p>\n<h3>\u00d6mer Toprak&#8217;tan 90 dakika kora kor m\u00fccadele&#8230;\u0130lk defa kaptanl\u0131k pazuband\u0131!<\/h3>\n<p>Keza \u00d6mer Toprak&#8217;\u0131n kariyerinde ilk defa Bayern Leverkusen formas\u0131yla kaptan olarak sahaya \u00e7\u0131kt\u0131\u011f\u0131 m\u00fccadelede 90 dakika sahada kal\u0131p, 9,54 kilometre ko\u015fmas\u0131 sakatl\u0131ktan \u00f6te konuyu ba\u015fka spek\u00fclasyonlara \u00e7evirdi.<\/p>\n<h3>Kaan Ayhan&#8217;dan da 90 dakika m\u00fccadele!<\/h3>\n<p>Schalke 04 formas\u0131 giyen Kaan Ayhan &#8216;da Hertha Berlin&#8217;e kar\u015f\u0131 90 dakika forma giydi.Kaan Ayhan&#8217;da ayak ba\u015f parma\u011f\u0131nda tendinit oldu\u011fu gerek\u00e7esiyle aff\u0131n\u0131 istemi\u015fti.<\/p>\n<h3>Sadece Mustafa Pektemek oynamad\u0131&#8230;<\/h3>\n<p>Milli Tak\u0131m&#8217;dan sakatl\u0131\u011f\u0131 sebebiyle af\u0131n\u0131 isteyen oyuncular aras\u0131nda,sakatl\u0131\u011f\u0131 gerek\u00e7esiyle\u00a0 kendi tak\u0131m\u0131nda bu hafta kadroya al\u0131nmayan tek futbolcu ise Mustafa Pektemek oldu.<\/p>\n<p><a title=\"NationalTurk\" href=\"http:\/\/www.nationalturk.com\" target=\"_blank\"><strong>NationalTurk<\/strong><\/a><\/p>\n<!-- Error, Advert is not available at this time due to schedule\/geolocation restrictions! -->\n<p>&nbsp;<\/p>\n<p>&nbsp;<\/p>\n","protected":false},"excerpt":{"rendered":"<p>T\u00fcrkiye A Milli Futbol Tak\u0131m\u0131&#8217;n\u0131n \u00c7ek Cumhuriyeti&#8217;ne kar\u015f\u0131 oynad\u0131\u011f\u0131 kar\u015f\u0131la\u015fmada sakatl\u0131klar\u0131n\u0131n oldu\u011funu s\u00f6yleyerek Milli Tak\u0131ma kat\u0131lmayana Burak Y\u0131lmaz,Kaan Ayhan,\u00d6mer Toprak ve Hakan \u00c7alhano\u011flu kendi tak\u0131mlar\u0131nda ilk 11&#8217;de m\u00fccadeleye ba\u015flad\u0131.<\/p>\n","protected":false},"author":1119,"featured_media":197567,"comment_status":"open","ping_status":"open","sticky":false,"template":"","format":"standard","meta":{"_acf_changed":false,"footnotes":""},"categories":[6774,5005,1,6194],"tags":[37114,21467,21948,54136,5891,76891,51766,145416,9736,6843,49692,169165,7267,6498,63545,81411,20237,58129,172593],"class_list":["post-197561","post","type-post","status-publish","format-standard","has-post-thumbnail","hentry","category-futbol","category-manset","category-nationalturk","category-spor","tag-avrupa-futbol-sampiyonasi","tag-burak-yilmaz","tag-cek-cumhuriyeti","tag-facia","tag-fatih-terim","tag-fatih-terim-istifa","tag-gokhan-tore","tag-hakan-calhanoglu","tag-istifa","tag-izlanda","tag-kaan-ayhan","tag-kadro-disi","tag-letonya","tag-milli-takim","tag-mustafa-pektemek","tag-omer-toprak","tag-sakatlik","tag-silah","tag-turkiye-milli-takimi"],"acf":[],"_links":{"self":[{"href":"https:\/\/www.nationalturk.com\/tr\/wp-json\/wp\/v2\/posts\/197561","targetHints":{"allow":["GET"]}}],"collection":[{"href":"https:\/\/www.nationalturk.com\/tr\/wp-json\/wp\/v2\/posts"}],"about":[{"href":"https:\/\/www.nationalturk.com\/tr\/wp-json\/wp\/v2\/types\/post"}],"author":[{"embeddable":true,"href":"https:\/\/www.nationalturk.com\/tr\/wp-json\/wp\/v2\/users\/1119"}],"replies":[{"embeddable":true,"href":"https:\/\/www.nationalturk.com\/tr\/wp-json\/wp\/v2\/comments?post=197561"}],"version-history":[{"count":0,"href":"https:\/\/www.nationalturk.com\/tr\/wp-json\/wp\/v2\/posts\/197561\/revisions"}],"wp:featuredmedia":[{"embeddable":true,"href":"https:\/\/www.nationalturk.com\/tr\/wp-json\/wp\/v2\/media\/197567"}],"wp:attachment":[{"href":"https:\/\/www.nationalturk.com\/tr\/wp-json\/wp\/v2\/media?parent=197561"}],"wp:term":[{"taxonomy":"category","embeddable":true,"href":"https:\/\/www.nationalturk.com\/tr\/wp-json\/wp\/v2\/categories?post=197561"},{"taxonomy":"post_tag","embeddable":true,"href":"https:\/\/www.nationalturk.com\/tr\/wp-json\/wp\/v2\/tags?post=197561"}],"curies":[{"name":"wp","href":"https:\/\/api.w.org\/{rel}","templated":true}]}}