{"id":197644,"date":"2014-10-21T02:25:07","date_gmt":"2014-10-20T23:25:07","guid":{"rendered":"http:\/\/www.nationalturk.com\/?p=197644"},"modified":"2022-09-10T02:05:45","modified_gmt":"2022-09-09T23:05:45","slug":"ambos-mumbos-otelihemingwayche-guevara-ve-fidel-castro-turistlerin-cazibe-merkezi-devrimin-baskenti-kuba-197644","status":"publish","type":"post","link":"https:\/\/www.nationalturk.com\/tr\/ambos-mumbos-otelihemingwayche-guevara-ve-fidel-castro-turistlerin-cazibe-merkezi-devrimin-baskenti-kuba-197644\/","title":{"rendered":"Ambos Mumbos oteli,Hemingway,Che Guevara ve Fidel Castro&#8230;Turistlerin cazibe merkezi devrimin ba\u015fkenti K\u00fcba!"},"content":{"rendered":"<h2><a href=\"http:\/\/www.nationalturk.com\/tr\/wp-content\/uploads\/2014\/10\/k\u00fcban\u0131n-renkleri-turistleri-cezbediyor-havana-puro-trinidad-che-guevara-fidel-castro-devrim-m\u00fczesi-k\u00fcba-devrimi-\u00f6zg\u00fcrl\u00fck.jpg\"><img loading=\"lazy\" decoding=\"async\" class=\"alignnone size-full wp-image-197648\" src=\"http:\/\/www.nationalturk.com\/tr\/wp-content\/uploads\/2014\/10\/k\u00fcban\u0131n-renkleri-turistleri-cezbediyor-havana-puro-trinidad-che-guevara-fidel-castro-devrim-m\u00fczesi-k\u00fcba-devrimi-\u00f6zg\u00fcrl\u00fck.jpg\" alt=\"k\u00fcban\u0131n-renkleri-turistleri-cezbediyor-havana-puro-trinidad-che-guevara-fidel-castro-devrim-m\u00fczesi-k\u00fcba-devrimi-\u00f6zg\u00fcrl\u00fck\" width=\"610\" height=\"290\" title=\"\" srcset=\"https:\/\/www.nationalturk.com\/tr\/wp-content\/uploads\/2014\/10\/k\u00fcban\u0131n-renkleri-turistleri-cezbediyor-havana-puro-trinidad-che-guevara-fidel-castro-devrim-m\u00fczesi-k\u00fcba-devrimi-\u00f6zg\u00fcrl\u00fck.jpg 610w, https:\/\/www.nationalturk.com\/tr\/wp-content\/uploads\/2014\/10\/k\u00fcban\u0131n-renkleri-turistleri-cezbediyor-havana-puro-trinidad-che-guevara-fidel-castro-devrim-m\u00fczesi-k\u00fcba-devrimi-\u00f6zg\u00fcrl\u00fck-280x133.jpg 280w\" sizes=\"auto, (max-width: 610px) 100vw, 610px\" \/><\/a><\/h2>\n<h2>\u015eehirlerde g\u00f6z kama\u015ft\u0131ran bir mimari&#8230; S\u00fcrprizlerle dolu meydanlar&#8230; 1940\u2019l\u0131, 50\u2019li y\u0131llardan kalma arabalar&#8230; Her yerde huzur ve rahatl\u0131k&#8230; Tabii ki Che Guevara\u2019n\u0131n an\u0131t mezar\u0131, puro ve tropik kokteyller&#8230; K\u00fcba ziyaret\u00e7ilerine o kadar \u00e7ok \u015fey v\u00e2dediyor ki&#8230;<\/h2>\n<h3><strong>Ayda D\u00fcndar Yazd\u0131 ; K\u00fcba&#8217;n\u0131n Renkleri&#8230;<\/strong><\/h3>\n<p>Cem Canbay\u2019\u0131n \u201cDo\u011fudan Bat\u0131ya 30 G\u00fcnde K\u00fcba\u201d foto\u011fraf g\u00f6sterisini izledikten sonra K\u00fcba\u2019ya onunla gitmek farz oldu. Devrimin, Fidel Castro\u2019nun ve yak\u0131\u015f\u0131kl\u0131 Che\u2019nin K\u00fcba\u2019s\u0131na yolculu\u011fumuz da b\u00f6ylece ba\u015flad\u0131.<\/p>\n<div class=\"fRight marjR10\"><\/div>\n<p>S\u0131k\u0131 s\u0131k\u0131 arand\u0131\u011f\u0131m\u0131z Havana Jose Marti Havaalan\u0131\u2019nda K\u00fcba\u2019ya giri\u015f i\u00e7in yava\u015f ilerleyen kuyru\u011fa girerken adan\u0131n tropik iklimini soluyoruz hemen. S\u0131cak ve nem yap\u0131\u015f\u0131yor \u00fczerimize.<\/p>\n<p>Hotel Inglaterra eski Havana\u2019n\u0131n tam kalbinde. \u201cZaman i\u00e7inde yolculuk\u201d bu olsa gerek. Otelin \u00f6n\u00fcnde s\u0131ralanm\u0131\u015f birbirinden renkli 40\u2019l\u0131, 50\u2019li y\u0131llardan kalma Amerikan arabalar\u0131 ve sar\u0131 coco taksiler turistlerin de Havanal\u0131lar\u0131n da emrinde&#8230; \u0130ki-\u00fc\u00e7 pesoya istedi\u011finiz yere u\u00e7uruyorlar.<\/p>\n<p><strong>BusTour\u2019da \u201cgazolin\u201d bitti<\/strong><\/p>\n<p>Eski Havana\u2019y\u0131 tabana kuvvet o sokak senin bu sokak benim dola\u015f\u0131yoruz, Latin ezgileri e\u015fli\u011finde. Havana \u00e7ok g\u00fczel bir \u015fehir. Eski \u015fehrin kolonyal mimarisi g\u00f6z kama\u015ft\u0131r\u0131yor. Dar sokaklar\u0131 aras\u0131nda dola\u015f\u0131rken kar\u015f\u0131n\u0131za \u00e7\u0131kan meydanlar s\u00fcrprizlerle dolu. Katedral Meydan\u0131\u2019nda tan\u0131\u015ft\u0131\u011f\u0131m\u0131z tarot fal\u0131 bakan \u00fcnl\u00fc Adelaida beyazlar giymi\u015f, uzun t\u0131rnaklar\u0131n\u0131 farkl\u0131 renk ve desenlere boyam\u0131\u015f. Abart\u0131l\u0131 tak\u0131lar\u0131yla turistlerin ilgi oda\u011f\u0131 olmu\u015f. T\u00fcm K\u00fcbal\u0131lar gibi<br \/>\ng\u00fcler y\u00fczl\u00fc ve samimi.<\/p>\n<p><a title=\"K\u00fcba Vizesi\" href=\"http:\/\/www.wts.com.tr\/kuba-vizesi-konsoloslugu.htm\" target=\"_blank\" rel=\"noopener\"><img loading=\"lazy\" decoding=\"async\" class=\"alignnone size-full wp-image-197652\" src=\"http:\/\/www.nationalturk.com\/tr\/wp-content\/uploads\/2014\/10\/k\u00fcba-vizesi-ba\u015fvuru-formu.jpg\" alt=\"k\u00fcba-vizesi-ba\u015fvuru-formu\" width=\"610\" height=\"90\" title=\"\" srcset=\"https:\/\/www.nationalturk.com\/tr\/wp-content\/uploads\/2014\/10\/k\u00fcba-vizesi-ba\u015fvuru-formu.jpg 610w, https:\/\/www.nationalturk.com\/tr\/wp-content\/uploads\/2014\/10\/k\u00fcba-vizesi-ba\u015fvuru-formu-280x41.jpg 280w\" sizes=\"auto, (max-width: 610px) 100vw, 610px\" \/><\/a><\/p>\n<p>Plaza de Armas ve \u00fcnl\u00fc Amerikal\u0131 yazar Ernest Hemingway\u2019in kald\u0131\u011f\u0131 otel Ambos Mumbos, Hemingway\u2019in tak\u0131ld\u0131\u011f\u0131 \u00fcnl\u00fc barlar derken ak\u015fam\u0131 ediyoruz. Hemingway \u201cYa\u015fl\u0131 Adam ve Deniz\u201d kitab\u0131n\u0131 burada yazm\u0131\u015f. Ad\u0131m att\u0131\u011f\u0131 her yer \u00e7ok pop\u00fcler.<\/p>\n<p>T\u00fcm \u015fehri tan\u0131tan \u00fcst\u00fc a\u00e7\u0131k turist otob\u00fcs\u00fc BusTour\u2019a atl\u0131yoruz arkada\u015f\u0131m Semra ile. T\u0131ng\u0131r m\u0131ng\u0131r giderken a\u011fa\u00e7l\u0131kl\u0131 Miramar b\u00f6lgesinde k\u00f6pr\u00fcn\u00fcn \u00fcst\u00fcnde birden duran otob\u00fcs\u00fcn \u201cgazolin\u201di yani benzini bitiyor. \u201cOlsun, arkadan gelen otob\u00fcse bineriz\u201d diyoruz. Daha ilk g\u00fcnden Havana\u2019n\u0131n ritmine b\u0131rakm\u0131\u015f\u0131z kendimizi; bir rahatl\u0131k, bir rahatl\u0131k&#8230; Ama son sefermi\u015f. Hava da kararmaya ba\u015flay\u0131nca taksiyle otele d\u00f6n\u00fcyoruz.<\/p>\n<p><a href=\"http:\/\/www.nationalturk.com\/tr\/wp-content\/uploads\/2014\/10\/k\u00fcba-devrim-m\u00fczesi-havana-k\u00fcba-devrimi-che-guevara-devrim-silahlar\u0131-top-t\u00fcfek-mitraly\u00f6z-tank-fidel-castro-ernesto-che-guevara-m\u00fcze-muese-cuba-reveluation.jpg\"><img loading=\"lazy\" decoding=\"async\" class=\"alignnone size-full wp-image-197646\" src=\"http:\/\/www.nationalturk.com\/tr\/wp-content\/uploads\/2014\/10\/k\u00fcba-devrim-m\u00fczesi-havana-k\u00fcba-devrimi-che-guevara-devrim-silahlar\u0131-top-t\u00fcfek-mitraly\u00f6z-tank-fidel-castro-ernesto-che-guevara-m\u00fcze-muese-cuba-reveluation.jpg\" alt=\"k\u00fcba-devrim-m\u00fczesi-havana-k\u00fcba-devrimi-che-guevara-devrim-silahlar\u0131-top-t\u00fcfek-mitraly\u00f6z-tank-fidel-castro-ernesto-che-guevara-m\u00fcze-muese-cuba-reveluation\" width=\"610\" height=\"404\" title=\"\" srcset=\"https:\/\/www.nationalturk.com\/tr\/wp-content\/uploads\/2014\/10\/k\u00fcba-devrim-m\u00fczesi-havana-k\u00fcba-devrimi-che-guevara-devrim-silahlar\u0131-top-t\u00fcfek-mitraly\u00f6z-tank-fidel-castro-ernesto-che-guevara-m\u00fcze-muese-cuba-reveluation.jpg 610w, https:\/\/www.nationalturk.com\/tr\/wp-content\/uploads\/2014\/10\/k\u00fcba-devrim-m\u00fczesi-havana-k\u00fcba-devrimi-che-guevara-devrim-silahlar\u0131-top-t\u00fcfek-mitraly\u00f6z-tank-fidel-castro-ernesto-che-guevara-m\u00fcze-muese-cuba-reveluation-180x120.jpg 180w, https:\/\/www.nationalturk.com\/tr\/wp-content\/uploads\/2014\/10\/k\u00fcba-devrim-m\u00fczesi-havana-k\u00fcba-devrimi-che-guevara-devrim-silahlar\u0131-top-t\u00fcfek-mitraly\u00f6z-tank-fidel-castro-ernesto-che-guevara-m\u00fcze-muese-cuba-reveluation-280x185.jpg 280w, https:\/\/www.nationalturk.com\/tr\/wp-content\/uploads\/2014\/10\/k\u00fcba-devrim-m\u00fczesi-havana-k\u00fcba-devrimi-che-guevara-devrim-silahlar\u0131-top-t\u00fcfek-mitraly\u00f6z-tank-fidel-castro-ernesto-che-guevara-m\u00fcze-muese-cuba-reveluation-543x360.jpg 543w\" sizes=\"auto, (max-width: 610px) 100vw, 610px\" \/><\/a><\/p>\n<p><strong>Dev kamera ve Devrim M\u00fczesi<\/strong><\/p>\n<p>P\u0131r\u0131l p\u0131r\u0131l parlayan masmavi 1950 model Cadillac kap\u0131m\u0131z\u0131n \u00f6n\u00fcnde bizi bekliyor. K\u00fcba\u2019da sanki biraz sosyetik tak\u0131l\u0131yoruz. \u00d6nce devrimci \u015fair Jose Marti An\u0131t\u0131 ve M\u00fczesi\u2019nin bulundu\u011fu Devrim Meydan\u0131\u2019na gidiyoruz. \u0130\u00e7i\u015fleri Bakanl\u0131\u011f\u0131 binas\u0131ndaki devasa Che Guevara ve Fidel Castro portrelerini g\u00f6r\u00fcyoruz.<\/p>\n<p>Vedado semtinde y\u00fcr\u00fcy\u00fc\u015f\u00fcn ard\u0131ndan etkileyici \u00fcniversite binas\u0131na giriyoruz. \u00dcniversitenin giri\u015finde g\u00fczel bir heykel kucakl\u0131yor \u00f6\u011frencileri.<\/p>\n<p>Ard\u0131ndan Otel National\u2019de okyanusa naz\u0131r \u00e7imenlerin \u00fczerinde daiquiri\u2019lerimizi yudumlarken sa\u011fanak bast\u0131r\u0131yor. 15 dakika sonra ortal\u0131k g\u00fcnl\u00fck g\u00fcne\u015flik. Y\u00fcr\u00fcyerek dola\u015ft\u0131\u011f\u0131m\u0131z Havana bize daha ba\u015fka geliyor.<\/p>\n<p>Dev bir kamerayla Havana\u2019y\u0131 360 derece g\u00f6zetlemek i\u00e7in eski Havana\u2019da, Plaza Vieja\u2019n\u0131n k\u00f6\u015fesindeki Camara Oscura\u2019ya \u00e7\u0131k\u0131yoruz. Sonra ekibimiz ayr\u0131l\u0131yor. Cem sokak aralar\u0131nda foto\u011fraf \u00e7ekmek i\u00e7in kayboluyor. Semra ile ben Devrim M\u00fczesi\u2019ne gidiyoruz. Che\u2019nin balmumu heykelini, Castro\u2019nun kulland\u0131\u011f\u0131 tank\u0131 ve devrimle ilgili bir\u00e7ok belgeyi g\u00f6r\u00fcyoruz. Tekrar sokaklarday\u0131z. K\u00fcba\u2019da el sanatlar\u0131 \u00e7ok geli\u015fmi\u015f. Abanoz a\u011fac\u0131ndan yap\u0131lm\u0131\u015f heykeller, renkli arabalar\u0131n ill\u00fcstrasyonlar\u0131 ve Che portreleri&#8230; K\u00fc\u00e7\u00fck d\u00fckkanlardan al\u0131nacak daha pek \u00e7ok \u015fey var. Purolar\u0131 s\u00f6ylememe gerek bile yok herhalde.<\/p>\n<p>Havana ba\u015fkent olmas\u0131na ra\u011fmen \u00e7ok sakin; ne trafik ne insan kalabal\u0131\u011f\u0131&#8230; Geni\u015f caddeler sadece okul \u00e7\u0131k\u0131\u015flar\u0131 ve ak\u015fam saatleri biraz hareketleniyor. \u00d6\u011frenciler beyaz g\u00f6mlekleri, taba rengi etek ve pantolonlar\u0131yla \u00e7ok \u015f\u0131k ve temizler.<\/p>\n<p>\u015eimdi hep iyi yerlerde dola\u015ft\u0131\u011f\u0131m\u0131z\u0131 d\u00fc\u015f\u00fcneceksiniz ama arka sokaklara da girdik. Evlerin bak\u0131ms\u0131zl\u0131\u011f\u0131 hemen g\u00f6ze \u00e7arp\u0131yor. Devrimden sonra devlet taraf\u0131ndan yerle\u015ftirilen insanlar fazla para kazanamad\u0131klar\u0131 i\u00e7in binalar y\u0131k\u0131k d\u00f6k\u00fck. Zamana direniyorlar.<\/p>\n<p>K\u00fcba\u2019da evsiz pek yok. Evlerin g\u00f6r\u00fcnt\u00fcs\u00fc de\u011fi\u015fse de g\u0131c\u0131r g\u0131c\u0131r bal rengi Pontiac araba dikkatimizi \u00e7ekiyor. Bizim ilgilendi\u011fimizi g\u00f6r\u00fcnce, i\u00e7eriden \u015fof\u00f6r\u00fc \u00e7\u0131k\u0131yor ve gururla bize motorunu g\u00f6sterip m\u00fczik sistemini sonuna kadar a\u00e7\u0131yor. K\u00fcbal\u0131 erkeklerin en de\u011ferli \u015feyi arabalar\u0131.<\/p>\n<p>\u00c7in Mahallesi\u2019ni de g\u00f6rd\u00fckten sonra do\u011fru G\u00fczel Sanatlar M\u00fczesi\u2019ne. National De Bellas Artes iki ayr\u0131 m\u00fcze. Arte Universal ve Arte Cubano mutlaka gezilmeli. O kadar \u00e7ok eser var ki uzun bir s\u00fcre d\u0131\u015far\u0131ya \u00e7\u0131kam\u0131yoruz. M\u00fczede her ziyaret\u00e7iye neredeyse iki g\u00fcvenlik g\u00f6revlisi d\u00fc\u015f\u00fcyor. S\u0131k\u0131ysa foto\u011fraf \u00e7ek. Olduk\u00e7a da so\u011fuk, donarak geziyoruz ama de\u011fiyor. Bu arada s\u00fcrrealist ressam Salvador Dali\u2019in e\u015fsiz ta\u015f bask\u0131 ve grav\u00fcr sergisi bize bonus oluyor.<\/p>\n<p><a title=\"K\u00fcba Vizesi\" href=\"http:\/\/www.wts.com.tr\/kuba-vizesi-konsoloslugu.htm\" target=\"_blank\" rel=\"noopener\"><img loading=\"lazy\" decoding=\"async\" class=\"alignnone size-full wp-image-197652\" src=\"http:\/\/www.nationalturk.com\/tr\/wp-content\/uploads\/2014\/10\/k\u00fcba-vizesi-ba\u015fvuru-formu.jpg\" alt=\"k\u00fcba-vizesi-ba\u015fvuru-formu\" width=\"610\" height=\"90\" title=\"\" srcset=\"https:\/\/www.nationalturk.com\/tr\/wp-content\/uploads\/2014\/10\/k\u00fcba-vizesi-ba\u015fvuru-formu.jpg 610w, https:\/\/www.nationalturk.com\/tr\/wp-content\/uploads\/2014\/10\/k\u00fcba-vizesi-ba\u015fvuru-formu-280x41.jpg 280w\" sizes=\"auto, (max-width: 610px) 100vw, 610px\" \/><\/a><\/p>\n<p><strong>Vinales\u2019in tek katl\u0131 \u015feker gibi evleri<\/strong><\/p>\n<p>Vinales, Havana\u2019dan 3.5 saatlik mesafede. Yollar bombo\u015f, g\u00f6z alabildi\u011fine ye\u015fillik ve yol boyunca palmiyeler, \u015feker kam\u0131\u015f\u0131 tarlalar\u0131 insan\u0131n ruhunu dinlendiriyor. Etrafta hi\u00e7 \u00e7\u00f6p ve Reklam tabelas\u0131 g\u00f6rm\u00fcyorsunuz. G\u00f6r\u00fcnt\u00fc kirli\u011fi diye bir \u015fey yok. Vadinin manzaras\u0131 b\u00fcy\u00fcleyici. Cem, \u00e7ift\u00e7i arkada\u015f\u0131 Lazaro Miranda\u2019n\u0131n \u00e7iftlik evine g\u00f6t\u00fcr\u00fcyor bizi. T\u00fct\u00fcn ekimi ve puro yap\u0131m\u0131 hakk\u0131nda bilgi al\u0131yoruz. Ge\u00e7ti\u011fimiz y\u0131l foto\u011fraf \u00e7ekimi i\u00e7in gitti\u011finde tan\u0131\u015fm\u0131\u015f. T\u00fct\u00fcn kurutma evleri kendi oturduklar\u0131 evlerden daha b\u00fcy\u00fck. T\u00fct\u00fcn yapraklar\u0131 \u00e7oktan fabrikaya verilmi\u015f. Yeni hasat \u00f6n\u00fcm\u00fczdeki \u015fubat ay\u0131ndaym\u0131\u015f.<\/p>\n<p>Tek katl\u0131 Vinales evlerinin hepsi ayr\u0131 ve canl\u0131 bir renkte. Pembe, mavi, sar\u0131, f\u0131st\u0131k ye\u015fili&#8230; Her evin \u00f6n\u00fcnde olmazsa olmaz sallanan iki sandalye var.<\/p>\n<p><a href=\"http:\/\/www.nationalturk.com\/tr\/wp-content\/uploads\/2014\/10\/Hotel-Ambos-Kuba-Cuba-K\u00fcba-turlar\u0131-k\u00fcba-vizesi-k\u00fcba-ernest-hemingway-oteli.jpg\"><img loading=\"lazy\" decoding=\"async\" class=\"alignnone size-full wp-image-197653\" src=\"http:\/\/www.nationalturk.com\/tr\/wp-content\/uploads\/2014\/10\/Hotel-Ambos-Kuba-Cuba-K\u00fcba-turlar\u0131-k\u00fcba-vizesi-k\u00fcba-ernest-hemingway-oteli.jpg\" alt=\"Hotel-Ambos-Kuba-Cuba-K\u00fcba-turlar\u0131-k\u00fcba-vizesi-k\u00fcba-ernest-hemingway-oteli\" width=\"600\" height=\"400\" title=\"\" srcset=\"https:\/\/www.nationalturk.com\/tr\/wp-content\/uploads\/2014\/10\/Hotel-Ambos-Kuba-Cuba-K\u00fcba-turlar\u0131-k\u00fcba-vizesi-k\u00fcba-ernest-hemingway-oteli.jpg 600w, https:\/\/www.nationalturk.com\/tr\/wp-content\/uploads\/2014\/10\/Hotel-Ambos-Kuba-Cuba-K\u00fcba-turlar\u0131-k\u00fcba-vizesi-k\u00fcba-ernest-hemingway-oteli-180x120.jpg 180w, https:\/\/www.nationalturk.com\/tr\/wp-content\/uploads\/2014\/10\/Hotel-Ambos-Kuba-Cuba-K\u00fcba-turlar\u0131-k\u00fcba-vizesi-k\u00fcba-ernest-hemingway-oteli-280x186.jpg 280w, https:\/\/www.nationalturk.com\/tr\/wp-content\/uploads\/2014\/10\/Hotel-Ambos-Kuba-Cuba-K\u00fcba-turlar\u0131-k\u00fcba-vizesi-k\u00fcba-ernest-hemingway-oteli-540x360.jpg 540w\" sizes=\"auto, (max-width: 600px) 100vw, 600px\" \/><\/a><\/p>\n<!-- Error, Advert is not available at this time due to schedule\/geolocation restrictions! -->\n<p><strong>Ernest Hemingway\u2019in izinde&#8230;<\/strong><\/p>\n<p>* Hemingway a\u011fz\u0131n\u0131n tad\u0131n\u0131 biliyormu\u015f do\u011frusu. Eski Havana\u2019da bulunan Floridita\u2019da Hemingway\u2019in daiquiri\u2019sinin yan\u0131nda k\u0131zarm\u0131\u015f muz veriyorlar, hem de s\u0131cak Latin ezgileri e\u015fli\u011finde. Canl\u0131 m\u00fczik her yerde var zaten. Hatta \u201c\u015furada bir soluklanay\u0131m\u201d diyorsunuz, an\u0131nda yan\u0131n\u0131zda k\u00fc\u00e7\u00fck bir m\u00fczik grubu beliriyor. 7-24 Latin m\u00fczi\u011fi ve caz var \u00fclkede.<\/p>\n<p><em>M\u00fczi\u011fin sesinin k\u0131s\u0131lmad\u0131\u011f\u0131, dans\u0131n son bulmad\u0131\u011f\u0131, ne\u015fenin ve hareketin pek kaybolmad\u0131\u011f\u0131 K\u00fcba\u2019da Cem Canbay ile Hemingway\u2019in izini s\u00fcrd\u00fck.<\/em><\/p>\n<p><em>Bob Marley hayran\u0131 bir bistaksici Havana sokaklar\u0131nda m\u00fc\u015fteri beklerken sonuna kadar a\u00e7t\u0131\u011f\u0131 radyosundan m\u00fczik yay\u0131n\u0131 yap\u0131yor.\u00a0<\/em><\/p>\n<p><em>Tarota merakl\u0131ysan\u0131z Katedral Meydan\u0131\u2019ndaki Adelaida\u2019y\u0131 bulun. <\/em><\/p>\n<p><a href=\"http:\/\/www.nationalturk.com\/tr\/wp-content\/uploads\/2014\/10\/k\u00fcba-yemek-k\u00fcba-mutfag\u0131-k\u00fcbada-ne-yenilir-k\u00fcba-yemekleri.jpg\"><img loading=\"lazy\" decoding=\"async\" class=\"alignnone size-full wp-image-197650\" src=\"http:\/\/www.nationalturk.com\/tr\/wp-content\/uploads\/2014\/10\/k\u00fcba-yemek-k\u00fcba-mutfag\u0131-k\u00fcbada-ne-yenilir-k\u00fcba-yemekleri.jpg\" alt=\"k\u00fcba-yemek-k\u00fcba-mutfag\u0131-k\u00fcbada-ne-yenilir-k\u00fcba-yemekleri\" width=\"610\" height=\"404\" title=\"\" srcset=\"https:\/\/www.nationalturk.com\/tr\/wp-content\/uploads\/2014\/10\/k\u00fcba-yemek-k\u00fcba-mutfag\u0131-k\u00fcbada-ne-yenilir-k\u00fcba-yemekleri.jpg 610w, https:\/\/www.nationalturk.com\/tr\/wp-content\/uploads\/2014\/10\/k\u00fcba-yemek-k\u00fcba-mutfag\u0131-k\u00fcbada-ne-yenilir-k\u00fcba-yemekleri-180x120.jpg 180w, https:\/\/www.nationalturk.com\/tr\/wp-content\/uploads\/2014\/10\/k\u00fcba-yemek-k\u00fcba-mutfag\u0131-k\u00fcbada-ne-yenilir-k\u00fcba-yemekleri-280x185.jpg 280w, https:\/\/www.nationalturk.com\/tr\/wp-content\/uploads\/2014\/10\/k\u00fcba-yemek-k\u00fcba-mutfag\u0131-k\u00fcbada-ne-yenilir-k\u00fcba-yemekleri-543x360.jpg 543w\" sizes=\"auto, (max-width: 610px) 100vw, 610px\" \/><\/a><\/p>\n<p><strong>Ne yedik, ne i\u00e7tik?<\/strong><\/p>\n<p>* K\u00fcba mutfa\u011f\u0131 pek zengin de\u011fil, her \u015fey gibi yiyecek \u00e7e\u015fidi de az. Ama siyah fasulyeli pilavlar\u0131 bizim i\u00e7li pilav gibi. Vieja Meydan\u0131 yak\u0131n\u0131ndaki La Imprenta\u2019da servis h\u0131zl\u0131, yemekler s\u00fcper. K\u00fcba\u2019da ananas, Mango, muz ve daha bir\u00e7ok tropik meyve \u00e7ok ucuz.<\/p>\n<p><a href=\"http:\/\/www.nationalturk.com\/tr\/wp-content\/uploads\/2014\/10\/k\u00fcba-m\u00fczik-cuba-music-sanatci-dans-salsa-cha-cha-cha.jpg\"><img loading=\"lazy\" decoding=\"async\" class=\"alignnone size-full wp-image-197647\" src=\"http:\/\/www.nationalturk.com\/tr\/wp-content\/uploads\/2014\/10\/k\u00fcba-m\u00fczik-cuba-music-sanatci-dans-salsa-cha-cha-cha.jpg\" alt=\"k\u00fcba-m\u00fczik-cuba-music-sanatci-dans-salsa-cha-cha-cha\" width=\"608\" height=\"401\" title=\"\" srcset=\"https:\/\/www.nationalturk.com\/tr\/wp-content\/uploads\/2014\/10\/k\u00fcba-m\u00fczik-cuba-music-sanatci-dans-salsa-cha-cha-cha.jpg 608w, https:\/\/www.nationalturk.com\/tr\/wp-content\/uploads\/2014\/10\/k\u00fcba-m\u00fczik-cuba-music-sanatci-dans-salsa-cha-cha-cha-180x120.jpg 180w, https:\/\/www.nationalturk.com\/tr\/wp-content\/uploads\/2014\/10\/k\u00fcba-m\u00fczik-cuba-music-sanatci-dans-salsa-cha-cha-cha-280x184.jpg 280w, https:\/\/www.nationalturk.com\/tr\/wp-content\/uploads\/2014\/10\/k\u00fcba-m\u00fczik-cuba-music-sanatci-dans-salsa-cha-cha-cha-545x360.jpg 545w\" sizes=\"auto, (max-width: 608px) 100vw, 608px\" \/><\/a><\/p>\n<p><strong>M\u00fczedeki sanat eserleri \u015femsiyelerin \u00fczerinde<\/strong><\/p>\n<p>Cienfiegos\u2019da sabah i\u015fine giden K\u00fcbal\u0131 bir kad\u0131n. Birbirinden renkli \u015femsiyelerin \u00fczerindeki resimler G\u00fczel Sanatlar M\u00fczesi\u2019ndeki eserlerden detay al\u0131narak yap\u0131lm\u0131\u015f. M\u00fczeyi gezdi\u011fimizde fark ettik.<\/p>\n<p>K\u00fcbal\u0131 \u00f6\u011frencilerin p\u0131r\u0131l p\u0131r\u0131l formalar\u0131 her \u015fehirde ayr\u0131 bir renk. Havana\u2019da taba rengi etek ve pantolonun \u00fcst\u00fcne beyaz g\u00f6mlek giyiliyor. K\u00fc\u00e7\u00fck \u00e7ocuklara kur\u015funkalem ve boya kalemi verdi\u011finizde \u00e7ok seviniyorlar. Boya tak\u0131m\u0131 verdi\u011fim minik, sevin\u00e7ten \u201cmamiii\u201d diye \u00e7\u0131\u011fl\u0131k att\u0131. Giderken yan\u0131n\u0131zda bol bol kalem ve defter g\u00f6t\u00fcrebilirsiniz.<\/p>\n<p><a title=\"K\u00fcba Vizesi\" href=\"http:\/\/www.wts.com.tr\/kuba-vizesi-konsoloslugu.htm\" target=\"_blank\" rel=\"noopener\"><img loading=\"lazy\" decoding=\"async\" class=\"alignnone size-full wp-image-197652\" src=\"http:\/\/www.nationalturk.com\/tr\/wp-content\/uploads\/2014\/10\/k\u00fcba-vizesi-ba\u015fvuru-formu.jpg\" alt=\"k\u00fcba-vizesi-ba\u015fvuru-formu\" width=\"610\" height=\"90\" title=\"\" srcset=\"https:\/\/www.nationalturk.com\/tr\/wp-content\/uploads\/2014\/10\/k\u00fcba-vizesi-ba\u015fvuru-formu.jpg 610w, https:\/\/www.nationalturk.com\/tr\/wp-content\/uploads\/2014\/10\/k\u00fcba-vizesi-ba\u015fvuru-formu-280x41.jpg 280w\" sizes=\"auto, (max-width: 610px) 100vw, 610px\" \/><\/a><\/p>\n<p><strong>Slogan: \u201cPanik yok, rom var\u201d<\/strong><\/p>\n<p>K\u00fcba\u2019n\u0131n sahil kabas\u0131 Trinidad\u2019a 20 dakika uzakl\u0131ktaki tatil k\u00f6y\u00fcne var\u0131r varmaz bembeyaz kumsal\u0131na yay\u0131l\u0131yoruz. Karayip Denizi \u00f6n\u00fcm\u00fczde.<br \/>\nVakit ge\u00e7irmeden suya atl\u0131yorum. Atlamamla d\u0131\u015far\u0131ya \u00e7\u0131kmam bir oluyor. Denize giren onca insan\u0131n aras\u0131ndan beni bulan g\u00f6remedi\u011fim bir bal\u0131k jilet gibi \u00e7izik at\u0131p yok oluyor saniyede. Karn\u0131mdaki 30 santimlik \u00e7izi\u011fin izi aradan bir hafta ge\u00e7mesine ra\u011fmen halen duruyor. Neydi acaba? Bilemedik. Bu sizi korkutmas\u0131n. Slogan \u201cPanik yok rom var\u201d. Ertesi gece ay\u0131\u015f\u0131\u011f\u0131nda \u00e7ar\u015faf gibi denizin g\u00fcm\u00fc\u015f rengine dayanamay\u0131p gece de girdik denize. Burada insanlar pek y\u00fczm\u00fcyor, su \u00e7ok s\u0131cak, ellerinde romlar\u0131 denizde \u00f6ylece durup sohbet ediyorlar.<br \/>\nTrinidad tarihi merkezi ve m\u00fczeleri, renkli evleri, Arnavut kald\u0131r\u0131m\u0131 sokaklar\u0131, ressam at\u00f6lyeleri, beyaz i\u015f \u00f6rt\u00fcleri ve hediyelik e\u015fyalar\u0131n sat\u0131ld\u0131\u011f\u0131 pazar\u0131yla \u00e7ok sevimli bir yer. Hava o kadar s\u0131cak ki&#8230;<\/p>\n<p><a href=\"http:\/\/www.nationalturk.com\/tr\/wp-content\/uploads\/2014\/10\/k\u00fcba-sokaklari-k\u00fcba-tatili-k\u00fcba-gezisi-k\u00fcba-turlar\u0131-k\u00fcba-seyahatleri-k\u00fcba-notlari-cuba-travel-car-araba-cars.jpg\"><img loading=\"lazy\" decoding=\"async\" class=\"alignnone size-full wp-image-197649\" src=\"http:\/\/www.nationalturk.com\/tr\/wp-content\/uploads\/2014\/10\/k\u00fcba-sokaklari-k\u00fcba-tatili-k\u00fcba-gezisi-k\u00fcba-turlar\u0131-k\u00fcba-seyahatleri-k\u00fcba-notlari-cuba-travel-car-araba-cars.jpg\" alt=\"k\u00fcba-sokaklari-k\u00fcba-tatili-k\u00fcba-gezisi-k\u00fcba-turlar\u0131-k\u00fcba-seyahatleri-k\u00fcba-notlari-cuba-travel-car-araba-cars\" width=\"610\" height=\"368\" title=\"\" srcset=\"https:\/\/www.nationalturk.com\/tr\/wp-content\/uploads\/2014\/10\/k\u00fcba-sokaklari-k\u00fcba-tatili-k\u00fcba-gezisi-k\u00fcba-turlar\u0131-k\u00fcba-seyahatleri-k\u00fcba-notlari-cuba-travel-car-araba-cars.jpg 610w, https:\/\/www.nationalturk.com\/tr\/wp-content\/uploads\/2014\/10\/k\u00fcba-sokaklari-k\u00fcba-tatili-k\u00fcba-gezisi-k\u00fcba-turlar\u0131-k\u00fcba-seyahatleri-k\u00fcba-notlari-cuba-travel-car-araba-cars-280x168.jpg 280w, https:\/\/www.nationalturk.com\/tr\/wp-content\/uploads\/2014\/10\/k\u00fcba-sokaklari-k\u00fcba-tatili-k\u00fcba-gezisi-k\u00fcba-turlar\u0131-k\u00fcba-seyahatleri-k\u00fcba-notlari-cuba-travel-car-araba-cars-596x360.jpg 596w\" sizes=\"auto, (max-width: 610px) 100vw, 610px\" \/><\/a><\/p>\n<!-- Error, Advert is not available at this time due to schedule\/geolocation restrictions! -->\nLa Canchanchara\u2019da ball\u0131 so\u011fuk romla serinlemek iyi geliyor.<\/p>\n<p>Trinidad gibi UNESCO taraf\u0131ndan d\u00fcnya miras\u0131 listesine al\u0131nan Cienfuegos\u2019tay\u0131z. \u0130spanyol, Frans\u0131z ve Arap mimarisinden olu\u015fan kremal\u0131 pasta gibi evleri, marinas\u0131, tekneleri ile adan\u0131n l\u00fcks semtindeyiz. Kordon boyunca bal\u0131k tutanlar\u0131n ve \u00fcnl\u00fc \u015fark\u0131c\u0131 m\u00fczisyen Benny More\u2019un bronz heykelinin yan\u0131ndan y\u00fcr\u00fcyerek Jose Marti Park\u0131\u2019na gidiyoruz. Meydanda Tomas Terry Tiyatrosu iki pesoya geziliyor.<\/p>\n<p><a href=\"http:\/\/www.nationalturk.com\/tr\/wp-content\/uploads\/2014\/10\/rom-k\u00fcba-icki-alkol-geleneksel-i\u00e7ki-k\u00fcba-i\u00e7kileri-k\u00fcba-romlari.jpg\"><img loading=\"lazy\" decoding=\"async\" class=\"alignnone size-full wp-image-197651\" src=\"http:\/\/www.nationalturk.com\/tr\/wp-content\/uploads\/2014\/10\/rom-k\u00fcba-icki-alkol-geleneksel-i\u00e7ki-k\u00fcba-i\u00e7kileri-k\u00fcba-romlari.jpg\" alt=\"rom-k\u00fcba-icki-alkol-geleneksel-i\u00e7ki-k\u00fcba-i\u00e7kileri-k\u00fcba-romlari\" width=\"609\" height=\"402\" title=\"\" srcset=\"https:\/\/www.nationalturk.com\/tr\/wp-content\/uploads\/2014\/10\/rom-k\u00fcba-icki-alkol-geleneksel-i\u00e7ki-k\u00fcba-i\u00e7kileri-k\u00fcba-romlari.jpg 609w, https:\/\/www.nationalturk.com\/tr\/wp-content\/uploads\/2014\/10\/rom-k\u00fcba-icki-alkol-geleneksel-i\u00e7ki-k\u00fcba-i\u00e7kileri-k\u00fcba-romlari-180x120.jpg 180w, https:\/\/www.nationalturk.com\/tr\/wp-content\/uploads\/2014\/10\/rom-k\u00fcba-icki-alkol-geleneksel-i\u00e7ki-k\u00fcba-i\u00e7kileri-k\u00fcba-romlari-280x184.jpg 280w, https:\/\/www.nationalturk.com\/tr\/wp-content\/uploads\/2014\/10\/rom-k\u00fcba-icki-alkol-geleneksel-i\u00e7ki-k\u00fcba-i\u00e7kileri-k\u00fcba-romlari-545x360.jpg 545w\" sizes=\"auto, (max-width: 609px) 100vw, 609px\" \/><\/a><\/p>\n<p><strong>Che\u2019nin mozolesi<\/strong><br \/>\nK\u00fcba\u2019ya veda etmeden son dura\u011f\u0131m\u0131z Santa Clara\u2019daki Ernesto Che Guevara\u2019n\u0131n an\u0131t mezar\u0131. Che\u2019nin hayat\u0131, devrimdeki rol\u00fc, foto\u011fraflar\u0131 ve kulland\u0131\u011f\u0131 e\u015fyalar\u0131, Zenith 3M foto\u011fraf makinesi, son g\u00fcne kadar yazd\u0131\u011f\u0131 g\u00fcnl\u00fc\u011f\u00fc Museo Historico de la Revolucion\u2019da. G\u00f6r\u00fcnce t\u00fcyleri \u00fcrperiyor insan\u0131n.<\/p>\n<p><a href=\"http:\/\/www.nationalturk.com\/tr\/wp-content\/uploads\/2014\/10\/k\u00fcba-tatili-k\u00fcba-gezisi-k\u00fcba-turlar\u0131-tur-k\u00fcba-k\u00fcba-tatil-k\u00fcba-devrimi-ernesto-che-guevara.jpg\"><img loading=\"lazy\" decoding=\"async\" class=\"alignnone size-full wp-image-197654\" src=\"http:\/\/www.nationalturk.com\/tr\/wp-content\/uploads\/2014\/10\/k\u00fcba-tatili-k\u00fcba-gezisi-k\u00fcba-turlar\u0131-tur-k\u00fcba-k\u00fcba-tatil-k\u00fcba-devrimi-ernesto-che-guevara.jpg\" alt=\"k\u00fcba-tatili-k\u00fcba-gezisi-k\u00fcba-turlar\u0131-tur-k\u00fcba-k\u00fcba-tatil-k\u00fcba-devrimi-ernesto-che-guevara\" width=\"531\" height=\"233\" title=\"\" srcset=\"https:\/\/www.nationalturk.com\/tr\/wp-content\/uploads\/2014\/10\/k\u00fcba-tatili-k\u00fcba-gezisi-k\u00fcba-turlar\u0131-tur-k\u00fcba-k\u00fcba-tatil-k\u00fcba-devrimi-ernesto-che-guevara.jpg 531w, https:\/\/www.nationalturk.com\/tr\/wp-content\/uploads\/2014\/10\/k\u00fcba-tatili-k\u00fcba-gezisi-k\u00fcba-turlar\u0131-tur-k\u00fcba-k\u00fcba-tatil-k\u00fcba-devrimi-ernesto-che-guevara-280x122.jpg 280w\" sizes=\"auto, (max-width: 531px) 100vw, 531px\" \/><\/a><br \/>\n<strong>Ayr\u0131 bir b\u00f6l\u00fcmde Che gibi Bolivya\u2019da hayat\u0131n\u0131 yitiren<\/strong><br \/>\n38 arkada\u015f\u0131n\u0131n portreleri r\u00f6lyef olarak canl\u0131ym\u0131\u015f gibi yap\u0131lm\u0131\u015f. Her g\u00fcn tazelenen k\u0131rm\u0131z\u0131 karanfiller konmu\u015f yanlar\u0131na. Bolivya\u2019da s\u0131\u011f\u0131nd\u0131klar\u0131 ma\u011faran\u0131n benzerini yapmak i\u00e7in i\u00e7erideki bitkileri bile Bolivya\u2019dan getirilmi\u015f. \u0130\u00e7eriyi Fidel Castro\u2019nun 1987\u2019de<br \/>\nChe\u2019nin \u00f6l\u00fcm\u00fcn\u00fcn 20\u2019nci y\u0131l\u0131nda yakm\u0131\u015f oldu\u011fu, hi\u00e7 s\u00f6nmeyen ate\u015fi ayd\u0131nlat\u0131yor. K\u00fcba\u2019y\u0131 ayd\u0131nlatt\u0131\u011f\u0131 gibi.<\/p>\n<!-- Error, Advert is not available at this time due to schedule\/geolocation restrictions! -->\n","protected":false},"excerpt":{"rendered":"<p>\u015eehirlerde g\u00f6z kama\u015ft\u0131ran bir mimari&#8230; S\u00fcrprizlerle dolu meydanlar&#8230;<\/p>\n","protected":false},"author":1119,"featured_media":197648,"comment_status":"open","ping_status":"open","sticky":false,"template":"","format":"standard","meta":{"_acf_changed":false,"footnotes":""},"categories":[6771,5005,1,6671,339],"tags":[88624,8038,48319,53130,156054,153978,931,156,14,927,175724,160,161,1651,126445,175728,170535],"class_list":["post-197644","post","type-post","status-publish","format-standard","has-post-thumbnail","hentry","category-latin-amerika","category-manset","category-nationalturk","category-seyahat","category-turizm","tag-anit-mezar","tag-bolivya","tag-che-guevara","tag-devrim","tag-devrim-muzesi","tag-ernest-hemingway","tag-fidel-castro","tag-havana","tag-kuba","tag-kuba-devrimi","tag-kuba-hakkinda","tag-kuba-havana","tag-kuba-purosu","tag-kuba-tatili","tag-kuba-turist","tag-otel-national","tag-rom"],"acf":[],"_links":{"self":[{"href":"https:\/\/www.nationalturk.com\/tr\/wp-json\/wp\/v2\/posts\/197644","targetHints":{"allow":["GET"]}}],"collection":[{"href":"https:\/\/www.nationalturk.com\/tr\/wp-json\/wp\/v2\/posts"}],"about":[{"href":"https:\/\/www.nationalturk.com\/tr\/wp-json\/wp\/v2\/types\/post"}],"author":[{"embeddable":true,"href":"https:\/\/www.nationalturk.com\/tr\/wp-json\/wp\/v2\/users\/1119"}],"replies":[{"embeddable":true,"href":"https:\/\/www.nationalturk.com\/tr\/wp-json\/wp\/v2\/comments?post=197644"}],"version-history":[{"count":0,"href":"https:\/\/www.nationalturk.com\/tr\/wp-json\/wp\/v2\/posts\/197644\/revisions"}],"wp:featuredmedia":[{"embeddable":true,"href":"https:\/\/www.nationalturk.com\/tr\/wp-json\/wp\/v2\/media\/197648"}],"wp:attachment":[{"href":"https:\/\/www.nationalturk.com\/tr\/wp-json\/wp\/v2\/media?parent=197644"}],"wp:term":[{"taxonomy":"category","embeddable":true,"href":"https:\/\/www.nationalturk.com\/tr\/wp-json\/wp\/v2\/categories?post=197644"},{"taxonomy":"post_tag","embeddable":true,"href":"https:\/\/www.nationalturk.com\/tr\/wp-json\/wp\/v2\/tags?post=197644"}],"curies":[{"name":"wp","href":"https:\/\/api.w.org\/{rel}","templated":true}]}}