{"id":197871,"date":"2014-10-23T00:36:10","date_gmt":"2014-10-22T21:36:10","guid":{"rendered":"http:\/\/www.nationalturk.com\/?p=197871"},"modified":"2014-10-23T00:39:35","modified_gmt":"2014-10-22T21:39:35","slug":"arda-turandan-muthis-mac-atletico-madrid-5-0-malmo-197871","status":"publish","type":"post","link":"https:\/\/www.nationalturk.com\/tr\/arda-turandan-muthis-mac-atletico-madrid-5-0-malmo-197871\/","title":{"rendered":"Arda Turan&#8217;dan m\u00fcthi\u015f ma\u00e7! Atletico Madrid 5 &#8211; 0 Malm\u00f6"},"content":{"rendered":"<h1 class=\"excerpt\"><a href=\"http:\/\/www.nationalturk.com\/tr\/wp-content\/uploads\/2014\/10\/arda-turan-atletico-madrid5-0-malm\u00f6-samp\u0131yonlar-ligi.jpg\"><img loading=\"lazy\" decoding=\"async\" class=\"alignnone size-full wp-image-197876\" src=\"http:\/\/www.nationalturk.com\/tr\/wp-content\/uploads\/2014\/10\/arda-turan-atletico-madrid5-0-malm\u00f6-samp\u0131yonlar-ligi.jpg\" alt=\"arda-turan-atletico-madrid5-0-malm\u00f6-samp\u0131yonlar-ligi\" width=\"610\" height=\"342\" title=\"\" srcset=\"https:\/\/www.nationalturk.com\/tr\/wp-content\/uploads\/2014\/10\/arda-turan-atletico-madrid5-0-malm\u00f6-samp\u0131yonlar-ligi.jpg 610w, https:\/\/www.nationalturk.com\/tr\/wp-content\/uploads\/2014\/10\/arda-turan-atletico-madrid5-0-malm\u00f6-samp\u0131yonlar-ligi-280x156.jpg 280w\" sizes=\"auto, (max-width: 610px) 100vw, 610px\" \/><\/a><\/h1>\n<h1 class=\"excerpt\">\u0130spanyol ekibi, Malm\u00f6\u2019y\u00fc ikinci yar\u0131da att\u0131\u011f\u0131 5 golle devirirken, ilk gol\u00fcn asisti Milli futbolcumuzdan geldi.<\/h1>\n<p>NTVSPOR&#8217;un haberine g\u00f6re;<\/p>\n<p>\u015eampiyonlar Ligi A Grubu\u2019nda ge\u00e7en y\u0131l\u0131n finalisti Atletico Madrid, Malm\u00f6\u2019y\u00fc ikinci yar\u0131da buldu\u011fu gollerle 5-0 yendi.<\/p>\n<p>Kar\u015f\u0131la\u015fmada ilk 11\u2019de ba\u015flayan Arda Turan ilk gol\u00fcn asistini yapt\u0131. \u0130lk gol\u00fc atan Koke ise ayr\u0131ca \u00fc\u00e7 de asiste imzas\u0131n\u0131 att\u0131.<br \/>\n48. dakikada Arda Turan\u2019\u0131n ceza sahas\u0131 i\u00e7erisinde iki ki\u015finin aras\u0131ndan nefis pas\u0131n\u0131 Koke filelere g\u00f6nderdi.<\/p>\n<p>61\u2019de ilk gol\u00fcn sahibi Koke\u2019nin sa\u011fdan yerden ortas\u0131nda Mandzuki\u00e7 durumu 2-0 yapt\u0131.<\/p>\n<p>63\u2019te yine Koke\u2019nin pas\u0131nda topla bulu\u015fan Griezmann\u2019\u0131n sert \u015futu Malm\u00f6 kalecisi Olsen\u2019in m\u00fcdahalesine ra\u011fmen a\u011flarla bulu\u015ftu.<\/p>\n<p>68&#8217;de Arda Turan yerini Raul Garcia&#8217;ya b\u0131rakt\u0131.<\/p>\n<p>87\u2019de kornerini Godin\u2019in a\u011flara g\u00f6nderdi\u011fi Koke \u00fc\u00e7\u00fcnc\u00fc asistini yapt\u0131.<\/p>\n<p>77\u2019de Mandzuki\u00e7\u2019in yerine oyuna giren Cerci, +91\u2019de savunmadan d\u00f6nen vuru\u015funu ikincisinde filelere g\u00f6nderdi.<\/p>\n<p>Bu sonu\u00e7la Atletico Madrid 6 puanla liderlik koltu\u011funda yer ald\u0131. Malm\u00f6 ise 3 puanla son s\u0131rada kald\u0131.<\/p>\n<!-- Error, Advert is not available at this time due to schedule\/geolocation restrictions! -->\n","protected":false},"excerpt":{"rendered":"<p>\u0130spanyol ekibi, Malm\u00f6\u2019y\u00fc ikinci yar\u0131da att\u0131\u011f\u0131 5 golle devirirken, ilk gol\u00fcn asisti Milli futbolcumuzdan geldi.<\/p>\n","protected":false},"author":1119,"featured_media":197876,"comment_status":"open","ping_status":"open","sticky":false,"template":"","format":"standard","meta":{"_acf_changed":false,"footnotes":""},"categories":[6774,5005,6194],"tags":[6335,7932,56879,175979,175976,164148,828],"class_list":["post-197871","post","type-post","status-publish","format-standard","has-post-thumbnail","hentry","category-futbol","category-manset","category-spor","tag-arda-turan","tag-atletico-madrid","tag-diego-simeone","tag-griezmann","tag-malmo","tag-mandzukic","tag-sampiyonlar-ligi"],"acf":[],"_links":{"self":[{"href":"https:\/\/www.nationalturk.com\/tr\/wp-json\/wp\/v2\/posts\/197871","targetHints":{"allow":["GET"]}}],"collection":[{"href":"https:\/\/www.nationalturk.com\/tr\/wp-json\/wp\/v2\/posts"}],"about":[{"href":"https:\/\/www.nationalturk.com\/tr\/wp-json\/wp\/v2\/types\/post"}],"author":[{"embeddable":true,"href":"https:\/\/www.nationalturk.com\/tr\/wp-json\/wp\/v2\/users\/1119"}],"replies":[{"embeddable":true,"href":"https:\/\/www.nationalturk.com\/tr\/wp-json\/wp\/v2\/comments?post=197871"}],"version-history":[{"count":0,"href":"https:\/\/www.nationalturk.com\/tr\/wp-json\/wp\/v2\/posts\/197871\/revisions"}],"wp:featuredmedia":[{"embeddable":true,"href":"https:\/\/www.nationalturk.com\/tr\/wp-json\/wp\/v2\/media\/197876"}],"wp:attachment":[{"href":"https:\/\/www.nationalturk.com\/tr\/wp-json\/wp\/v2\/media?parent=197871"}],"wp:term":[{"taxonomy":"category","embeddable":true,"href":"https:\/\/www.nationalturk.com\/tr\/wp-json\/wp\/v2\/categories?post=197871"},{"taxonomy":"post_tag","embeddable":true,"href":"https:\/\/www.nationalturk.com\/tr\/wp-json\/wp\/v2\/tags?post=197871"}],"curies":[{"name":"wp","href":"https:\/\/api.w.org\/{rel}","templated":true}]}}