{"id":197917,"date":"2014-10-23T12:42:25","date_gmt":"2014-10-23T09:42:25","guid":{"rendered":"http:\/\/www.nationalturk.com\/?p=197917"},"modified":"2014-10-23T13:01:06","modified_gmt":"2014-10-23T10:01:06","slug":"van-depremlerinin-faturasi-6-milyar-lira-197917","status":"publish","type":"post","link":"https:\/\/www.nationalturk.com\/tr\/van-depremlerinin-faturasi-6-milyar-lira-197917\/","title":{"rendered":"Van depremlerinin faturas\u0131 6 milyar lira"},"content":{"rendered":"<h1><a href=\"http:\/\/www.nationalturk.com\/tr\/wp-content\/uploads\/2014\/10\/van-depremi-maliyeti-6-milyar-dolar.jpg\"><img loading=\"lazy\" decoding=\"async\" class=\"alignnone size-full wp-image-197923\" src=\"http:\/\/www.nationalturk.com\/tr\/wp-content\/uploads\/2014\/10\/van-depremi-maliyeti-6-milyar-dolar.jpg\" alt=\"van-depremi-maliyeti-6-milyar-dolar\" width=\"608\" height=\"409\" title=\"\" srcset=\"https:\/\/www.nationalturk.com\/tr\/wp-content\/uploads\/2014\/10\/van-depremi-maliyeti-6-milyar-dolar.jpg 608w, https:\/\/www.nationalturk.com\/tr\/wp-content\/uploads\/2014\/10\/van-depremi-maliyeti-6-milyar-dolar-180x120.jpg 180w, https:\/\/www.nationalturk.com\/tr\/wp-content\/uploads\/2014\/10\/van-depremi-maliyeti-6-milyar-dolar-280x188.jpg 280w, https:\/\/www.nationalturk.com\/tr\/wp-content\/uploads\/2014\/10\/van-depremi-maliyeti-6-milyar-dolar-535x360.jpg 535w\" sizes=\"auto, (max-width: 608px) 100vw, 608px\" \/><\/a><\/h1>\n<h1>AFAD koordinasyonunda, 23 Ekim ve 9 Kas\u0131m 2011&#8217;de iki b\u00fcy\u00fck depremin ya\u015fand\u0131\u011f\u0131 Van&#8217;\u0131n yeniden in\u015fas\u0131 i\u00e7in \u015fimdiye kadar 6 milyar lira harcand\u0131.<\/h1>\n<p>Ba\u015fbakanl\u0131k Afet ve Acil Durum Y\u00f6netimi Ba\u015fkanl\u0131\u011f\u0131n\u0131n (AFAD) koordinasyonunda,\u00a023 Ekim ve 9 Kas\u0131m 2011&#8217;de iki b\u00fcy\u00fck depremin ya\u015fand\u0131\u011f\u0131 Van&#8217;\u0131n yeniden in\u015fas\u0131 i\u00e7in \u015fimdiye kadar 6 milyar lira harcand\u0131.<\/p>\n<p>AA muhabirinin AFAD yetkililerinden ald\u0131\u011f\u0131 bilgiye g\u00f6re, il merkezi ve il\u00e7elerde \u00e7ok kuvvetli hissedilen Van depremlerinde, 644 ki\u015fi hayat\u0131n\u0131 kaybederken, bin\u00a0966 ki\u015fi yaraland\u0131.<\/p>\n<p>Arama kurtarma ekipleri ise 252 vatanda\u015f\u0131 enkazdan sa\u011f \u00e7\u0131kard\u0131.<\/p>\n<p><strong>37 atom bombas\u0131na denk enerji a\u00e7\u0131\u011f\u0131<\/strong><\/p>\n<p>Depremlerden sonraki bir y\u0131l boyunca\u00a0her g\u00fcn ortalama 180 olmak \u00fczere toplam 11 bin art\u00e7\u0131 deprem meydana geldi. Van depremleri, art\u00e7\u0131 depremleriyle\u00a037 atom bombas\u0131na denk enerji a\u00e7\u0131\u011fa \u00e7\u0131kard\u0131.<\/p>\n<p>Van depremlerinde\u00a0T\u00fcrkiye, AFAD koordinasyonunda\u00a0kurum ve kurulu\u015flar\u0131, STK&#8217;lar\u0131, \u00f6zel sekt\u00f6r\u00fc, \u00fcniversiteleri ve halk\u0131yla ba\u015far\u0131l\u0131 s\u0131nav verdi.<\/p>\n<p>AFAD,\u00a0B\u00fct\u00fcnle\u015fik Afet Y\u00f6netim Sistemi&#8217;nin iyile\u015ftirme\u00a0safhas\u0131 dahilinde kurup y\u00f6netti\u011fi 35 konteynerkentte, 175 bin afetzedeyi\u00a0t\u00fcm ihtiya\u00e7lar\u0131n\u0131 kar\u015f\u0131layarak misafir etti.<\/p>\n<p>Hak sahibi 17 bin 489 aile, kal\u0131c\u0131\u00a0AFAD Ya\u015fam Konutlar\u0131&#8217;na ta\u015f\u0131nd\u0131. AFAD taraf\u0131ndan\u00a011 bin 953 aileye\u00a0evlerini yapmalar\u0131 i\u00e7in nakdi yard\u0131m verildi.<\/p>\n<p>Kente 47 kilometre uzaktaki\u00a0\u015eamran kayna\u011f\u0131ndan t\u00fcm Van&#8217;\u0131n ve kal\u0131c\u0131 AFAD Ya\u015fam Konutlar\u0131&#8217;n\u0131n su ihtiyac\u0131 kar\u015f\u0131land\u0131.<\/p>\n<p>\u0130lkokul, ortaokul, lise, sa\u011fl\u0131k oca\u011f\u0131, cami, k\u00f6y kona\u011f\u0131 gibi b\u00f6lgenin ihtiyac\u0131na y\u00f6nelik\u00a0309 b\u00fcy\u00fck sosyal donat\u0131\u00a0da Van halk\u0131n\u0131n hizmetine sunuldu.<\/p>\n<p>Van, AFAD&#8217;\u0131n koordinasyonunda, 6 milyar liral\u0131k yat\u0131r\u0131mla yeniden in\u015fa edildi.<\/p>\n<p><strong>Afetin s\u0131f\u0131r\u0131nc\u0131 dakikas\u0131na haz\u0131rl\u0131k<\/strong><\/p>\n<p>Toplam 4 bin 448 arama kurtarma personelinin g\u00f6rev ald\u0131\u011f\u0131 Van&#8217;daki depremlerde, m\u00fcdahale \u00e7al\u0131\u015fmalar\u0131 20&#8217;nci dakikada ba\u015flam\u0131\u015ft\u0131.<\/p>\n<p>AFAD, afeti \u00f6nleme ve zararlar\u0131n\u0131 azaltmaya y\u00f6nelik \u00e7al\u0131\u015fmalar\u0131yla bu s\u00fcreyi &#8220;ilk ana&#8221; \u00e7ekmeyi hedefliyor. Bu \u00e7er\u00e7evede hem ulusal hem yerel d\u00fczeyde\u00a0afete m\u00fcdahalenin t\u00fcm a\u015famalar\u0131n\u0131n ele al\u0131nd\u0131\u011f\u0131 T\u00fcrkiye Afet M\u00fcdahale Plan\u0131 (TAMP) hayata ge\u00e7iriliyor.<\/p>\n<p>B\u00f6ylece\u00a0afetin s\u0131f\u0131r\u0131nc\u0131 dakikas\u0131nda, d\u00fc\u011fmeye basmaya dahi gerek kalmaks\u0131z\u0131n\u00a0ilgili t\u00fcm kurum ve kurulu\u015flar harekete ge\u00e7ecek.<\/p>\n<p>\u00d6te yandan,\u00a0T\u00fcrkiye&#8217;nin 15 b\u00f6lgesinde kurulan 27 dev afet lojistik merkeziyle de 12 dakikada\u00a0ara\u00e7lara y\u00fcklenen acil yard\u0131m malzemeleri, 3 saatte afet alan\u0131na ula\u015ft\u0131r\u0131labiliyor.<\/p>\n<p><strong>Afetlere diren\u00e7li toplum<\/strong><\/p>\n<p>AFAD, afetlere haz\u0131rl\u0131k k\u00fclt\u00fcr\u00fc ve do\u011fru davran\u0131\u015f \u015fekillerinin toplumda yerle\u015fmesi i\u00e7in de e\u011fitim ve bilin\u00e7lendirme projesi &#8220;Afete Haz\u0131r T\u00fcrkiye&#8221;yi ba\u015flatt\u0131.<\/p>\n<p>Bu y\u0131l ocakta &#8220;Afete Haz\u0131r Aile&#8221; ile ba\u015flayan projede, \u015fimdiye kadar 1 milyon ki\u015fi 1 saatlik fark\u0131ndal\u0131k ve 4 saatlik bilgi-beceri e\u011fitimi ald\u0131.<\/p>\n<p>&#8220;Afete Haz\u0131r Okul&#8221; a\u015famas\u0131nda bulunan proje, &#8220;Afete Haz\u0131r \u0130\u015fyeri&#8221; ve &#8220;Afete Haz\u0131r Gen\u00e7ler&#8221; kampanyalar\u0131yla devam edecek.<\/p>\n<p>D\u00f6rt basamaktan\u00a0olu\u015fan projenin her bir kampanyas\u0131, kendinden sonra geleni tamamlayarak, onunla birlikte ilerliyor.<\/p>\n<p>Kampanyalar\u0131n t\u00fcm\u00fcn\u00fcn devreye al\u0131nmas\u0131yla AFAD g\u00f6n\u00fcll\u00fcl\u00fck sistemi de kurularak, afetlere haz\u0131rl\u0131kta vatanda\u015flar\u0131n tam kat\u0131l\u0131m\u0131 sa\u011flanacak.<\/p>\n<!-- Error, Advert is not available at this time due to schedule\/geolocation restrictions! -->\n","protected":false},"excerpt":{"rendered":"<p>AFAD koordinasyonunda, 23 Ekim ve 9 Kas\u0131m 2011&#8217;de iki b\u00fcy\u00fck depremin ya\u015fand\u0131\u011f\u0131 Van&#8217;\u0131n yeniden in\u015fas\u0131 i\u00e7in \u015fimdiye kadar 6 milyar lira harcand\u0131.<\/p>\n","protected":false},"author":1119,"featured_media":197923,"comment_status":"open","ping_status":"open","sticky":false,"template":"","format":"standard","meta":{"_acf_changed":false,"footnotes":""},"categories":[6155],"tags":[70456,96964,14320,195946,176024,176031,48660,64697],"class_list":["post-197917","post","type-post","status-publish","format-standard","has-post-thumbnail","hentry","category-gundem","tag-afad","tag-atom-bombasi","tag-deprem","tag-ekonomi","tag-maliyet","tag-stk","tag-universite","tag-van-depremi"],"acf":[],"_links":{"self":[{"href":"https:\/\/www.nationalturk.com\/tr\/wp-json\/wp\/v2\/posts\/197917","targetHints":{"allow":["GET"]}}],"collection":[{"href":"https:\/\/www.nationalturk.com\/tr\/wp-json\/wp\/v2\/posts"}],"about":[{"href":"https:\/\/www.nationalturk.com\/tr\/wp-json\/wp\/v2\/types\/post"}],"author":[{"embeddable":true,"href":"https:\/\/www.nationalturk.com\/tr\/wp-json\/wp\/v2\/users\/1119"}],"replies":[{"embeddable":true,"href":"https:\/\/www.nationalturk.com\/tr\/wp-json\/wp\/v2\/comments?post=197917"}],"version-history":[{"count":0,"href":"https:\/\/www.nationalturk.com\/tr\/wp-json\/wp\/v2\/posts\/197917\/revisions"}],"wp:featuredmedia":[{"embeddable":true,"href":"https:\/\/www.nationalturk.com\/tr\/wp-json\/wp\/v2\/media\/197923"}],"wp:attachment":[{"href":"https:\/\/www.nationalturk.com\/tr\/wp-json\/wp\/v2\/media?parent=197917"}],"wp:term":[{"taxonomy":"category","embeddable":true,"href":"https:\/\/www.nationalturk.com\/tr\/wp-json\/wp\/v2\/categories?post=197917"},{"taxonomy":"post_tag","embeddable":true,"href":"https:\/\/www.nationalturk.com\/tr\/wp-json\/wp\/v2\/tags?post=197917"}],"curies":[{"name":"wp","href":"https:\/\/api.w.org\/{rel}","templated":true}]}}