{"id":198037,"date":"2014-10-24T13:04:05","date_gmt":"2014-10-24T10:04:05","guid":{"rendered":"http:\/\/www.nationalturk.com\/?p=198037"},"modified":"2014-10-24T13:04:05","modified_gmt":"2014-10-24T10:04:05","slug":"chpli-mahmut-tanaldan-17-aralik-kararina-itiraz-198037","status":"publish","type":"post","link":"https:\/\/www.nationalturk.com\/tr\/chpli-mahmut-tanaldan-17-aralik-kararina-itiraz-198037\/","title":{"rendered":"CHP&#8217;li Mahmut Tanal&#8217;dan 17 Aral\u0131k karar\u0131na itiraz"},"content":{"rendered":"<p><img loading=\"lazy\" decoding=\"async\" class=\"alignleft size-medium wp-image-198038\" src=\"http:\/\/www.nationalturk.com\/tr\/wp-content\/uploads\/2014\/10\/mahmut_tanal_792422-280x157.jpg\" alt=\"Mahmut Tanal\" width=\"280\" height=\"157\" title=\"\" srcset=\"https:\/\/www.nationalturk.com\/tr\/wp-content\/uploads\/2014\/10\/mahmut_tanal_792422-280x157.jpg 280w, https:\/\/www.nationalturk.com\/tr\/wp-content\/uploads\/2014\/10\/mahmut_tanal_792422.jpg 480w\" sizes=\"auto, (max-width: 280px) 100vw, 280px\" \/><\/p>\n<h1>CHP \u0130stanbul Milletvekili Mahmut Tanal, \u0130stanbul merkezli 17 Aral\u0131k soru\u015fturmas\u0131 kapsam\u0131nda, i\u015f adam\u0131 R\u0131za Sarraf ile Bar\u0131\u015f G\u00fcler ve Salih Kaan \u00c7a\u011flayan&#8217;\u0131n da aras\u0131nda bulundu\u011fu 53 ki\u015fi hakk\u0131nda verilen takipsizlik karar\u0131na itiraz etti.<\/h1>\n<p>Mahmut Tanal, itiraz dilek\u00e7esini, karar\u0131 veren \u0130stanbul Cumhuriyet Ba\u015fsavc\u0131l\u0131\u011f\u0131na iletilmek \u00fczere Ankara Cumhuriyet Ba\u015fsavc\u0131l\u0131\u011f\u0131na verdi.<\/p>\n<p>&#8220;Su\u00e7 i\u015flemek i\u00e7in \u00f6rg\u00fct kurmak, \u00f6rg\u00fcte \u00fcye olmak ve y\u00f6netmek, su\u00e7 \u00f6rg\u00fct\u00fcn\u00fcn ama\u00e7lar\u0131 do\u011frultusunda faaliyette bulunmak, su\u00e7tan elde edilmi\u015f mal varl\u0131\u011f\u0131n\u0131 aklamak, sahte belge d\u00fczenlemek, r\u00fc\u015fvet vermek, ka\u00e7ak\u00e7\u0131l\u0131k, fuhu\u015f i\u00e7in kad\u0131n temin etmek&#8221; su\u00e7lamalar\u0131yla y\u00fcr\u00fct\u00fclen soru\u015fturmada, &#8220;Usul\u00fcne uygun delil toplanmad\u0131\u011f\u0131, su\u00e7un unsurlar\u0131n\u0131n olu\u015fmad\u0131\u011f\u0131 ve herhangi bir \u00f6rg\u00fcte rastlanmad\u0131\u011f\u0131&#8221; gerek\u00e7esiyle kovu\u015fturmaya yer olmad\u0131\u011f\u0131na karar verildi\u011fi belirtilen dilek\u00e7ede, \u015fu de\u011ferlendirmelerde bulunuldu:<\/p>\n<p>&#8220;Eksik inceleme yap\u0131larak, gerekli bilgi ve belgeler istenmeden, tan\u0131klar\u0131n ifadeleri al\u0131nmadan, bilirki\u015fi incelemesi yap\u0131lmadan, hukuki nitelendirmede yan\u0131larak, soyut gerek\u00e7elerle karar verilmesi usul ve yasaya ayk\u0131r\u0131l\u0131k te\u015fkil etmektedir. Yine 2012\/120653 say\u0131l\u0131 soru\u015fturma, devletin menfaatini de a\u00e7\u0131k\u00e7a ilgilendirmektedir. Fakat devletin menfaatini yak\u0131ndan ilgilendiren bu soru\u015fturma kapsam\u0131nda Hazine&#8217;ye veya ba\u015fka herhangi bir devlet kurumuna ihbarda bulunulmam\u0131\u015ft\u0131r. Bu anlamda da etkin soru\u015fturma y\u00fcr\u00fct\u00fclememi\u015ftir.&#8221;<\/p>\n<p>&#8220;Yeterli delil bulunmad\u0131\u011f\u0131ndan bahisle takipsizlik karar\u0131 verilmesinin kamu vicdan\u0131n\u0131 yaralad\u0131\u011f\u0131&#8221; ifade edilen dilek\u00e7ede, bu gerek\u00e7elerle takipsizlik karar\u0131n\u0131n kald\u0131r\u0131lmas\u0131 ve \u015f\u00fcpheliler hakk\u0131nda dava a\u00e7\u0131lmas\u0131 istendi.<\/p>\n<!-- Error, Advert is not available at this time due to schedule\/geolocation restrictions! -->\n","protected":false},"excerpt":{"rendered":"<p>CHP \u0130stanbul Milletvekili Mahmut Tanal, \u0130stanbul merkezli 17 Aral\u0131k soru\u015fturmas\u0131 kapsam\u0131nda, i\u015f adam\u0131 R\u0131za Sarraf ile Bar\u0131\u015f G\u00fcler ve Salih Kaan \u00c7a\u011flayan&#8217;\u0131n da aras\u0131nda bulundu\u011fu 53 ki\u015fi hakk\u0131nda verilen takipsizlik karar\u0131na itiraz etti.<\/p>\n","protected":false},"author":4,"featured_media":198040,"comment_status":"open","ping_status":"open","sticky":false,"template":"","format":"standard","meta":{"_acf_changed":false,"footnotes":""},"categories":[6155,5005,6202,6805],"tags":[152626,152628,175531,8723,57136,149149],"class_list":["post-198037","post","type-post","status-publish","format-standard","has-post-thumbnail","hentry","category-gundem","category-manset","category-politika","category-turkiye","tag-17-aralik","tag-17-aralik-sorusturmasi","tag-17-aralik-takipsizlik","tag-chp","tag-mahmut-tanal","tag-riza-sarraf"],"acf":[],"_links":{"self":[{"href":"https:\/\/www.nationalturk.com\/tr\/wp-json\/wp\/v2\/posts\/198037","targetHints":{"allow":["GET"]}}],"collection":[{"href":"https:\/\/www.nationalturk.com\/tr\/wp-json\/wp\/v2\/posts"}],"about":[{"href":"https:\/\/www.nationalturk.com\/tr\/wp-json\/wp\/v2\/types\/post"}],"author":[{"embeddable":true,"href":"https:\/\/www.nationalturk.com\/tr\/wp-json\/wp\/v2\/users\/4"}],"replies":[{"embeddable":true,"href":"https:\/\/www.nationalturk.com\/tr\/wp-json\/wp\/v2\/comments?post=198037"}],"version-history":[{"count":0,"href":"https:\/\/www.nationalturk.com\/tr\/wp-json\/wp\/v2\/posts\/198037\/revisions"}],"wp:featuredmedia":[{"embeddable":true,"href":"https:\/\/www.nationalturk.com\/tr\/wp-json\/wp\/v2\/media\/198040"}],"wp:attachment":[{"href":"https:\/\/www.nationalturk.com\/tr\/wp-json\/wp\/v2\/media?parent=198037"}],"wp:term":[{"taxonomy":"category","embeddable":true,"href":"https:\/\/www.nationalturk.com\/tr\/wp-json\/wp\/v2\/categories?post=198037"},{"taxonomy":"post_tag","embeddable":true,"href":"https:\/\/www.nationalturk.com\/tr\/wp-json\/wp\/v2\/tags?post=198037"}],"curies":[{"name":"wp","href":"https:\/\/api.w.org\/{rel}","templated":true}]}}