{"id":198138,"date":"2014-10-25T13:34:56","date_gmt":"2014-10-25T10:34:56","guid":{"rendered":"http:\/\/www.nationalturk.com\/?p=198138"},"modified":"2026-04-26T13:01:35","modified_gmt":"2026-04-26T10:01:35","slug":"tunceliye-giris-cikislar-yasaklandi-198138","status":"publish","type":"post","link":"https:\/\/www.nationalturk.com\/tr\/tunceliye-giris-cikislar-yasaklandi-198138\/","title":{"rendered":"Tunceli&#8217;ye giri\u015f \u00e7\u0131k\u0131\u015flar yasakland\u0131"},"content":{"rendered":"<h1><img loading=\"lazy\" decoding=\"async\" class=\"alignleft size-medium wp-image-198139\" src=\"http:\/\/www.nationalturk.com\/tr\/wp-content\/uploads\/2014\/10\/flash-haber10-245x220.jpg\" alt=\"\" width=\"245\" height=\"220\" title=\"\" srcset=\"https:\/\/www.nationalturk.com\/tr\/wp-content\/uploads\/2014\/10\/flash-haber10-245x220.jpg 245w, https:\/\/www.nationalturk.com\/tr\/wp-content\/uploads\/2014\/10\/flash-haber10-401x360.jpg 401w, https:\/\/www.nationalturk.com\/tr\/wp-content\/uploads\/2014\/10\/flash-haber10.jpg 900w\" sizes=\"auto, (max-width: 245px) 100vw, 245px\" \/><\/h1>\n<h1>Tunceli P\u00fcl\u00fcm\u00fcr Vadisi&#8217;nde ter\u00f6ristlerin yapt\u0131\u011f\u0131 PKK Mezarl\u0131\u011f\u0131&#8217;n\u0131n bug\u00fcn a\u00e7\u0131laca\u011f\u0131 y\u00f6n\u00fcndeki\u00a0a\u00e7\u0131klamalar\u00a0\u00fczerine Tunceli Valili\u011fi ikinci bir emre kadar \u015fehre giri\u015f ve \u00e7\u0131k\u0131\u015flar\u0131 yasaklad\u0131.<\/h1>\n<p>Tunceli Belediye Ba\u015fkan\u0131 DBP\u2019li Mehmet Ali Bul karara tepki g\u00f6sterirken b\u00f6lgede g\u00fcvenlik g\u00fc\u00e7leriyle girdikleri \u00e7at\u0131\u015fmada \u00f6len \u00f6rg\u00fct mensuplar\u0131 i\u00e7in yapt\u0131r\u0131lan PKK Mezarl\u0131\u011f\u0131\u2019n\u0131n a\u00e7\u0131l\u0131\u015f\u0131n\u0131n engellenmesi amac\u0131yla 7 il\u00e7e ile \u00e7evre iller ve P\u00fcl\u00fcm\u00fcr Vadisi\u2019ne giden t\u00fcm yollar\u0131n asker ve polis panzerleriyle kapat\u0131ld\u0131\u011f\u0131n\u0131 s\u00f6yledi. Tunceli\u2019ye 30 kilometre uzakl\u0131kta bulunan P\u00fcl\u00fcm\u00fcr Vadisi\u2019ndeki Alac\u0131k K\u00f6y\u00fc yak\u0131nlar\u0131nda yapt\u0131r\u0131lan PKK Mezarl\u0131\u011f\u0131\u2019n\u0131n bug\u00fcn a\u00e7\u0131lmas\u0131n\u0131n planland\u0131\u011f\u0131n\u0131 kaydeden Mehmet Ali Bul, kentte ola\u011fan\u00fcst\u00fc hal uygulamas\u0131 yap\u0131ld\u0131\u011f\u0131n\u0131 belirterek &#8220;Bug\u00fcnk\u00fc durum 1990\u2019lara d\u00f6n\u00fc\u015ft\u00fcr. B\u00fct\u00fcn yollar asker ve polisler taraf\u0131ndan kapat\u0131lm\u0131\u015f. Vali Yard\u0131mc\u0131s\u0131 ile yapt\u0131\u011f\u0131m\u0131z g\u00f6r\u00fc\u015fmelerde karar\u0131n \u0130\u00e7i\u015fleri Bakanl\u0131\u011f\u0131 taraf\u0131ndan al\u0131nd\u0131\u011f\u0131n\u0131 s\u00f6yledi. G\u00f6r\u00fc\u015fmeleri s\u00fcrd\u00fcr\u00fcyoruz. Bu durum bar\u0131\u015f s\u00fcrecine hi\u00e7bir bi\u00e7imde hizmet etmiyor. \u0130nsanlar\u0131n seyahat \u00f6zg\u00fcrl\u00fckleri hukuksuz olarak ellerinden al\u0131nm\u0131\u015f durumda. OHAL d\u00f6neminde bile b\u00f6ylesine bir yasak al\u0131nmam\u0131\u015ft\u0131&#8221; dedi.<\/p>\n<p>DBP \u0130l Ba\u015fkan\u0131 Ergin Do\u011fru, bu sabah erken saatlerden itibaren b\u00fct\u00fcn yollar\u0131n askeri ve polis ara\u00e7lar\u0131yla kapat\u0131ld\u0131\u011f\u0131n\u0131 belirterek, &#8220;\u0130zmir\u2019den bile \u00e7evik kuvvet getirilmi\u015f&#8221;\u00a0ifadelerini kulland\u0131.<\/p>\n<!-- Error, Advert is not available at this time due to schedule\/geolocation restrictions! -->\n","protected":false},"excerpt":{"rendered":"<p>Tunceli P\u00fcl\u00fcm\u00fcr Vadisi&#8217;nde ter\u00f6ristlerin yapt\u0131\u011f\u0131 PKK Mezarl\u0131\u011f\u0131&#8217;n\u0131n bug\u00fcn a\u00e7\u0131laca\u011f\u0131 y\u00f6n\u00fcndeki a\u00e7\u0131klamalar \u00fczerine Tunceli Valili\u011fi ikinci bir emre kadar \u015fehre giri\u015f ve \u00e7\u0131k\u0131\u015flar\u0131 yasaklad\u0131.<\/p>\n","protected":false},"author":4,"featured_media":198140,"comment_status":"open","ping_status":"open","sticky":false,"template":"","format":"standard","meta":{"_acf_changed":false,"footnotes":""},"categories":[6155,5005,6202,349,6805],"tags":[99431,27179,4134,74924],"class_list":["post-198138","post","type-post","status-publish","format-standard","has-post-thumbnail","hentry","category-gundem","category-manset","category-politika","category-son-dakika","category-turkiye","tag-alacik-koyu","tag-pulumur","tag-tunceli","tag-tunceli-pulumur"],"acf":[],"_links":{"self":[{"href":"https:\/\/www.nationalturk.com\/tr\/wp-json\/wp\/v2\/posts\/198138","targetHints":{"allow":["GET"]}}],"collection":[{"href":"https:\/\/www.nationalturk.com\/tr\/wp-json\/wp\/v2\/posts"}],"about":[{"href":"https:\/\/www.nationalturk.com\/tr\/wp-json\/wp\/v2\/types\/post"}],"author":[{"embeddable":true,"href":"https:\/\/www.nationalturk.com\/tr\/wp-json\/wp\/v2\/users\/4"}],"replies":[{"embeddable":true,"href":"https:\/\/www.nationalturk.com\/tr\/wp-json\/wp\/v2\/comments?post=198138"}],"version-history":[{"count":1,"href":"https:\/\/www.nationalturk.com\/tr\/wp-json\/wp\/v2\/posts\/198138\/revisions"}],"predecessor-version":[{"id":308499,"href":"https:\/\/www.nationalturk.com\/tr\/wp-json\/wp\/v2\/posts\/198138\/revisions\/308499"}],"wp:featuredmedia":[{"embeddable":true,"href":"https:\/\/www.nationalturk.com\/tr\/wp-json\/wp\/v2\/media\/198140"}],"wp:attachment":[{"href":"https:\/\/www.nationalturk.com\/tr\/wp-json\/wp\/v2\/media?parent=198138"}],"wp:term":[{"taxonomy":"category","embeddable":true,"href":"https:\/\/www.nationalturk.com\/tr\/wp-json\/wp\/v2\/categories?post=198138"},{"taxonomy":"post_tag","embeddable":true,"href":"https:\/\/www.nationalturk.com\/tr\/wp-json\/wp\/v2\/tags?post=198138"}],"curies":[{"name":"wp","href":"https:\/\/api.w.org\/{rel}","templated":true}]}}