{"id":19832,"date":"2010-04-15T15:01:51","date_gmt":"2010-04-15T13:01:51","guid":{"rendered":"http:\/\/www.nationalturk.com\/?p=19832"},"modified":"2010-04-15T15:05:09","modified_gmt":"2010-04-15T13:05:09","slug":"mehmet-okur-dunya-sampiyonasi-8967435","status":"publish","type":"post","link":"https:\/\/www.nationalturk.com\/tr\/mehmet-okur-dunya-sampiyonasi-8967435\/","title":{"rendered":"Mehmet Okur: 2010 D\u00fcnya \u015eampiyonas\u0131&#8217;na haz\u0131r\u0131m"},"content":{"rendered":"<p><strong><a href=\"http:\/\/www.nationalturk.com\/tr\/wp-content\/uploads\/2010\/04\/mehmetokur1-e1271336385975.jpg\"><img loading=\"lazy\" decoding=\"async\" class=\"alignleft size-medium wp-image-19833\" src=\"http:\/\/www.nationalturk.com\/tr\/wp-content\/uploads\/2010\/04\/mehmetokur1-e1271336608900-280x84.jpg\" alt=\"\" width=\"280\" height=\"84\" title=\"\" srcset=\"https:\/\/www.nationalturk.com\/tr\/wp-content\/uploads\/2010\/04\/mehmetokur1-e1271336608900-280x84.jpg 280w, https:\/\/www.nationalturk.com\/tr\/wp-content\/uploads\/2010\/04\/mehmetokur1-e1271336608900-610x184.jpg 610w, https:\/\/www.nationalturk.com\/tr\/wp-content\/uploads\/2010\/04\/mehmetokur1-e1271336608900.jpg 711w\" sizes=\"auto, (max-width: 280px) 100vw, 280px\" \/><\/a>NBA&#8217;deki temsilcimiz Utah Jazz&#8217;\u0131n y\u0131ld\u0131z\u0131 Mehmet Okur, \u00a0T\u00fcrkiye\u2019nin ev sahipli\u011fi yapaca\u011f\u0131 2010 D\u00fcnya Basketbol \u015eampiyonas\u0131\u2019na haz\u0131r oldu\u011funu s\u00f6yledi. \u015eampiyonan\u0131n \u00e7ok \u00f6nemli oldu\u011funu s\u00f6yleyen milli basketbolcumuz, &#8220;Bu \u015fampiyona T\u00fcrk Basketbolu i\u00e7in d\u00f6n\u00fcm noktas\u0131&#8221; dedi.<\/strong><\/p>\n<p>Okur, Uluslararas\u0131 Basketbol Federasyonlar\u0131 Birli\u011fi\u2019nin (FIBA) resmi internet sitesine yapt\u0131\u011f\u0131 a\u00e7\u0131klamada, T\u00fcrkiye\u2019nin ev sahipli\u011fi yapaca\u011f\u0131 D\u00fcnya \u015eampiyonas\u0131\u2019na haz\u0131r oldu\u011funu belirterek, &#8220;Umar\u0131m Utah Jazz ile birlikte m\u00fccadele edece\u011fim play-off\u2019larda herhangi bir sakatl\u0131k ya\u015famam. Play-off\u2019lar\u0131n ard\u0131ndan en iyi ve en haz\u0131r \u015fekilde milli tak\u0131mda yer almay\u0131 hedefliyorum&#8221; diye konu\u015ftu.<\/p>\n<p>T\u00fcrkiye&#8217;de yap\u0131lacak olan D\u00fcnya Basketbol \u015eampiyonas\u0131&#8217;n\u0131n \u00e7ok \u00f6nemli oldu\u011funu belirten milli oyuncu, &#8220;T\u00fcrk basketbolu i\u00e7in adeta bir d\u00f6n\u00fcm noktas\u0131 ve \u00f6nemli bir platform. Bir\u00e7ok d\u00fcnya y\u0131ld\u0131z\u0131 T\u00fcrkiye\u2019ye gelecek. B\u00fcy\u00fck bir \u015fov olacak. Umar\u0131m 2001\u2019de ya\u015fad\u0131\u011f\u0131m\u0131z Avrupa \u015eampiyonas\u0131 finalini, bu y\u0131l da madalya kazanarak devam ettiririz&#8221; ifadelerini kulland\u0131.<\/p>\n","protected":false},"excerpt":{"rendered":"<p>NBA&#8217;deki temsilcimiz Utah Jazz&#8217;\u0131n y\u0131ld\u0131z\u0131 Mehmet Okur,  T\u00fcrkiye\u2019nin ev sahipli\u011fi yapaca\u011f\u0131 2010 D\u00fcnya Basketbol \u015eampiyonas\u0131\u2019na haz\u0131r oldu\u011funu s\u00f6yledi. \u015eampiyonan\u0131n \u00e7ok \u00f6nemli oldu\u011funu s\u00f6yleyen milli basketbolcumuz, &#8220;Bu \u015fampiyona T\u00fcrk Basketbolu i\u00e7in d\u00f6n\u00fcm noktas\u0131&#8221; dedi.<\/p>\n","protected":false},"author":28,"featured_media":192153,"comment_status":"open","ping_status":"open","sticky":false,"template":"","format":"standard","meta":{"_acf_changed":false,"footnotes":""},"categories":[8338,6194],"tags":[21300,21297,21298,4419,7822,770,21299,21301,6567],"class_list":["post-19832","post","type-post","status-publish","format-standard","has-post-thumbnail","hentry","category-basketbol","category-spor","tag-avrupa-sampiyonasi-finalleri","tag-dunya-basketbol-sampiyonasi","tag-dunya-yildizlari","tag-fiba","tag-mehmet-okur","tag-nba","tag-play-off","tag-turk-basketbolu","tag-utah-jazz"],"acf":[],"_links":{"self":[{"href":"https:\/\/www.nationalturk.com\/tr\/wp-json\/wp\/v2\/posts\/19832","targetHints":{"allow":["GET"]}}],"collection":[{"href":"https:\/\/www.nationalturk.com\/tr\/wp-json\/wp\/v2\/posts"}],"about":[{"href":"https:\/\/www.nationalturk.com\/tr\/wp-json\/wp\/v2\/types\/post"}],"author":[{"embeddable":true,"href":"https:\/\/www.nationalturk.com\/tr\/wp-json\/wp\/v2\/users\/28"}],"replies":[{"embeddable":true,"href":"https:\/\/www.nationalturk.com\/tr\/wp-json\/wp\/v2\/comments?post=19832"}],"version-history":[{"count":0,"href":"https:\/\/www.nationalturk.com\/tr\/wp-json\/wp\/v2\/posts\/19832\/revisions"}],"wp:featuredmedia":[{"embeddable":true,"href":"https:\/\/www.nationalturk.com\/tr\/wp-json\/wp\/v2\/media\/192153"}],"wp:attachment":[{"href":"https:\/\/www.nationalturk.com\/tr\/wp-json\/wp\/v2\/media?parent=19832"}],"wp:term":[{"taxonomy":"category","embeddable":true,"href":"https:\/\/www.nationalturk.com\/tr\/wp-json\/wp\/v2\/categories?post=19832"},{"taxonomy":"post_tag","embeddable":true,"href":"https:\/\/www.nationalturk.com\/tr\/wp-json\/wp\/v2\/tags?post=19832"}],"curies":[{"name":"wp","href":"https:\/\/api.w.org\/{rel}","templated":true}]}}