{"id":198720,"date":"2014-11-01T13:30:25","date_gmt":"2014-11-01T11:30:25","guid":{"rendered":"http:\/\/www.nationalturk.com\/?p=198720"},"modified":"2014-11-01T13:30:25","modified_gmt":"2014-11-01T11:30:25","slug":"dayi-basinin-ac-gozlulugunden-17-kisiyi-kaybettik-198720","status":"publish","type":"post","link":"https:\/\/www.nationalturk.com\/tr\/dayi-basinin-ac-gozlulugunden-17-kisiyi-kaybettik-198720\/","title":{"rendered":"&#8220;Day\u0131 ba\u015f\u0131n\u0131n a\u00e7 g\u00f6zl\u00fcl\u00fc\u011f\u00fcnden 17 ki\u015fiyi kaybettik&#8221;"},"content":{"rendered":"<p><img loading=\"lazy\" decoding=\"async\" class=\"alignnone size-large wp-image-198722\" src=\"http:\/\/www.nationalturk.com\/tr\/wp-content\/uploads\/2014\/11\/isparta_kaza_17-e1414841330842-598x360.jpg\" alt=\"\" width=\"610\" height=\"370\" title=\"\"><\/p>\n<h1>Isparta&#8217;daki trafik kazas\u0131nda hayat\u0131n\u0131 kaybeden 17 ki\u015fiden 14&#8217;\u00fc Ak\u015fehir&#8217;de topra\u011fa verildi.\u00a0Hayat\u0131n\u0131 kaybedenlerin yak\u0131nlar\u0131 isyan ederek &#8216;Day\u0131 ba\u015f\u0131n\u0131n a\u00e7 g\u00f6zl\u00fcl\u00fc\u011f\u00fcnden dolay\u0131 17 ki\u015fiyi kaybettik&#8217; yorumunda bulundu.<\/h1>\n<p>Kazada hayat\u0131n\u0131 kaybeden Arife Akta\u015f, Ay\u015fe Kale, Mihri Kale, Reyhan Ceran, Havva Ceran, Velican \u00c7elik, Elmas \u00c7elik, Buket Keskin, G\u00fclseren Yayla, Metin Arslanalp, \u015eerife Aksoy, Ceylan Aksoy, Emel Arslanalp, Ay\u015feg\u00fcl Karata\u015f&#8217;\u0131n cenazesi Ak\u015fehir Devlet Hastanesi morgundan al\u0131nd\u0131.<\/p>\n<p>Cenazeler, omuzlara al\u0131narak il\u00e7e merkezindeki Nasreddin Hoca Meydan\u0131&#8217;na getirildi. Burada, hayat\u0131n\u0131 kaybedenlerin yak\u0131nlar\u0131 tabutlara sar\u0131larak g\u00f6zya\u015f\u0131 d\u00f6kt\u00fc. \u00d6len Velican \u00c7elik&#8217;in, kazadan aya\u011f\u0131ndaki k\u0131r\u0131kla kurtulan annesi Leyla \u00c7elik de hastaneden \u00e7\u0131karak cenaze t\u00f6renine geldi. O\u011flunun tabutuna sar\u0131larak g\u00f6zya\u015flar\u0131 d\u00f6ken ac\u0131l\u0131 anneyi, yak\u0131nlar\u0131 teselli etmeye \u00e7al\u0131\u015ft\u0131.<\/p>\n<p>Hayat\u0131n\u0131 kaybeden 14 ki\u015fi i\u00e7in tek tek cenaze namaz\u0131 k\u0131l\u0131nd\u0131. Namaz\u0131n ard\u0131ndan, cenazeler, Nasreddin Hoca \u015eehir Mezarl\u0131\u011f\u0131&#8217;na g\u00f6zya\u015flar\u0131 aras\u0131nda defnedildi. Konya \u0130l M\u00fcft\u00fcs\u00fc Ali Akp\u0131nar, cenazeler defnedildikten sonra dua yapt\u0131.<\/p>\n<p>Cenaze t\u00f6renine, Sa\u011fl\u0131k Bakan\u0131 Mehmet M\u00fcezzino\u011flu, Milli E\u011fitim Bakan Yard\u0131mc\u0131s\u0131 Orhan Erdem, Konya Valisi Muammer Erol, Konya B\u00fcy\u00fck\u015fehir Belediye Ba\u015fkan\u0131 Tahir Aky\u00fcrek, AK Parti Konya \u0130l Ba\u015fkan\u0131 Ahmet Sorgun, AK Parti Konya milletvekilleri Mustafa Balo\u011flu, Mustafa Kabakc\u0131, \u00f6lenlerin yak\u0131nlar\u0131 ve \u00e7ok say\u0131da vatanda\u015f kat\u0131ld\u0131.<\/p>\n<p>&#8211; \u00c7eyiz paras\u0131 i\u00e7in \u00e7al\u0131\u015f\u0131yorlard\u0131<\/p>\n<p>Kazada hayat\u0131n\u0131 kaybeden Ceylan Aksoy&#8217;un halas\u0131n\u0131n o\u011flu Halil Aksoy, gazetecilere yapt\u0131\u011f\u0131 a\u00e7\u0131klamada, Ceylan ve yengesi \u015eerife Aksoy&#8217;u kaybetmenin \u00fcz\u00fcnt\u00fcs\u00fcn\u00fc ya\u015fad\u0131\u011f\u0131n\u0131 s\u00f6yledi.<\/p>\n<p>\u015eerife Aksoy&#8217;un k\u0131z\u0131 Ceylan Aksoy&#8217;un d\u00fc\u011f\u00fcn\u00fc i\u00e7in haz\u0131rl\u0131k yapt\u0131\u011f\u0131n\u0131 aktaran Aksoy, \u015funlar\u0131 kaydetti:<\/p>\n<p>&#8220;\u00d6lenlerin hepsi yoksulluktan, garibanl\u0131ktan \u00f6ld\u00fc. 25-30 lira yevmiye i\u00e7in \u00e7al\u0131\u015fmaya gidiyorlard\u0131. Day\u0131 ba\u015f\u0131n\u0131n a\u00e7 g\u00f6zl\u00fcl\u00fc\u011f\u00fcnden dolay\u0131 17 ki\u015fiyi kaybettik. Kelimeler bo\u011faz\u0131m\u0131za d\u00fc\u011f\u00fcmleniyor. \u015eerife Aksoy&#8217;un k\u0131z\u0131n\u0131n d\u00fc\u011f\u00fcn haz\u0131rl\u0131klar\u0131 vard\u0131, onun \u00e7eyiz paras\u0131 i\u00e7in \u00e7al\u0131\u015fmaya gitmi\u015flerdi. Gece 04.00&#8217;te kalk\u0131p Ak\u015fehir&#8217;den 80 kilometre uzak bir yere gidiyorlard\u0131. Kazada en b\u00fcy\u00fck su\u00e7 \u015fof\u00f6r ve day\u0131 ba\u015f\u0131ndad\u0131r.&#8221;<\/p>\n<p>Ak\u015fehir-Yalva\u00e7 yolunda Metin Arslanalp&#8217;in kulland\u0131\u011f\u0131 42 D 0881 plakal\u0131 midib\u00fcs\u00fcn \u015farampole devrilmesi sonucu 17 ki\u015fi \u00f6lm\u00fc\u015f, 29 ki\u015fi yaralanm\u0131\u015ft\u0131.<\/p>\n<!-- Error, Advert is not available at this time due to schedule\/geolocation restrictions! -->\n","protected":false},"excerpt":{"rendered":"<p>Isparta&#8217;daki trafik kazas\u0131nda hayat\u0131n\u0131 kaybeden 17 ki\u015fiden 14&#8217;\u00fc Ak\u015fehir&#8217;de topra\u011fa verildi. Hayat\u0131n\u0131 kaybedenlerin yak\u0131nlar\u0131 isyan ederek &#8216;Day\u0131 ba\u015f\u0131n\u0131n a\u00e7 g\u00f6zl\u00fcl\u00fc\u011f\u00fcnden dolay\u0131 17 ki\u015fiyi kaybettik&#8217; yorumunda bulundu.<\/p>\n","protected":false},"author":4,"featured_media":198725,"comment_status":"open","ping_status":"open","sticky":false,"template":"","format":"standard","meta":{"_acf_changed":false,"footnotes":""},"categories":[6155,5005,6805],"tags":[15012,7186,32231,160056],"class_list":["post-198720","post","type-post","status-publish","format-standard","has-post-thumbnail","hentry","category-gundem","category-manset","category-turkiye","tag-halil-aksoy","tag-isparta","tag-isparta-trafik-kazasi","tag-ispartada-kaza"],"acf":[],"_links":{"self":[{"href":"https:\/\/www.nationalturk.com\/tr\/wp-json\/wp\/v2\/posts\/198720","targetHints":{"allow":["GET"]}}],"collection":[{"href":"https:\/\/www.nationalturk.com\/tr\/wp-json\/wp\/v2\/posts"}],"about":[{"href":"https:\/\/www.nationalturk.com\/tr\/wp-json\/wp\/v2\/types\/post"}],"author":[{"embeddable":true,"href":"https:\/\/www.nationalturk.com\/tr\/wp-json\/wp\/v2\/users\/4"}],"replies":[{"embeddable":true,"href":"https:\/\/www.nationalturk.com\/tr\/wp-json\/wp\/v2\/comments?post=198720"}],"version-history":[{"count":0,"href":"https:\/\/www.nationalturk.com\/tr\/wp-json\/wp\/v2\/posts\/198720\/revisions"}],"wp:featuredmedia":[{"embeddable":true,"href":"https:\/\/www.nationalturk.com\/tr\/wp-json\/wp\/v2\/media\/198725"}],"wp:attachment":[{"href":"https:\/\/www.nationalturk.com\/tr\/wp-json\/wp\/v2\/media?parent=198720"}],"wp:term":[{"taxonomy":"category","embeddable":true,"href":"https:\/\/www.nationalturk.com\/tr\/wp-json\/wp\/v2\/categories?post=198720"},{"taxonomy":"post_tag","embeddable":true,"href":"https:\/\/www.nationalturk.com\/tr\/wp-json\/wp\/v2\/tags?post=198720"}],"curies":[{"name":"wp","href":"https:\/\/api.w.org\/{rel}","templated":true}]}}