{"id":198736,"date":"2014-11-01T17:07:45","date_gmt":"2014-11-01T15:07:45","guid":{"rendered":"http:\/\/www.nationalturk.com\/?p=198736"},"modified":"2014-11-01T17:07:45","modified_gmt":"2014-11-01T15:07:45","slug":"hollanda-turklerinden-aciklama-dilimizi-ve-kulturumuzu-kaybetmeyecegiz-198736","status":"publish","type":"post","link":"https:\/\/www.nationalturk.com\/tr\/hollanda-turklerinden-aciklama-dilimizi-ve-kulturumuzu-kaybetmeyecegiz-198736\/","title":{"rendered":"Hollanda T\u00fcrklerinden a\u00e7\u0131klama: Dilimizi ve k\u00fclt\u00fcr\u00fcm\u00fcz\u00fc kaybetmeyece\u011fiz"},"content":{"rendered":"<p><img loading=\"lazy\" decoding=\"async\" class=\"alignnone size-large wp-image-198737\" src=\"http:\/\/www.nationalturk.com\/tr\/wp-content\/uploads\/2014\/11\/hollanda_turkleri-e1414853905785-610x348.jpg\" alt=\"Hollanda\" width=\"610\" height=\"348\" title=\"\" srcset=\"https:\/\/www.nationalturk.com\/tr\/wp-content\/uploads\/2014\/11\/hollanda_turkleri-e1414853905785-610x348.jpg 610w, https:\/\/www.nationalturk.com\/tr\/wp-content\/uploads\/2014\/11\/hollanda_turkleri-e1414853905785-280x159.jpg 280w, https:\/\/www.nationalturk.com\/tr\/wp-content\/uploads\/2014\/11\/hollanda_turkleri-e1414853905785.jpg 890w\" sizes=\"auto, (max-width: 610px) 100vw, 610px\" \/><\/p>\n<h1>Hollanda T\u00fcrk Gen\u00e7lik Kurulu\u015flar\u0131 Federasyonu (HTGF), 29 Ekim Cumhuriyet Bayram\u0131 kutlamalar\u0131n\u0131n ard\u0131ndan bir a\u00e7\u0131klama yay\u0131nlad\u0131. Genel Ba\u015fkan\u0131 O\u011fuzhan K\u0131l\u0131\u00e7, Hollanda T\u00fcrklerinin dilini ve k\u00fclt\u00fcr\u00fcn\u00fc kaybetmeyece\u011fini s\u00f6yledi.<\/h1>\n<p>O\u011fuzhan K\u0131l\u0131\u00e7 yaz\u0131l\u0131 a\u00e7\u0131klamas\u0131nda &#8220;T\u00fcrkiye Cumhuriyeti\u2019nin 91. y\u0131ld\u00f6n\u00fcm\u00fcn\u00fc millet olarak idrak etmekteyiz. Bu g\u00fcn T\u00fcrk milletinin hangi zorluklar i\u00e7inde kendisini var etti\u011fini, B\u00fcy\u00fck Atat\u00fcrk\u2019\u00fcn dava arkada\u015flar\u0131yla nas\u0131l cansiperane bir gayretle kurtulu\u015f sava\u015f\u0131n\u0131 te\u015fkilatlay\u0131p ard\u0131ndan Cumhuriyet\u2019i kurdu\u011funu, bunun ard\u0131ndan da y\u00fcce T\u00fcrk milleti taraf\u0131ndan sahiplenilen yap\u0131t\u0131n g\u00fcn\u00fcm\u00fcze kadar nas\u0131l geli\u015ftirilip ta\u015f\u0131nd\u0131\u011f\u0131n\u0131 onur ve \u00f6v\u00fcn\u00e7le an\u0131ms\u0131yoruz. Laik-demokrasiyle ta\u00e7lanan T\u00fcrkl\u00fck abidesi Cumhuriyet, emperyalizmle sava\u015fan mazlum milletlere her daim bir \u00f6rnek ve umut \u0131\u015f\u0131\u011f\u0131 olmu\u015ftur. K\u00f6t\u00fcmser ve karamsar olmamak gerekmektedir, iyimserlik gen\u00e7li\u011fin ruhunda vard\u0131r. Bu iyimserlikle Hollanda T\u00fcrk toplumu haklar\u0131na daha fazla sahip \u00e7\u0131kacak, dilinden ve k\u00fclt\u00fcr\u00fcnden hi\u00e7bir zaman vazge\u00e7meyecektir&#8221; ifadelerini kulland\u0131.<\/p>\n<p><strong>A\u00e7\u0131klama \u015f\u00f6yle devam etti:<\/strong><\/p>\n<p>Tekfirci, selefi ve \u0131rk\u00e7\u0131-b\u00f6l\u00fcc\u00fc anlay\u0131\u015flar\u0131n gen\u00e7lik \u00fczerinde giderek etkilerini b\u00fcy\u00fctt\u00fckleri g\u00fcn\u00fcm\u00fczde \u00e7\u00f6z\u00fcm\u00fc demokrasi ve ayd\u0131nl\u0131kta g\u00f6ren Hollanda T\u00fcrk Gen\u00e7lik Kurulu\u015flar\u0131 Federasyonu (HTGF) B\u00fcy\u00fck Atat\u00fcrk\u2019\u00fcn izinde kutlu y\u00fcr\u00fcy\u00fc\u015f\u00fcne emin ad\u0131mlarla devam etmektedir. T\u00fcrk gen\u00e7li\u011fi, d\u00fcn ve bug\u00fcn oldu\u011fu gibi yar\u0131nlarda da B\u00fcy\u00fck Atat\u00fcrk\u2019\u00fcn yakt\u0131\u011f\u0131 medeniyet me\u015falesini kararl\u0131 bir \u015fekilde ileriye ta\u015f\u0131yacakt\u0131r. \u015eehit d\u00fc\u015fen kahramanlar\u0131m\u0131z\u0131 bu vesileyle bir kez daha an\u0131yoruz. B\u00fcy\u00fck Atat\u00fcrk\u2019\u00fcn dedi\u011fi gibi \u201cCumhuriyet fazilettir\u201d. Selam olsun kendisini bu \u015ferefli b\u00fct\u00fcn\u00fcn par\u00e7as\u0131 sayan her y\u00fcrekliye!<\/p>\n<!-- Error, Advert is not available at this time due to schedule\/geolocation restrictions! -->\n","protected":false},"excerpt":{"rendered":"<p>Hollanda T\u00fcrk Gen\u00e7lik Kurulu\u015flar\u0131 Federasyonu (HTGF), 29 Ekim Cumhuriyet Bayram\u0131 kutlamalar\u0131n\u0131n ard\u0131ndan bir a\u00e7\u0131klama yay\u0131nlad\u0131. Genel Ba\u015fkan\u0131 O\u011fuzhan K\u0131l\u0131\u00e7, Hollanda T\u00fcrklerinin dilini ve k\u00fclt\u00fcr\u00fcn\u00fc kaybetmeyece\u011fini s\u00f6yledi.<\/p>\n","protected":false},"author":4,"featured_media":198738,"comment_status":"open","ping_status":"open","sticky":false,"template":"","format":"standard","meta":{"_acf_changed":false,"footnotes":""},"categories":[6770,6665,6155,6202],"tags":[7358,1668,14273],"class_list":["post-198736","post","type-post","status-publish","format-standard","has-post-thumbnail","hentry","category-avrupa","category-dunya","category-gundem","category-politika","tag-cumhuriyet-bayrami","tag-hollanda","tag-hollanda-turkler"],"acf":[],"_links":{"self":[{"href":"https:\/\/www.nationalturk.com\/tr\/wp-json\/wp\/v2\/posts\/198736","targetHints":{"allow":["GET"]}}],"collection":[{"href":"https:\/\/www.nationalturk.com\/tr\/wp-json\/wp\/v2\/posts"}],"about":[{"href":"https:\/\/www.nationalturk.com\/tr\/wp-json\/wp\/v2\/types\/post"}],"author":[{"embeddable":true,"href":"https:\/\/www.nationalturk.com\/tr\/wp-json\/wp\/v2\/users\/4"}],"replies":[{"embeddable":true,"href":"https:\/\/www.nationalturk.com\/tr\/wp-json\/wp\/v2\/comments?post=198736"}],"version-history":[{"count":0,"href":"https:\/\/www.nationalturk.com\/tr\/wp-json\/wp\/v2\/posts\/198736\/revisions"}],"wp:featuredmedia":[{"embeddable":true,"href":"https:\/\/www.nationalturk.com\/tr\/wp-json\/wp\/v2\/media\/198738"}],"wp:attachment":[{"href":"https:\/\/www.nationalturk.com\/tr\/wp-json\/wp\/v2\/media?parent=198736"}],"wp:term":[{"taxonomy":"category","embeddable":true,"href":"https:\/\/www.nationalturk.com\/tr\/wp-json\/wp\/v2\/categories?post=198736"},{"taxonomy":"post_tag","embeddable":true,"href":"https:\/\/www.nationalturk.com\/tr\/wp-json\/wp\/v2\/tags?post=198736"}],"curies":[{"name":"wp","href":"https:\/\/api.w.org\/{rel}","templated":true}]}}