{"id":198789,"date":"2014-11-03T12:31:33","date_gmt":"2014-11-03T10:31:33","guid":{"rendered":"http:\/\/www.nationalturk.com\/?p=198789"},"modified":"2014-11-03T12:31:33","modified_gmt":"2014-11-03T10:31:33","slug":"sampiyonlar-ligi-cuneyt-cakir-198789","status":"publish","type":"post","link":"https:\/\/www.nationalturk.com\/tr\/sampiyonlar-ligi-cuneyt-cakir-198789\/","title":{"rendered":"\u015eampiyonlar Ligi&#8217;nde dev ma\u00e7 C\u00fcneyt \u00c7ak\u0131r&#8217;\u0131n"},"content":{"rendered":"<h1><a href=\"http:\/\/www.nationalturk.com\/tr\/wp-content\/uploads\/2014\/11\/cuneyt-cakir-sampiyonlar-ligi.jpg\"><img loading=\"lazy\" decoding=\"async\" class=\"aligncenter size-full wp-image-198792\" src=\"http:\/\/www.nationalturk.com\/tr\/wp-content\/uploads\/2014\/11\/cuneyt-cakir-sampiyonlar-ligi.jpg\" alt=\"\" width=\"620\" height=\"350\" title=\"\" srcset=\"https:\/\/www.nationalturk.com\/tr\/wp-content\/uploads\/2014\/11\/cuneyt-cakir-sampiyonlar-ligi.jpg 620w, https:\/\/www.nationalturk.com\/tr\/wp-content\/uploads\/2014\/11\/cuneyt-cakir-sampiyonlar-ligi-280x158.jpg 280w, https:\/\/www.nationalturk.com\/tr\/wp-content\/uploads\/2014\/11\/cuneyt-cakir-sampiyonlar-ligi-610x344.jpg 610w\" sizes=\"auto, (max-width: 620px) 100vw, 620px\" \/><\/a>UEFA \u015eampiyonlar Ligi&#8217;nde \u00e7ar\u015famba g\u00fcn\u00fc oynanacak Bayern M\u00fcnih-Roma ma\u00e7\u0131n\u0131 FIFA kokartl\u0131 hakemimiz C\u00fcneyt \u00c7ak\u0131r y\u00f6netecek.<\/h1>\n<p>FIFA kokartl\u0131 hakem C\u00fcneyt \u00c7ak\u0131r, UEFA \u015eampiyonlar Ligi E Grubu&#8217;nda 5 Kas\u0131m \u00c7ar\u015famba g\u00fcn\u00fc Almanya&#8217;n\u0131n Bayern M\u00fcnih ile \u0130talya&#8217;n\u0131n Roma tak\u0131mlar\u0131 aras\u0131nda oynanacak ma\u00e7\u0131 y\u00f6netecek.<\/p>\n<p>T\u00fcrkiye Futbol Federasyonu&#8217;ndan yap\u0131lan a\u00e7\u0131klamaya g\u00f6re, Allianz Arena&#8217;da TS\u0130 21.45&#8217;te ba\u015flayacak kar\u015f\u0131la\u015fmada d\u00fcd\u00fck \u00e7alacak C\u00fcneyt \u00c7ak\u0131r&#8217;\u0131n yard\u0131mc\u0131l\u0131klar\u0131n\u0131 Bahattin Duran ve Tar\u0131k Ongun yapacak. Mustafa Emre Eyisoy&#8217;un d\u00f6rd\u00fcnc\u00fc hakem olarak g\u00f6rev alaca\u011f\u0131 m\u00fcsabakan\u0131n ilave yard\u0131mc\u0131 hakemleri ise H\u00fcseyin G\u00f6\u00e7ek ve Bar\u0131\u015f \u015eim\u015fek olacak.<\/p>\n<!-- Error, Advert is not available at this time due to schedule\/geolocation restrictions! -->\n","protected":false},"excerpt":{"rendered":"<p>UEFA \u015eampiyonlar Ligi&#8217;nde \u00e7ar\u015famba g\u00fcn\u00fc oynanacak Bayern M\u00fcnih-Roma ma\u00e7\u0131n\u0131 FIFA kokartl\u0131 hakemimiz C\u00fcneyt \u00c7ak\u0131r y\u00f6netecek.<\/p>\n","protected":false},"author":3,"featured_media":198792,"comment_status":"open","ping_status":"open","sticky":false,"template":"","format":"standard","meta":{"_acf_changed":false,"footnotes":""},"categories":[6774,5005,6194],"tags":[9309,33759,10140,175845,12376,46399,22187,18225,828,160708,44578,23529,6479],"class_list":["post-198789","post","type-post","status-publish","format-standard","has-post-thumbnail","hentry","category-futbol","category-manset","category-spor","tag-bahattin-duran","tag-baris-simsek","tag-bayern-munih","tag-bayern-munih-roma","tag-cuneyt-cakir","tag-cuneyt-cakir-sampiyonlar-ligi","tag-cuneyt-cakir-uefa","tag-huseyin-gocek","tag-sampiyonlar-ligi","tag-sampiyonlar-ligi-bayern-munih","tag-sampiyonlar-ligi-maclari","tag-tarik-ongun","tag-turkiye-futbol-federasyonu"],"acf":[],"_links":{"self":[{"href":"https:\/\/www.nationalturk.com\/tr\/wp-json\/wp\/v2\/posts\/198789","targetHints":{"allow":["GET"]}}],"collection":[{"href":"https:\/\/www.nationalturk.com\/tr\/wp-json\/wp\/v2\/posts"}],"about":[{"href":"https:\/\/www.nationalturk.com\/tr\/wp-json\/wp\/v2\/types\/post"}],"author":[{"embeddable":true,"href":"https:\/\/www.nationalturk.com\/tr\/wp-json\/wp\/v2\/users\/3"}],"replies":[{"embeddable":true,"href":"https:\/\/www.nationalturk.com\/tr\/wp-json\/wp\/v2\/comments?post=198789"}],"version-history":[{"count":0,"href":"https:\/\/www.nationalturk.com\/tr\/wp-json\/wp\/v2\/posts\/198789\/revisions"}],"wp:featuredmedia":[{"embeddable":true,"href":"https:\/\/www.nationalturk.com\/tr\/wp-json\/wp\/v2\/media\/198792"}],"wp:attachment":[{"href":"https:\/\/www.nationalturk.com\/tr\/wp-json\/wp\/v2\/media?parent=198789"}],"wp:term":[{"taxonomy":"category","embeddable":true,"href":"https:\/\/www.nationalturk.com\/tr\/wp-json\/wp\/v2\/categories?post=198789"},{"taxonomy":"post_tag","embeddable":true,"href":"https:\/\/www.nationalturk.com\/tr\/wp-json\/wp\/v2\/tags?post=198789"}],"curies":[{"name":"wp","href":"https:\/\/api.w.org\/{rel}","templated":true}]}}