{"id":198838,"date":"2014-11-03T16:16:35","date_gmt":"2014-11-03T14:16:35","guid":{"rendered":"http:\/\/www.nationalturk.com\/?p=198838"},"modified":"2014-11-03T16:16:35","modified_gmt":"2014-11-03T14:16:35","slug":"arda-turan-el-atti-bereketi-artti-198838","status":"publish","type":"post","link":"https:\/\/www.nationalturk.com\/tr\/arda-turan-el-atti-bereketi-artti-198838\/","title":{"rendered":"Arda Turan el att\u0131, bereketi artt\u0131"},"content":{"rendered":"<h1><a href=\"http:\/\/www.nationalturk.com\/tr\/wp-content\/uploads\/2014\/11\/arda-turan-ispanya.jpg\"><img loading=\"lazy\" decoding=\"async\" class=\"aligncenter size-full wp-image-198839\" src=\"http:\/\/www.nationalturk.com\/tr\/wp-content\/uploads\/2014\/11\/arda-turan-ispanya.jpg\" alt=\"\" width=\"610\" height=\"392\" title=\"\" srcset=\"https:\/\/www.nationalturk.com\/tr\/wp-content\/uploads\/2014\/11\/arda-turan-ispanya.jpg 610w, https:\/\/www.nationalturk.com\/tr\/wp-content\/uploads\/2014\/11\/arda-turan-ispanya-280x179.jpg 280w, https:\/\/www.nationalturk.com\/tr\/wp-content\/uploads\/2014\/11\/arda-turan-ispanya-560x360.jpg 560w\" sizes=\"auto, (max-width: 610px) 100vw, 610px\" \/><\/a>Arda Turan\u2019\u0131n \u0130spanya\u2019da m\u00fcdavimi oldu\u011fu restoran, son g\u00fcnlerde pop\u00fclaritesini art\u0131rd\u0131.<\/h1>\n<p>La Liga tak\u0131mlar\u0131ndan Atletico Madrid formas\u0131 giyen milli futbolcu Arda Turan, Madrid\u2019deki Ten Con Ten isimli mekan\u0131n en \u00fcnl\u00fc m\u00fc\u015fterilerinden.<\/p>\n<p>Arda\u2019y\u0131 yere g\u00f6\u011fe s\u0131\u011fd\u0131ramayan restoran sahipleri, \u0130spanya\u2019da bir internet sitesine verdikleri deme\u00e7te, milli futbolcunun ard\u0131ndan mekanlar\u0131na Paris Hilton ve Cristiano Ronaldo gibi isimlerin de gelmeye ba\u015flad\u0131klar\u0131n\u0131 s\u00f6yledi.<\/p>\n<p>Arda\u2019n\u0131n haftada en az iki kez mekanlar\u0131nda yemek yedi\u011fini belirten i\u015f yeri sahipleri, y\u0131ld\u0131z futbolcu sayesinde \u00fclkenin en pop\u00fcler 10 mekan\u0131 aras\u0131na girdiklerini de s\u00f6zlerine ekledi.<\/p>\n<p>Bu arada milli futbolcu, ge\u00e7ti\u011fimiz g\u00fcnlerde kendisini ziyarete giden O\u011fulcan Engin\u2019i yine Ten Con Ten isimli mekanda a\u011f\u0131rlad\u0131.<\/p>\n<!-- Error, Advert is not available at this time due to schedule\/geolocation restrictions! -->\n<p>&nbsp;<\/p>\n","protected":false},"excerpt":{"rendered":"<p>Arda Turan\u2019\u0131n \u0130spanya\u2019da m\u00fcdavimi oldu\u011fu restoran, son g\u00fcnlerde pop\u00fclaritesini art\u0131rd\u0131.<\/p>\n","protected":false},"author":3,"featured_media":198839,"comment_status":"open","ping_status":"open","sticky":false,"template":"","format":"standard","meta":{"_acf_changed":false,"footnotes":""},"categories":[6774,6232,6194,67944],"tags":[6335,142845,176950,64690,7932,66667,151110,21033,39087,1151,78613,56344],"class_list":["post-198838","post","type-post","status-publish","format-standard","has-post-thumbnail","hentry","category-futbol","category-magazin","category-spor","category-yurtdisi-magazin-haberleri","tag-arda-turan","tag-arda-turan-ispanya","tag-arda-turan-kimdir","tag-arda-turan-madrid","tag-atletico-madrid","tag-atletico-madrid-arda-turan","tag-atletico-madrid-maclari","tag-la-liga","tag-la-liga-maclari","tag-madrid","tag-madrid-ispanya","tag-ogulcan-engin"],"acf":[],"_links":{"self":[{"href":"https:\/\/www.nationalturk.com\/tr\/wp-json\/wp\/v2\/posts\/198838","targetHints":{"allow":["GET"]}}],"collection":[{"href":"https:\/\/www.nationalturk.com\/tr\/wp-json\/wp\/v2\/posts"}],"about":[{"href":"https:\/\/www.nationalturk.com\/tr\/wp-json\/wp\/v2\/types\/post"}],"author":[{"embeddable":true,"href":"https:\/\/www.nationalturk.com\/tr\/wp-json\/wp\/v2\/users\/3"}],"replies":[{"embeddable":true,"href":"https:\/\/www.nationalturk.com\/tr\/wp-json\/wp\/v2\/comments?post=198838"}],"version-history":[{"count":0,"href":"https:\/\/www.nationalturk.com\/tr\/wp-json\/wp\/v2\/posts\/198838\/revisions"}],"wp:featuredmedia":[{"embeddable":true,"href":"https:\/\/www.nationalturk.com\/tr\/wp-json\/wp\/v2\/media\/198839"}],"wp:attachment":[{"href":"https:\/\/www.nationalturk.com\/tr\/wp-json\/wp\/v2\/media?parent=198838"}],"wp:term":[{"taxonomy":"category","embeddable":true,"href":"https:\/\/www.nationalturk.com\/tr\/wp-json\/wp\/v2\/categories?post=198838"},{"taxonomy":"post_tag","embeddable":true,"href":"https:\/\/www.nationalturk.com\/tr\/wp-json\/wp\/v2\/tags?post=198838"}],"curies":[{"name":"wp","href":"https:\/\/api.w.org\/{rel}","templated":true}]}}