{"id":198937,"date":"2014-11-04T13:58:00","date_gmt":"2014-11-04T11:58:00","guid":{"rendered":"http:\/\/www.nationalturk.com\/?p=198937"},"modified":"2014-11-06T19:10:38","modified_gmt":"2014-11-06T17:10:38","slug":"resmen-aciklandi-erdoganin-ak-sarayi-1-milyar-370-milyon-lira-ucagi-185-milyon-dolar-198937","status":"publish","type":"post","link":"https:\/\/www.nationalturk.com\/tr\/resmen-aciklandi-erdoganin-ak-sarayi-1-milyar-370-milyon-lira-ucagi-185-milyon-dolar-198937\/","title":{"rendered":"Resmen a\u00e7\u0131kland\u0131! Erdo\u011fan&#8217;\u0131n &#8220;Ak Saray&#8221;\u0131 1 milyar 370 milyon lira, u\u00e7a\u011f\u0131 185 milyon dolar!"},"content":{"rendered":"<p><img loading=\"lazy\" decoding=\"async\" class=\"alignnone size-large wp-image-198938\" src=\"http:\/\/www.nationalturk.com\/tr\/wp-content\/uploads\/2014\/11\/erdogan_ak_saray-540x360.jpg\" alt=\"Erdo\u011fan Ak Saray\" width=\"610\" height=\"390\" title=\"\"><\/p>\n<h1>Maliye Bakan\u0131 Mehmet \u015eim\u015fek, Cumhurba\u015fkan\u0131 Recep Tayyip Erdo\u011fan i\u00e7in yap\u0131lan ka\u00e7ak &#8216;Ak Saray&#8217;\u0131n proje bedelinin 1 milyar 370 milyon\u00a0lira oldu\u011funu a\u00e7\u0131klad\u0131. \u015eim\u015fek, Erdo\u011fan&#8217;\u0131n yeni u\u00e7a\u011f\u0131 i\u00e7in de 185 milyon dolar harcand\u0131\u011f\u0131n\u0131 s\u00f6yledi.<\/h1>\n<p>TBMM Plan ve B\u00fct\u00e7e Komisyonu&#8217;nda 2015 y\u0131l\u0131 b\u00fct\u00e7esinin geneli \u00fczerindeki g\u00f6r\u00fc\u015fmeler s\u0131ras\u0131nda milletvekillerinin sorular\u0131n\u0131 yan\u0131tlayan Mehmet \u015eim\u015fek, T\u00fcrkiye&#8217;nin yeni ald\u0131\u011f\u0131 TC-TUR kuyruk tescilli u\u00e7a\u011f\u0131n maliyetinin sorulmas\u0131 \u00fczerine \u015fu bilgileri verdi:<\/p>\n<p>&#8220;S\u00f6z konusu u\u00e7ak geni\u015f g\u00f6vdeli, uzun menzilli Airbus A330-200 tipi TC-TUR tescilli u\u00e7ak olup halihaz\u0131rda devlet erkan\u0131 taraf\u0131ndan kullan\u0131lmaya ba\u015flanm\u0131\u015ft\u0131r. U\u00e7ak, T\u00fcrk Hava Yollar\u0131 arac\u0131l\u0131\u011f\u0131yla sat\u0131n al\u0131nm\u0131\u015f olmas\u0131 ve hen\u00fcz devrinin yap\u0131lmam\u0131\u015f olmas\u0131 nedeniyle \u015fimdiye kadar b\u00fct\u00e7eden herhangi bir \u00f6deme yap\u0131lmam\u0131\u015ft\u0131r. Bu y\u0131l i\u00e7inde Ba\u015fbakanl\u0131k b\u00fct\u00e7esinden \u00f6deme yap\u0131lmas\u0131 planlanmaktad\u0131r. U\u00e7a\u011f\u0131n s\u00f6zle\u015fmede yer alan sat\u0131n alma bedeli ile u\u00e7ak i\u00e7inde yap\u0131lan baz\u0131 d\u00fczenlemelerle birlikte toplam maliyeti 185 milyon dolard\u0131r.&#8221;<\/p>\n<p>Cumhurba\u015fkanl\u0131\u011f\u0131 Saray\u0131&#8217;n\u0131n toplam maliyeti ve maliyetin hangi b\u00fct\u00e7eden kar\u015f\u0131lanaca\u011f\u0131 sorusunu da yan\u0131tlayan \u015eim\u015fek, yeni hizmet binas\u0131n\u0131n proje bedelinin toplam 1 milyar 370 milyon lira oldu\u011funu, bu zamana kadar t\u00fcm\u00fc Ba\u015fbakanl\u0131k b\u00fct\u00e7esinden olmak \u00fczere 963,4 milyon liras\u0131n\u0131n harcand\u0131\u011f\u0131n\u0131, 2015 y\u0131l\u0131nda tamamlanmas\u0131n\u0131n planlanmas\u0131 nedeniyle s\u00f6z konusu y\u0131la ili\u015fkin b\u00fct\u00e7eye 300 milyon lira \u00f6denek ayr\u0131ld\u0131\u011f\u0131n\u0131 bildirdi.<\/p>\n<!-- Error, Advert is not available at this time due to schedule\/geolocation restrictions! -->\n","protected":false},"excerpt":{"rendered":"<p>Maliye Bakan\u0131 Mehmet \u015eim\u015fek, Cumhurba\u015fkan\u0131 Recep Tayyip Erdo\u011fan i\u00e7in yap\u0131lan ka\u00e7ak &#8216;Ak Saray&#8217;\u0131n proje bedelinin 1 milyar 370 milyon lira oldu\u011funu a\u00e7\u0131klad\u0131. \u015eim\u015fek, Erdo\u011fan&#8217;\u0131n yeni u\u00e7a\u011f\u0131 i\u00e7in de 185 milyon dolar harcand\u0131\u011f\u0131n\u0131 s\u00f6yledi.<\/p>\n","protected":false},"author":4,"featured_media":198939,"comment_status":"open","ping_status":"open","sticky":false,"template":"","format":"standard","meta":{"_acf_changed":false,"footnotes":""},"categories":[6199,6155,763,5005,6202,6805],"tags":[177058,177059,176570,177064,177065,177061,177063,177060,787],"class_list":["post-198937","post","type-post","status-publish","format-standard","has-post-thumbnail","hentry","category-ekonomi","category-gundem","category-gunun-olayi","category-manset","category-politika","category-turkiye","tag-ak-saray","tag-ak-saray-maliyeti","tag-cumhurbaskanligi-sarayi","tag-cumhurbaskanligi-yeni-ucagi","tag-cumhurbaskanligi-yeni-ucak","tag-erdogan-ak-saray","tag-erdogan-yeni-ucak","tag-kacak-ak-saray","tag-recep-tayyip-erdogan"],"acf":[],"_links":{"self":[{"href":"https:\/\/www.nationalturk.com\/tr\/wp-json\/wp\/v2\/posts\/198937","targetHints":{"allow":["GET"]}}],"collection":[{"href":"https:\/\/www.nationalturk.com\/tr\/wp-json\/wp\/v2\/posts"}],"about":[{"href":"https:\/\/www.nationalturk.com\/tr\/wp-json\/wp\/v2\/types\/post"}],"author":[{"embeddable":true,"href":"https:\/\/www.nationalturk.com\/tr\/wp-json\/wp\/v2\/users\/4"}],"replies":[{"embeddable":true,"href":"https:\/\/www.nationalturk.com\/tr\/wp-json\/wp\/v2\/comments?post=198937"}],"version-history":[{"count":0,"href":"https:\/\/www.nationalturk.com\/tr\/wp-json\/wp\/v2\/posts\/198937\/revisions"}],"wp:featuredmedia":[{"embeddable":true,"href":"https:\/\/www.nationalturk.com\/tr\/wp-json\/wp\/v2\/media\/198939"}],"wp:attachment":[{"href":"https:\/\/www.nationalturk.com\/tr\/wp-json\/wp\/v2\/media?parent=198937"}],"wp:term":[{"taxonomy":"category","embeddable":true,"href":"https:\/\/www.nationalturk.com\/tr\/wp-json\/wp\/v2\/categories?post=198937"},{"taxonomy":"post_tag","embeddable":true,"href":"https:\/\/www.nationalturk.com\/tr\/wp-json\/wp\/v2\/tags?post=198937"}],"curies":[{"name":"wp","href":"https:\/\/api.w.org\/{rel}","templated":true}]}}