{"id":199260,"date":"2014-11-07T20:14:29","date_gmt":"2014-11-07T18:14:29","guid":{"rendered":"http:\/\/www.nationalturk.com\/?p=199260"},"modified":"2014-11-07T20:14:29","modified_gmt":"2014-11-07T18:14:29","slug":"ispanyol-prenses-vergi-kacakciligindan-yargilanacak-199260","status":"publish","type":"post","link":"https:\/\/www.nationalturk.com\/tr\/ispanyol-prenses-vergi-kacakciligindan-yargilanacak-199260\/","title":{"rendered":"\u0130spanyol Prenses vergi ka\u00e7ak\u00e7\u0131l\u0131\u011f\u0131ndan yarg\u0131lanacak"},"content":{"rendered":"<h1><a href=\"http:\/\/www.nationalturk.com\/tr\/wp-content\/uploads\/2014\/11\/Prenses-Cristina-ispanya-vergi.jpg\"><img loading=\"lazy\" decoding=\"async\" class=\"aligncenter size-large wp-image-199263\" src=\"http:\/\/www.nationalturk.com\/tr\/wp-content\/uploads\/2014\/11\/Prenses-Cristina-ispanya-vergi-610x342.jpg\" alt=\"\" width=\"610\" height=\"342\" title=\"\" srcset=\"https:\/\/www.nationalturk.com\/tr\/wp-content\/uploads\/2014\/11\/Prenses-Cristina-ispanya-vergi-610x342.jpg 610w, https:\/\/www.nationalturk.com\/tr\/wp-content\/uploads\/2014\/11\/Prenses-Cristina-ispanya-vergi-280x157.jpg 280w, https:\/\/www.nationalturk.com\/tr\/wp-content\/uploads\/2014\/11\/Prenses-Cristina-ispanya-vergi.jpg 620w\" sizes=\"auto, (max-width: 610px) 100vw, 610px\" \/><\/a>\u0130spanya Kral\u0131 6. Felipe&#8217;nin k\u0131z karde\u015fi Prenses Cristina&#8217;n\u0131n, vergi ka\u00e7ak\u00e7\u0131l\u0131\u011f\u0131yla ilgili y\u00fcr\u00fct\u00fclen soru\u015fturmada san\u0131kl\u0131k durumunun devam\u0131na karar verildi.<\/h1>\n<p>\u0130spanya&#8217;da Palma \u0130l Mahkemesi, &#8220;Noos Olay\u0131&#8221; olarak adland\u0131r\u0131lan soru\u015fturma kapsam\u0131nda Prenses Cristina hakk\u0131ndaki san\u0131kl\u0131k durumunun devam\u0131na karar verdi.<\/p>\n<p>Mahkeme, Prenses Cristina&#8217;n\u0131n 2 vergi su\u00e7undan san\u0131kl\u0131\u011f\u0131n\u0131n devam etmesine, karapara aklad\u0131\u011f\u0131na ili\u015fkin ge\u00e7en haziranda hakim Jose Castro taraf\u0131ndan konulan san\u0131kl\u0131\u011f\u0131n ise kald\u0131r\u0131lmas\u0131na karar verdi\u011fini a\u00e7\u0131klad\u0131.<\/p>\n<p>\u0130spanya Kral\u0131 6. Felipe&#8217;nin k\u0131z karde\u015fi olan ve e\u015fi Palma D\u00fck\u00fc \u0130naki Urdangarin&#8217;in ba\u015fsan\u0131k oldu\u011fu yolsuzluk soru\u015fturmas\u0131na sonradan dahil edilen Prenses Cristina, e\u015fi Urdangarin ile y\u00fczde 50 orta\u011f\u0131 oldu\u011fu Aizoon \u015firketindeki baz\u0131 mali usuls\u00fczl\u00fcklerle su\u00e7lan\u0131yor. Mahkemenin 160 sayfal\u0131k karar metninde, Aizoon&#8217;un mali \u00e7\u0131karlar sa\u011flamak i\u00e7in kurulmu\u015f, paravan bir \u015firket oldu\u011fu \u00f6ne s\u00fcr\u00fcld\u00fc.<\/p>\n<p>Palma Mahkemesi bug\u00fcn ald\u0131\u011f\u0131 kararda ayr\u0131ca, Palma D\u00fck\u00fc \u0130naki Urdangarin, Noos Enstit\u00fcs\u00fc&#8217;ndeki eski orta\u011f\u0131 Diego Torres ve onu e\u015fi Ana Maria Tejeiro hakk\u0131ndaki san\u0131kl\u0131k durumlar\u0131n\u0131n da devam etti\u011fini duyurdu.<\/p>\n<p>\u0130spanya&#8217;da 2010 Temmuz ay\u0131nda ba\u015flat\u0131lan ve halen devam eden &#8220;Noos olay\u0131&#8221; adl\u0131 soru\u015fturmada Urdangarin ve eski orta\u011f\u0131 Diego Torres&#8217;in isimleri ba\u015f san\u0131k olarak \u00f6ne \u00e7\u0131karken, bu ikilinin ge\u00e7mi\u015fte y\u00f6neticisi olduklar\u0131 Noos Enstit\u00fcs\u00fc arac\u0131l\u0131\u011f\u0131yla 2003-2007 y\u0131llar\u0131 aras\u0131nda turizm ve spor alanlar\u0131nda te\u015fvik edici baz\u0131 etkinlikler i\u00e7in kamu b\u00fct\u00e7esinden para al\u0131p, yolsuzluk yapt\u0131klar\u0131 iddia ediliyor.<\/p>\n<!-- Error, Advert is not available at this time due to schedule\/geolocation restrictions! -->\n","protected":false},"excerpt":{"rendered":"<p>\u0130spanya Kral\u0131 6. Felipe&#8217;nin k\u0131z karde\u015fi Prenses Cristina&#8217;n\u0131n, vergi ka\u00e7ak\u00e7\u0131l\u0131\u011f\u0131yla ilgili y\u00fcr\u00fct\u00fclen soru\u015fturmada san\u0131kl\u0131k durumunun devam\u0131na karar verildi.<\/p>\n","protected":false},"author":3,"featured_media":199265,"comment_status":"open","ping_status":"open","sticky":false,"template":"","format":"standard","meta":{"_acf_changed":false,"footnotes":""},"categories":[6770,6665,6155,5005,6202],"tags":[15,107941,177425,177422],"class_list":["post-199260","post","type-post","status-publish","format-standard","has-post-thumbnail","hentry","category-avrupa","category-dunya","category-gundem","category-manset","category-politika","tag-ispanya","tag-ispanya-krali","tag-noos-olayi","tag-prenses-cristina"],"acf":[],"_links":{"self":[{"href":"https:\/\/www.nationalturk.com\/tr\/wp-json\/wp\/v2\/posts\/199260","targetHints":{"allow":["GET"]}}],"collection":[{"href":"https:\/\/www.nationalturk.com\/tr\/wp-json\/wp\/v2\/posts"}],"about":[{"href":"https:\/\/www.nationalturk.com\/tr\/wp-json\/wp\/v2\/types\/post"}],"author":[{"embeddable":true,"href":"https:\/\/www.nationalturk.com\/tr\/wp-json\/wp\/v2\/users\/3"}],"replies":[{"embeddable":true,"href":"https:\/\/www.nationalturk.com\/tr\/wp-json\/wp\/v2\/comments?post=199260"}],"version-history":[{"count":0,"href":"https:\/\/www.nationalturk.com\/tr\/wp-json\/wp\/v2\/posts\/199260\/revisions"}],"wp:featuredmedia":[{"embeddable":true,"href":"https:\/\/www.nationalturk.com\/tr\/wp-json\/wp\/v2\/media\/199265"}],"wp:attachment":[{"href":"https:\/\/www.nationalturk.com\/tr\/wp-json\/wp\/v2\/media?parent=199260"}],"wp:term":[{"taxonomy":"category","embeddable":true,"href":"https:\/\/www.nationalturk.com\/tr\/wp-json\/wp\/v2\/categories?post=199260"},{"taxonomy":"post_tag","embeddable":true,"href":"https:\/\/www.nationalturk.com\/tr\/wp-json\/wp\/v2\/tags?post=199260"}],"curies":[{"name":"wp","href":"https:\/\/api.w.org\/{rel}","templated":true}]}}