{"id":199281,"date":"2014-11-08T10:25:28","date_gmt":"2014-11-08T08:25:28","guid":{"rendered":"http:\/\/www.nationalturk.com\/?p=199281"},"modified":"2014-11-08T10:25:28","modified_gmt":"2014-11-08T08:25:28","slug":"los-angeles-turk-sinemasi-resepsiyon-199281","status":"publish","type":"post","link":"https:\/\/www.nationalturk.com\/tr\/los-angeles-turk-sinemasi-resepsiyon-199281\/","title":{"rendered":"Los Angeles&#8217;ta T\u00fcrk sinemas\u0131 onura resepsiyon"},"content":{"rendered":"<h1><a href=\"http:\/\/www.nationalturk.com\/tr\/wp-content\/uploads\/2014\/11\/omer-celik-amerika-los-angeles.jpg\"><img loading=\"lazy\" decoding=\"async\" class=\"aligncenter size-full wp-image-199284\" src=\"http:\/\/www.nationalturk.com\/tr\/wp-content\/uploads\/2014\/11\/omer-celik-amerika-los-angeles.jpg\" alt=\"omer-celik-amerika-los-angeles\" width=\"610\" height=\"367\" title=\"\" srcset=\"https:\/\/www.nationalturk.com\/tr\/wp-content\/uploads\/2014\/11\/omer-celik-amerika-los-angeles.jpg 610w, https:\/\/www.nationalturk.com\/tr\/wp-content\/uploads\/2014\/11\/omer-celik-amerika-los-angeles-280x168.jpg 280w, https:\/\/www.nationalturk.com\/tr\/wp-content\/uploads\/2014\/11\/omer-celik-amerika-los-angeles-598x360.jpg 598w\" sizes=\"auto, (max-width: 610px) 100vw, 610px\" \/><\/a>K\u00fclt\u00fcr ve Turizm Bakan\u0131 \u00d6mer \u00c7elik, Los Angeles&#8217;ta T\u00fcrk sinemas\u0131n\u0131n 100. y\u0131l\u0131 onuruna resepsiyon verdi. Resepsiyona, sinema d\u00fcnyas\u0131n\u0131n \u00f6nemli y\u00fczleri kat\u0131ld\u0131.<\/h1>\n<p>Sinema sekt\u00f6r\u00fcnde yeni yat\u0131r\u0131m ve i\u015fbirlikleri i\u00e7in temaslar yapmak \u00fczere geldi\u011fi Los Angeles\u2019ta Amerika\u2019n\u0131n \u00f6nde gelen yap\u0131m \u015firketleriyle g\u00f6r\u00fc\u015fen K\u00fclt\u00fcr ve Turizm Bakan\u0131 \u00d6mer \u00c7elik, Los Angeles&#8217;taki Ba\u015fkonsolosluk Rezidans\u0131nda T\u00fcrk sinemas\u0131n\u0131n 100. y\u0131l\u0131 onuruna resepsiyon vererek, sinema d\u00fcnyas\u0131n\u0131n \u00f6nemli y\u00fczleriyle bulu\u015ftu.<\/p>\n<p>Oyuncu Nastassja Kinski, yap\u0131mc\u0131 Timur Savc\u0131, Fadik Sevin Atasoy ve milli basketbolcu Hidayet T\u00fcrko\u011flu, yerli ve yabanc\u0131 bir\u00e7ok \u00fcnl\u00fc ismi bir araya getiren resepsiyonun konuklar\u0131 aras\u0131nda yer ald\u0131.<\/p>\n<p>T\u00fcrkiye&#8217;nin Los Angeles Ba\u015fkonsolosu Raife G\u00fclru Gezer&#8217;in a\u00e7\u0131l\u0131\u015f konu\u015fmas\u0131 yapt\u0131\u011f\u0131 gecede K\u00fclt\u00fcr ve Turizm Bakan\u0131 \u00c7elik de bir konu\u015fma yaparak Los Angeles ba\u015fta olmak \u00fczere t\u00fcm d\u00fcnyadan yap\u0131mc\u0131lar\u0131 T\u00fcrkiye&#8217;ye davet etti.<\/p>\n<p>Konu\u015fmas\u0131nda T\u00fcrkiye&#8217;nin k\u00fclt\u00fcrel zenginli\u011fine dikkat \u00e7eken \u00c7elik, \u015funlar\u0131 s\u00f6yledi:<\/p>\n<p>\u201cT\u00fcrk sinemas\u0131 bir sanat dal\u0131 olman\u0131n \u00f6tesine ge\u00e7mi\u015f, bug\u00fcn T\u00fcrkiye Cumhuriyeti\u2019nin en \u00f6nemli yumu\u015fak g\u00fc\u00e7lerinden biri haline gelmi\u015ftir. T\u00fcrkiye Cumhuriyeti\u2019nin K\u00fclt\u00fcr Bakan\u0131 olarak gurur duyarak belirtmek isterim ki 2010 y\u0131l\u0131ndan beri b\u00fct\u00fcn Avrupa\u2019da yerli film izlenme oran\u0131nda birinci s\u0131raday\u0131z. Bu toplant\u0131ya \u00f6zellikle kat\u0131lmak istedim. T\u00fcrk sinemas\u0131n\u0131n 100. y\u0131l\u0131 kutlamalar\u0131n\u0131 Los Angeles\u2019ta yapmamak olmazd\u0131. Ben de her insan gibi \u00fclkemle gurur duyuyorum. Fakat benim \u00fclkem hakikaten bir mucizedir. Sadece tek bir c\u00fcmleye tek bir paragrafa s\u0131\u011fmayacak kadar b\u00fcy\u00fck bir \u00fclkedir. Anadolu topraklar\u0131 y\u00fczlerce medeniyete ev sahipli\u011fi yapm\u0131\u015ft\u0131r ve muhte\u015fem bir mirasa sahiptir. \u0130\u015fte b\u00fct\u00fcn bunlar T\u00fcrk sinemas\u0131n\u0131n arkas\u0131ndaki b\u00fcy\u00fck k\u00fclt\u00fcrel miras\u0131 g\u00f6stermektedir.&#8221;<\/p>\n<p>Bakan \u00c7elik sinemaya te\u015fvik konusuna da de\u011finerek, &#8220;Ben bakanl\u0131\u011f\u0131m d\u00f6neminde sinemay\u0131 \u00f6zellikle desteklenmesi gereken stratejik bir end\u00fcstri olarak ilan ettim. \u015eimdi yeni bir sinema yasas\u0131 haz\u0131rl\u0131yoruz. Bu yasayla birlikte yabanc\u0131larla ortak yap\u0131mlar haz\u0131rlamaya daha \u00e7ok te\u015fvik verece\u011fiz ve daha \u00e7ok destekleyece\u011fiz. Dolay\u0131s\u0131yla buradaki dostlar\u0131m\u0131z\u0131 bu yasan\u0131n \u00e7\u0131kmas\u0131yla birlikte T\u00fcrkiye\u2019ye davet ediyorum. Ortak yap\u0131mlar\u0131n daha da artmas\u0131 i\u00e7in kendileriyle beraber olmak iste\u011fimizi ifade ediyorum. Ben K\u00fclt\u00fcr Bakan\u0131 olarak \u00f6zellikle Los Angeles\u2019tan ve d\u00fcnyan\u0131n her yerinden T\u00fcrkiye\u2019ye gelip sinema yapanlar\u0131n birinci dereceden destek\u00e7isi olaca\u011f\u0131m. Bir sinema izleyicisi olarak da T\u00fcrk sinemas\u0131n\u0131n daha da geli\u015fmesi i\u00e7in Los Angeles\u2019la \u0130stanbul aras\u0131nda k\u00f6pr\u00fc kurulmas\u0131 i\u00e7in elimden gelen gayreti sarfedece\u011fim&#8221; dedi.<\/p>\n<p>Gecede, Kelebe\u011fin R\u00fcyas\u0131 film m\u00fczikleriyle b\u00fcy\u00fck ba\u015far\u0131lara imza atan m\u00fczisyen Rahman Alt\u0131n&#8217;\u0131n yak\u0131n zamanda Amerika\u2019da yay\u0131na giren Kelebe\u011fin R\u00fcyas\u0131 film m\u00fczikleri CD\u2019sindeki par\u00e7alardan olu\u015fan bir konser verildi. Alt\u0131n&#8217;\u0131n par\u00e7alar\u0131 \u00fcnl\u00fc besteci Randy Kerber ve \u00e7ello sanat\u00e7\u0131s\u0131 Stephen Erdody taraf\u0131ndan icra edildi.<\/p>\n<p>Gecede ayr\u0131ca uzun y\u0131llar Amerika&#8217;da ya\u015fad\u0131ktan sonra Bakanl\u0131\u011f\u0131n davetiyle T\u00fcrkiye&#8217;ye kesin d\u00f6n\u00fc\u015f yapan Ermeni as\u0131ll\u0131 udi sanat\u00e7\u0131 Yervant Bostanc\u0131 da bir k\u0131sa konser verdi.<\/p>\n<!-- Error, Advert is not available at this time due to schedule\/geolocation restrictions! -->\n","protected":false},"excerpt":{"rendered":"<p>K\u00fclt\u00fcr ve Turizm Bakan\u0131 \u00d6mer \u00c7elik, Los Angeles&#8217;ta T\u00fcrk sinemas\u0131n\u0131n 100. y\u0131l\u0131 onuruna resepsiyon verdi. Resepsiyona, sinema d\u00fcnyas\u0131n\u0131n \u00f6nemli y\u00fczleri kat\u0131ld\u0131.<\/p>\n","protected":false},"author":3,"featured_media":199284,"comment_status":"open","ping_status":"open","sticky":false,"template":"","format":"standard","meta":{"_acf_changed":false,"footnotes":""},"categories":[6155,5005,6202,6672,339],"tags":[121032,174217,1076,133353,2234,87692,18480,177224,177226,46795],"class_list":["post-199281","post","type-post","status-publish","format-standard","has-post-thumbnail","hentry","category-gundem","category-manset","category-politika","category-sinema","category-turizm","tag-kelebegin-ruyasi","tag-kelebegin-ruyasi-amerika","tag-kultur-ve-turizm-bakani","tag-kultur-ve-turizm-bakani-omer-celik","tag-los-angeles","tag-los-angeles-amerika","tag-omer-celik","tag-omer-celik-amerika","tag-omer-celik-los-angeles","tag-turk-sinemasi"],"acf":[],"_links":{"self":[{"href":"https:\/\/www.nationalturk.com\/tr\/wp-json\/wp\/v2\/posts\/199281","targetHints":{"allow":["GET"]}}],"collection":[{"href":"https:\/\/www.nationalturk.com\/tr\/wp-json\/wp\/v2\/posts"}],"about":[{"href":"https:\/\/www.nationalturk.com\/tr\/wp-json\/wp\/v2\/types\/post"}],"author":[{"embeddable":true,"href":"https:\/\/www.nationalturk.com\/tr\/wp-json\/wp\/v2\/users\/3"}],"replies":[{"embeddable":true,"href":"https:\/\/www.nationalturk.com\/tr\/wp-json\/wp\/v2\/comments?post=199281"}],"version-history":[{"count":0,"href":"https:\/\/www.nationalturk.com\/tr\/wp-json\/wp\/v2\/posts\/199281\/revisions"}],"wp:featuredmedia":[{"embeddable":true,"href":"https:\/\/www.nationalturk.com\/tr\/wp-json\/wp\/v2\/media\/199284"}],"wp:attachment":[{"href":"https:\/\/www.nationalturk.com\/tr\/wp-json\/wp\/v2\/media?parent=199281"}],"wp:term":[{"taxonomy":"category","embeddable":true,"href":"https:\/\/www.nationalturk.com\/tr\/wp-json\/wp\/v2\/categories?post=199281"},{"taxonomy":"post_tag","embeddable":true,"href":"https:\/\/www.nationalturk.com\/tr\/wp-json\/wp\/v2\/tags?post=199281"}],"curies":[{"name":"wp","href":"https:\/\/api.w.org\/{rel}","templated":true}]}}