{"id":199538,"date":"2014-11-12T09:33:49","date_gmt":"2014-11-12T07:33:49","guid":{"rendered":"http:\/\/www.nationalturk.com\/?p=199538"},"modified":"2014-11-12T09:33:49","modified_gmt":"2014-11-12T07:33:49","slug":"cnn-international-rusya-199538","status":"publish","type":"post","link":"https:\/\/www.nationalturk.com\/tr\/cnn-international-rusya-199538\/","title":{"rendered":"CNN International Rusya&#8217;dan \u00e7ekiliyor!"},"content":{"rendered":"<h1><a href=\"http:\/\/www.nationalturk.com\/tr\/wp-content\/uploads\/2014\/11\/cnn-international-rusya.jpeg\"><img loading=\"lazy\" decoding=\"async\" class=\"aligncenter size-full wp-image-199540\" src=\"http:\/\/www.nationalturk.com\/tr\/wp-content\/uploads\/2014\/11\/cnn-international-rusya.jpeg\" alt=\"\" width=\"610\" height=\"326\" title=\"\" srcset=\"https:\/\/www.nationalturk.com\/tr\/wp-content\/uploads\/2014\/11\/cnn-international-rusya.jpeg 610w, https:\/\/www.nationalturk.com\/tr\/wp-content\/uploads\/2014\/11\/cnn-international-rusya-280x149.jpeg 280w\" sizes=\"auto, (max-width: 610px) 100vw, 610px\" \/><\/a>Amerikan\u00a0haber\u00a0kanal\u0131 CNN International, 31 Aral\u0131k 2014 itibariyle Rusya&#8217;daki kablolu yay\u0131n\u0131na son verme karar\u0131 ald\u0131.<\/h1>\n<p>Rus bas\u0131n\u0131nda yer alan haberlere g\u00f6re, CNN International, Rusya&#8217;daki kablolu yay\u0131n operat\u00f6rlerine bildiri g\u00f6ndererek, buradaki yay\u0131n\u0131na 31 Aral\u0131k&#8217;da son verece\u011fini bildirdi.<\/p>\n<p>CNN&#8217;in bu karar\u0131n\u0131n arkas\u0131nda Rusya&#8217;da ge\u00e7en aylarda y\u00fcr\u00fcrl\u00fc\u011fe giren yabanc\u0131 medya kurulu\u015flar\u0131yla ilgili kanun oldu\u011fu tahmin ediliyor.<\/p>\n<p>\u00d6te yandan Rusya \u0130leti\u015fim ve Haberle\u015fme Bakanl\u0131\u011f\u0131, CNN&#8217;in yasalara g\u00f6re Rusya&#8217;da kablolu veya uydu \u00fczerinden yay\u0131n yapmas\u0131nda herhangi bir engel olmad\u0131\u011f\u0131n\u0131 a\u00e7\u0131klad\u0131.<\/p>\n<p>Rusya Devlet Ba\u015fkan\u0131 Vladimir Putin taraf\u0131ndan 15 Ekim&#8217;de imzalanan kanunla, Rus medya kurulu\u015flar\u0131n\u0131n yabanc\u0131 bir sahibinin olmas\u0131 yasaklanm\u0131\u015f ve yabanc\u0131 ortaklar\u0131n pay\u0131 y\u00fczde 20 ile s\u0131n\u0131rland\u0131r\u0131lm\u0131\u015ft\u0131.<\/p>\n<!-- Error, Advert is not available at this time due to schedule\/geolocation restrictions! -->\n","protected":false},"excerpt":{"rendered":"<p>Amerikan haber kanal\u0131 CNN International, 31 Aral\u0131k 2014 itibariyle Rusya&#8217;daki kablolu yay\u0131n\u0131na son verme karar\u0131 ald\u0131. <\/p>\n","protected":false},"author":3,"featured_media":199540,"comment_status":"open","ping_status":"open","sticky":false,"template":"","format":"standard","meta":{"_acf_changed":false,"footnotes":""},"categories":[6770,6665,6155,6667],"tags":[100787,721,38016,1530],"class_list":["post-199538","post","type-post","status-publish","format-standard","has-post-thumbnail","hentry","category-avrupa","category-dunya","category-gundem","category-medya","tag-cnn-international","tag-rusya","tag-rusya-devlet-baskani","tag-vladimir-putin"],"acf":[],"_links":{"self":[{"href":"https:\/\/www.nationalturk.com\/tr\/wp-json\/wp\/v2\/posts\/199538","targetHints":{"allow":["GET"]}}],"collection":[{"href":"https:\/\/www.nationalturk.com\/tr\/wp-json\/wp\/v2\/posts"}],"about":[{"href":"https:\/\/www.nationalturk.com\/tr\/wp-json\/wp\/v2\/types\/post"}],"author":[{"embeddable":true,"href":"https:\/\/www.nationalturk.com\/tr\/wp-json\/wp\/v2\/users\/3"}],"replies":[{"embeddable":true,"href":"https:\/\/www.nationalturk.com\/tr\/wp-json\/wp\/v2\/comments?post=199538"}],"version-history":[{"count":0,"href":"https:\/\/www.nationalturk.com\/tr\/wp-json\/wp\/v2\/posts\/199538\/revisions"}],"wp:featuredmedia":[{"embeddable":true,"href":"https:\/\/www.nationalturk.com\/tr\/wp-json\/wp\/v2\/media\/199540"}],"wp:attachment":[{"href":"https:\/\/www.nationalturk.com\/tr\/wp-json\/wp\/v2\/media?parent=199538"}],"wp:term":[{"taxonomy":"category","embeddable":true,"href":"https:\/\/www.nationalturk.com\/tr\/wp-json\/wp\/v2\/categories?post=199538"},{"taxonomy":"post_tag","embeddable":true,"href":"https:\/\/www.nationalturk.com\/tr\/wp-json\/wp\/v2\/tags?post=199538"}],"curies":[{"name":"wp","href":"https:\/\/api.w.org\/{rel}","templated":true}]}}