{"id":199750,"date":"2014-11-14T14:23:41","date_gmt":"2014-11-14T12:23:41","guid":{"rendered":"http:\/\/www.nationalturk.com\/?p=199750"},"modified":"2014-11-14T14:23:41","modified_gmt":"2014-11-14T12:23:41","slug":"25-yasinda-hicbir-tecrubesi-yok-ama-bakanlikta-musavir-cunku-milletvekili-oglu-199750","status":"publish","type":"post","link":"https:\/\/www.nationalturk.com\/tr\/25-yasinda-hicbir-tecrubesi-yok-ama-bakanlikta-musavir-cunku-milletvekili-oglu-199750\/","title":{"rendered":"25 ya\u015f\u0131nda, hi\u00e7bir tecr\u00fcbesi yok, memur bile de\u011fil ama bakanl\u0131kta m\u00fc\u015favir! \u00c7\u00fcnk\u00fc milletvekili o\u011flu"},"content":{"rendered":"<p><img loading=\"lazy\" decoding=\"async\" class=\"alignnone size-full wp-image-199751\" src=\"http:\/\/www.nationalturk.com\/tr\/wp-content\/uploads\/2014\/11\/alaattin_unuvar.jpeg\" alt=\"Alaattin \u00dcn\u00fcvar\" width=\"610\" height=\"330\" title=\"\"><\/p>\n<h1>Enerji ve Tabii Kaynaklar Bakan\u0131 Taner Y\u0131ld\u0131z skandal bir atamaya imza att\u0131! Taner Y\u0131ld\u0131z, AKP Adana Milletvekili Necdet \u00dcn\u00fcvar&#8217;\u0131n 25 ya\u015f\u0131nda, hi\u00e7bir tecr\u00fcbesi olmayan, 1 y\u0131ll\u0131k mezun o\u011flu Alaattin \u00dcn\u00fcvar&#8217;\u0131 bakanl\u0131\u011fa m\u00fc\u015favir olarak atad\u0131!<\/h1>\n<p>Taraf Gazetesi&#8217;nin haberine g\u00f6re Soma ve Ermenek\u2019teki maden facialar\u0131yla tart\u0131\u015f\u0131lan Enerji Bakanl\u0131\u011f\u0131, ilgin\u00e7 bir atamaya imza att\u0131. Enerji ve Tabii Kaynaklar Bakan\u0131 Taner Y\u0131ld\u0131z, TBMM Sa\u011fl\u0131k ve \u00c7al\u0131\u015fma Komisyonu Ba\u015fkan\u0131 AK Parti Adana Milletvekili Necdet \u00dcn\u00fcvar\u2019\u0131n 25 ya\u015f\u0131ndaki o\u011flunu bakanl\u0131\u011fa dan\u0131\u015fman olarak atad\u0131. Hurriyet.com.tr&#8217;nin ula\u015ft\u0131\u011f\u0131 Enerji Bakanl\u0131\u011f\u0131 kaynaklar\u0131 ise \u00dcn\u00fcvar&#8217;\u0131n o\u011flu Alaattin \u00dcn\u00fcvar&#8217;\u0131n dan\u0131\u015fman de\u011fil bakanl\u0131k m\u00fc\u015faviri olarak atamas\u0131n\u0131n yap\u0131ld\u0131\u011f\u0131n\u0131 s\u00f6yledi. Alaattin \u00dcn\u00fcvar 2013 y\u0131l\u0131nda \u00fcniversiteden mezun olmu\u015ftu.<\/p>\n<p>25 ya\u015f\u0131ndaki \u00dcn\u00fcvar\u2019\u0131n bug\u00fcne kadar tek tecr\u00fcbesinin ise \u201cAKP gen\u00e7lik kollar\u0131 \u00fcyeli\u011fi\u201d olmas\u0131 dikkat \u00e7ekti.<\/p>\n<p>Alaattin \u00dcn\u00fcvar\u2019\u0131n atama kararnamesi Resm\u00ee Gazete\u2019nin d\u00fcnk\u00fc say\u0131s\u0131nda yay\u0131mlad\u0131. \u00dcn\u00fcvar; Cumhurba\u015fkan\u0131 Tayyip Erdo\u011fan, Ba\u015fbakan Ahmet Davuto\u011flu ile Enerji ve Tabii Kaynaklar Bakan\u0131 Taner Y\u0131ld\u0131z\u2019\u0131n imzas\u0131 ile atand\u0131. Kararda Alaattin \u00dcn\u00fcvar\u2019\u0131n Bakanl\u0131k M\u00fc\u015favirli\u011fi g\u00f6revini y\u00fcr\u00fctece\u011fi kaydedildi. \u00dcn\u00fcvar, kamuda \u00fcst d\u00fczey b\u00fcrokratlara verilen 3600 ek g\u00f6sterge \u00fczerinden maa\u015f alacak. \u00dcn\u00fcvar, bu atamayla \u201cmemurluk s\u0131nav\u0131ndan\u201d da muaf tutulmu\u015f oldu.<\/p>\n<!-- Error, Advert is not available at this time due to schedule\/geolocation restrictions! -->\n","protected":false},"excerpt":{"rendered":"<p>Enerji ve Tabii Kaynaklar Bakan\u0131 Taner Y\u0131ld\u0131z skandal bir atamaya imza att\u0131! Taner Y\u0131ld\u0131z, AKP Adana Milletvekili Necdet \u00dcn\u00fcvar&#8217;\u0131n 25 ya\u015f\u0131nda, hi\u00e7bir tecr\u00fcbesi olmayan, 1 y\u0131ll\u0131k mezun o\u011flu Alaattin \u00dcn\u00fcvar&#8217;\u0131 bakanl\u0131\u011fa m\u00fc\u015favir olarak atad\u0131!<\/p>\n","protected":false},"author":4,"featured_media":199751,"comment_status":"open","ping_status":"open","sticky":false,"template":"","format":"standard","meta":{"_acf_changed":false,"footnotes":""},"categories":[6155,5005,6202,6805],"tags":[8773,93349,36600,7317],"class_list":["post-199750","post","type-post","status-publish","format-standard","has-post-thumbnail","hentry","category-gundem","category-manset","category-politika","category-turkiye","tag-ahmet-davutoglu","tag-enerji-ve-tabii-kaynaklar-bakanligi","tag-necdet-unuvar","tag-taner-yildiz"],"acf":[],"_links":{"self":[{"href":"https:\/\/www.nationalturk.com\/tr\/wp-json\/wp\/v2\/posts\/199750","targetHints":{"allow":["GET"]}}],"collection":[{"href":"https:\/\/www.nationalturk.com\/tr\/wp-json\/wp\/v2\/posts"}],"about":[{"href":"https:\/\/www.nationalturk.com\/tr\/wp-json\/wp\/v2\/types\/post"}],"author":[{"embeddable":true,"href":"https:\/\/www.nationalturk.com\/tr\/wp-json\/wp\/v2\/users\/4"}],"replies":[{"embeddable":true,"href":"https:\/\/www.nationalturk.com\/tr\/wp-json\/wp\/v2\/comments?post=199750"}],"version-history":[{"count":0,"href":"https:\/\/www.nationalturk.com\/tr\/wp-json\/wp\/v2\/posts\/199750\/revisions"}],"wp:featuredmedia":[{"embeddable":true,"href":"https:\/\/www.nationalturk.com\/tr\/wp-json\/wp\/v2\/media\/199751"}],"wp:attachment":[{"href":"https:\/\/www.nationalturk.com\/tr\/wp-json\/wp\/v2\/media?parent=199750"}],"wp:term":[{"taxonomy":"category","embeddable":true,"href":"https:\/\/www.nationalturk.com\/tr\/wp-json\/wp\/v2\/categories?post=199750"},{"taxonomy":"post_tag","embeddable":true,"href":"https:\/\/www.nationalturk.com\/tr\/wp-json\/wp\/v2\/tags?post=199750"}],"curies":[{"name":"wp","href":"https:\/\/api.w.org\/{rel}","templated":true}]}}