{"id":200055,"date":"2014-11-18T09:28:00","date_gmt":"2014-11-18T07:28:00","guid":{"rendered":"http:\/\/www.nationalturk.com\/?p=200055"},"modified":"2014-11-18T09:28:00","modified_gmt":"2014-11-18T07:28:00","slug":"17-aralikta-montaj-iddiasi-da-coktu-adli-tip-ses-kayitlarinda-degisiklik-yok-200055","status":"publish","type":"post","link":"https:\/\/www.nationalturk.com\/tr\/17-aralikta-montaj-iddiasi-da-coktu-adli-tip-ses-kayitlarinda-degisiklik-yok-200055\/","title":{"rendered":"17 Aral\u0131k&#8217;ta &#8220;montaj&#8221; iddias\u0131 da \u00e7\u00f6kt\u00fc! Adli T\u0131p: Ses kay\u0131tlar\u0131nda de\u011fi\u015fiklik yok"},"content":{"rendered":"<p><img loading=\"lazy\" decoding=\"async\" class=\"alignnone size-full wp-image-200056\" src=\"http:\/\/www.nationalturk.com\/tr\/wp-content\/uploads\/2014\/11\/bakanlar_rusvet.png\" alt=\"Bakanlar r\u00fc\u015fvet\" width=\"610\" height=\"380\" title=\"\"><\/p>\n<h1>17 Aral\u0131k yolsuzluk soru\u015fturmas\u0131nda ortaya d\u00f6k\u00fclen ses kay\u0131tlar\u0131n\u0131 inceleyen Adli T\u0131p Kurumu Fizik \u0130htisas Dairesi Ses ve G\u00f6r\u00fcnt\u00fc \u0130nceleme \u015eubesi, 2483 kayd\u0131n \u00e7\u00f6z\u00fcm\u00fcnde, &#8216;C\u00fcmle eklemesi veya c\u00fcmle \u00e7\u0131kartmas\u0131 sonucu anlam b\u00fct\u00fcn\u00fcl\u00fc\u011f\u00fcn\u00fc bozacak de\u011fi\u015fiklik&#8217; tespit edilmedi\u011fine karar verdi.<\/h1>\n<p>AKP&#8217;li eski bakanlar Muammer G\u00fcler, Zafer \u00c7a\u011flayan, Egemen Ba\u011f\u0131\u015f ve Erdo\u011fan Bayraktar hakk\u0131nda kurulan Meclis Soru\u015fturma Komisyonu\u2019nun \u0130stanbul Cumhuriyet Ba\u015fsavc\u0131l\u0131\u011f\u0131\u2019ndan edindi\u011fi bilgiler \u00fczerine muhalefet milletvekillerinin ayr\u0131nt\u0131l\u0131 inceleme talep etti\u011fi konu ba\u015fl\u0131klar\u0131 artt\u0131.<\/p>\n<p>H\u00fcrriyet&#8217;ten B\u00fclent Sar\u0131o\u011flu&#8217;nun haberine g\u00f6re, Adli T\u0131p Kurumu Fizik \u0130htisas Dairesi Ses ve G\u00f6r\u00fcnt\u00fc \u0130nceleme \u015eubesi, 17 Aral\u0131k soru\u015fturmas\u0131yla ilgili Emniyet\u2019in tapeye (ses kay\u0131tlar\u0131n\u0131n \u00e7\u00f6z\u00fcm metni) d\u00f6n\u00fc\u015ft\u00fcrd\u00fc\u011f\u00fc 2 bin 593 ayr\u0131 ses kayd\u0131nda \u2018uygunluk\u2019 incelemesi yapt\u0131. T\u00fcrk\u00e7e konu\u015fmalar\u0131n yer ald\u0131\u011f\u0131 2 bin 483 kayd\u0131n \u00e7\u00f6z\u00fcm\u00fcnde, 29 Nisan 2014 tarihli rapora g\u00f6re \u201cc\u00fcmle eklemesi veya c\u00fcmle \u00e7\u0131kartmas\u0131 sonucu anlam b\u00fct\u00fcn\u00fcl\u00fc\u011f\u00fcn\u00fc bozacak de\u011fi\u015fiklik\u201d tespit edilmedi. 100 kay\u0131t yabanc\u0131 dilde oldu\u011fundan inceleme yap\u0131lamad\u0131. 20 adet DVD, 2 adet harici harddisk ile 12 klas\u00f6rden olu\u015fan tapelerle ilgili haz\u0131rlanan raporda Adli Fen Bilimleri Uzman\u0131 Fizik \u0130htisas Dairesi Ba\u015fkan\u0131 Prof. Dr. B\u00fclent \u00dcner, Ses ve G\u00f6r\u00fcnt\u00fc \u0130nceleme \u015eube M\u00fcd\u00fcr\u00fc Uzman Dr. Timur Kaan G\u00fcnd\u00fcz ile fizik m\u00fchendisleri Nurettin \u00d6m\u00fcr ve O\u011fuz Kas\u0131m Kara\u2019n\u0131n imzalar\u0131 yer ald\u0131. Raporda \u015fu tespit yap\u0131ld\u0131:<\/p>\n<p>\u201c\u0130nceleme konusu t\u00fcm ses kay\u0131tlar\u0131 ile ses kay\u0131tlar\u0131na ait tapelerde yap\u0131lan kar\u015f\u0131la\u015ft\u0131rma sonucunda; basit imla ve yaz\u0131m hatalar\u0131 d\u0131\u015f\u0131nda, konu\u015fman\u0131n anlam b\u00fct\u00fcnl\u00fc\u011f\u00fcn\u00fc bozacak herhangi bir bulgunun tespit edilemedi\u011fi. Tespit edilen yaz\u0131m hatalar\u0131n\u0131n s\u0131kl\u0131kla; konu\u015fmalar\u0131n \u00fcst \u00fcste binmesi, seslendirilen kelimenin T\u00fcrk\u00e7e d\u0131\u015f\u0131 kelime olmas\u0131 durumlar\u0131nda meydana geldi\u011fi, bir b\u00fct\u00fcn olarak c\u00fcmle eklemesi veya c\u00fcmle \u00e7\u0131kart\u0131lmas\u0131 sonucu anlam b\u00fct\u00fcnl\u00fc\u011f\u00fcn\u00fc bozacak bir de\u011fi\u015fikli\u011fin tespit edilemedi\u011fi bildirir kanaat raporudur.\u201d<\/p>\n<p>TAPE klas\u00f6rlerinde ID numaras\u0131yla \u00e7\u00f6z\u00fcm\u00fcne yer verilen 10 g\u00f6r\u00fc\u015fme ise \u2018wav\u2019 uzant\u0131l\u0131 ses kay\u0131tlar\u0131nda bulunamad\u0131. \u201cG\u00f6nderilen medyalar i\u00e7inde bulunmad\u0131\u011f\u0131\u201d bildirilen 10 tapenin kay\u0131t numaralar\u0131 \u015funlar: \u201c21917665303- 1811870467- 1830979305- 1830979305- 1830985149- 1830994485- 183101233- 1831058204- 1831731481- 1875507124.\u201d Adli T\u0131p, tape metinlerinde baz\u0131 sayfa numaralar\u0131n\u0131n iki kez yaz\u0131lmas\u0131, 234 numaral\u0131 sayfaya 334 yaz\u0131lmas\u0131, 236 yerine 216, 466 yerine 456 yaz\u0131lmas\u0131 ve sonraki sayfalar\u0131n yanl\u0131\u015f s\u0131ralamayla devam etmesi gibi hatalar\u0131 da d\u00fczeltti.<\/p>\n<p>Komisyondaki muhalefet milletvekilleri, \u015fimdi Adli T\u0131p incelemesiyle ilgili sorulara da yan\u0131t bulunmas\u0131n\u0131 istiyor. Sosyal medyaya d\u00fc\u015fen ve T\u00dcB\u0130TAK taraf\u0131ndan \u2018montaj\u2019 raporu verilen baz\u0131 ses kay\u0131tlar\u0131n\u0131n ID numaras\u0131 olup olmad\u0131\u011f\u0131, bunlar\u0131n savc\u0131l\u0131ktaki soru\u015fturma dosyas\u0131na ve Adli T\u0131p incelemesine dahil olup olmad\u0131\u011f\u0131 bilinmiyor. Muhalif komisyon \u00fcyeleri, Adli T\u0131p\u2019\u0131n uygunluk raporunun\u00a0T\u00dcB\u0130TAK\u2019\u0131n raporundaki kay\u0131tlar\u0131 kapsay\u0131p kapsamad\u0131\u011f\u0131, 10 tapeye ait kay\u0131tlar\u0131n nerede oldu\u011fu, soru\u015fturmayla ilgisi olmayan ki\u015filere ait olup imha edildiyse tapelerin neden dosyada yer ald\u0131\u011f\u0131 gibi sorular\u0131n soru\u015fturulmas\u0131n\u0131 talep ediyor. \u00d6zellikle CHP\u2019li \u00fcyeler, operasyonu yapt\u0131ktan sonra a\u00e7\u0131\u011fa al\u0131nan veya g\u00f6rev yerleri de\u011fi\u015ftirilen polisler ve savc\u0131lar\u0131n bu ama\u00e7la da Meclis\u2019e ifadeye \u00e7a\u011fr\u0131lmas\u0131n\u0131 istiyor.<\/p>\n<!-- Error, Advert is not available at this time due to schedule\/geolocation restrictions! -->\n","protected":false},"excerpt":{"rendered":"<p>17 Aral\u0131k yolsuzluk soru\u015fturmas\u0131nda ortaya d\u00f6k\u00fclen ses kay\u0131tlar\u0131n\u0131 inceleyen Adli T\u0131p Kurumu Fizik \u0130htisas Dairesi Ses ve G\u00f6r\u00fcnt\u00fc \u0130nceleme \u015eubesi, 2483 kayd\u0131n \u00e7\u00f6z\u00fcm\u00fcnde, &#8216;C\u00fcmle eklemesi veya c\u00fcmle \u00e7\u0131kartmas\u0131 sonucu anlam b\u00fct\u00fcn\u00fcl\u00fc\u011f\u00fcn\u00fc bozacak de\u011fi\u015fiklik&#8217; tespit edilmedi\u011fine karar verdi.<\/p>\n","protected":false},"author":4,"featured_media":200056,"comment_status":"open","ping_status":"open","sticky":false,"template":"","format":"standard","meta":{"_acf_changed":false,"footnotes":""},"categories":[6155,5005,6202,349,6805],"tags":[3888,155058,787,154978,164771,11670],"class_list":["post-200055","post","type-post","status-publish","format-standard","has-post-thumbnail","hentry","category-gundem","category-manset","category-politika","category-son-dakika","category-turkiye","tag-basbakan-erdogan","tag-erdogan-ses-kaydi","tag-recep-tayyip-erdogan","tag-ses-kayitlari","tag-sifirlama-ses-kaydi","tag-tubitak"],"acf":[],"_links":{"self":[{"href":"https:\/\/www.nationalturk.com\/tr\/wp-json\/wp\/v2\/posts\/200055","targetHints":{"allow":["GET"]}}],"collection":[{"href":"https:\/\/www.nationalturk.com\/tr\/wp-json\/wp\/v2\/posts"}],"about":[{"href":"https:\/\/www.nationalturk.com\/tr\/wp-json\/wp\/v2\/types\/post"}],"author":[{"embeddable":true,"href":"https:\/\/www.nationalturk.com\/tr\/wp-json\/wp\/v2\/users\/4"}],"replies":[{"embeddable":true,"href":"https:\/\/www.nationalturk.com\/tr\/wp-json\/wp\/v2\/comments?post=200055"}],"version-history":[{"count":0,"href":"https:\/\/www.nationalturk.com\/tr\/wp-json\/wp\/v2\/posts\/200055\/revisions"}],"wp:featuredmedia":[{"embeddable":true,"href":"https:\/\/www.nationalturk.com\/tr\/wp-json\/wp\/v2\/media\/200056"}],"wp:attachment":[{"href":"https:\/\/www.nationalturk.com\/tr\/wp-json\/wp\/v2\/media?parent=200055"}],"wp:term":[{"taxonomy":"category","embeddable":true,"href":"https:\/\/www.nationalturk.com\/tr\/wp-json\/wp\/v2\/categories?post=200055"},{"taxonomy":"post_tag","embeddable":true,"href":"https:\/\/www.nationalturk.com\/tr\/wp-json\/wp\/v2\/tags?post=200055"}],"curies":[{"name":"wp","href":"https:\/\/api.w.org\/{rel}","templated":true}]}}