{"id":200177,"date":"2014-11-19T10:44:25","date_gmt":"2014-11-19T08:44:25","guid":{"rendered":"http:\/\/www.nationalturk.com\/?p=200177"},"modified":"2023-11-20T00:34:17","modified_gmt":"2023-11-19T21:34:17","slug":"gezi-parkinda-yeniden-is-makineleri-200177","status":"publish","type":"post","link":"https:\/\/www.nationalturk.com\/tr\/gezi-parkinda-yeniden-is-makineleri-200177\/","title":{"rendered":"Gezi Park\u0131&#8217;nda yeniden i\u015f makineleri!"},"content":{"rendered":"<p><img loading=\"lazy\" decoding=\"async\" class=\"alignnone size-full wp-image-200179\" src=\"http:\/\/www.nationalturk.com\/tr\/wp-content\/uploads\/2014\/11\/gezi_parki_otobus_duragi.jpg\" alt=\"Gezi Park\u0131 otob\u00fcs dura\u011f\u0131\" width=\"610\" height=\"404\" title=\"\" srcset=\"https:\/\/www.nationalturk.com\/tr\/wp-content\/uploads\/2014\/11\/gezi_parki_otobus_duragi.jpg 610w, https:\/\/www.nationalturk.com\/tr\/wp-content\/uploads\/2014\/11\/gezi_parki_otobus_duragi-180x120.jpg 180w, https:\/\/www.nationalturk.com\/tr\/wp-content\/uploads\/2014\/11\/gezi_parki_otobus_duragi-280x185.jpg 280w, https:\/\/www.nationalturk.com\/tr\/wp-content\/uploads\/2014\/11\/gezi_parki_otobus_duragi-543x360.jpg 543w\" sizes=\"auto, (max-width: 610px) 100vw, 610px\" \/><\/p>\n<p>Gezi Park\u0131&#8217;n\u0131n Cumhuriyet Caddesi taraf\u0131nda bir b\u00f6l\u00fcm\u00fcn kaz\u0131lmas\u0131 sivil toplum kurulu\u015flar\u0131n\u0131 harekete ge\u00e7irdi. Caddedeki otob\u00fcs dura\u011f\u0131n\u0131n park i\u00e7ine al\u0131naca\u011f\u0131 ileri s\u00fcr\u00fcl\u00fcrken vatanda\u015flar duruma tepki g\u00f6sterdi.<\/p>\n<p>Taksim Gezi Park\u0131 Top\u00e7u K\u0131\u015flas\u0131 projesinin yeniden \u0130stanbul B\u00fcy\u00fck\u015fehir Belediyesi g\u00fcndemine al\u0131nmas\u0131 d\u00fcn g\u00fcndeme bomba gibi d\u00fc\u015ferken bug\u00fcn de parka 1 y\u0131l aradan sonra i\u015f makineleri girdi.\u00a0Taksim Gezi Park\u0131\u2018n\u0131n Cumhuriyet Caddesi taraf\u0131ndaki bir b\u00f6l\u00fcm\u00fcn\u00fcn kaz\u0131lm\u0131\u015f halde oldu\u011funu fark eden 20 ki\u015filik grup, caddedeki otob\u00fcs dura\u011f\u0131n\u0131n Gezi Park\u0131\u2018na al\u0131naca\u011f\u0131n\u0131 iddia ederek gece saatlerinde b\u00f6lgede topland\u0131.<\/p>\n<p>Parkta \u0130stanbul B\u00fcy\u00fck\u015fehir Belediyesi&#8217;nden yetkili veya i\u015f\u00e7i bulunmazken grup bekleyi\u015fini s\u00fcrd\u00fcr\u00fcyor.<\/p>\n<!-- Error, Advert is not available at this time due to schedule\/geolocation restrictions! -->\n","protected":false},"excerpt":{"rendered":"<p>Gezi Park\u0131&#8217;n\u0131n Cumhuriyet Caddesi taraf\u0131nda bir b\u00f6l\u00fcm\u00fcn kaz\u0131lmas\u0131 sivil toplum kurulu\u015flar\u0131n\u0131 harekete ge\u00e7irdi. Caddedeki otob\u00fcs dura\u011f\u0131n\u0131n park i\u00e7ine al\u0131naca\u011f\u0131 ileri s\u00fcr\u00fcl\u00fcrken vatanda\u015flar duruma tepki g\u00f6sterdi.<\/p>\n","protected":false},"author":4,"featured_media":200179,"comment_status":"open","ping_status":"open","sticky":false,"template":"","format":"standard","meta":{"_acf_changed":false,"footnotes":""},"categories":[221420,6155,5005,6202,349,6805],"tags":[92829,131908,3805,14663],"class_list":["post-200177","post","type-post","status-publish","format-standard","has-post-thumbnail","hentry","category-gezi-parki-olaylari","category-gundem","category-manset","category-politika","category-son-dakika","category-turkiye","tag-gezi-parki","tag-gezi-parki-son-dakika","tag-taksim","tag-taksim-gezi-parki"],"acf":[],"_links":{"self":[{"href":"https:\/\/www.nationalturk.com\/tr\/wp-json\/wp\/v2\/posts\/200177","targetHints":{"allow":["GET"]}}],"collection":[{"href":"https:\/\/www.nationalturk.com\/tr\/wp-json\/wp\/v2\/posts"}],"about":[{"href":"https:\/\/www.nationalturk.com\/tr\/wp-json\/wp\/v2\/types\/post"}],"author":[{"embeddable":true,"href":"https:\/\/www.nationalturk.com\/tr\/wp-json\/wp\/v2\/users\/4"}],"replies":[{"embeddable":true,"href":"https:\/\/www.nationalturk.com\/tr\/wp-json\/wp\/v2\/comments?post=200177"}],"version-history":[{"count":0,"href":"https:\/\/www.nationalturk.com\/tr\/wp-json\/wp\/v2\/posts\/200177\/revisions"}],"wp:featuredmedia":[{"embeddable":true,"href":"https:\/\/www.nationalturk.com\/tr\/wp-json\/wp\/v2\/media\/200179"}],"wp:attachment":[{"href":"https:\/\/www.nationalturk.com\/tr\/wp-json\/wp\/v2\/media?parent=200177"}],"wp:term":[{"taxonomy":"category","embeddable":true,"href":"https:\/\/www.nationalturk.com\/tr\/wp-json\/wp\/v2\/categories?post=200177"},{"taxonomy":"post_tag","embeddable":true,"href":"https:\/\/www.nationalturk.com\/tr\/wp-json\/wp\/v2\/tags?post=200177"}],"curies":[{"name":"wp","href":"https:\/\/api.w.org\/{rel}","templated":true}]}}