{"id":200221,"date":"2014-11-19T12:31:23","date_gmt":"2014-11-19T10:31:23","guid":{"rendered":"http:\/\/www.nationalturk.com\/?p=200221"},"modified":"2014-11-19T12:31:23","modified_gmt":"2014-11-19T10:31:23","slug":"van-muradiyede-agac-katliami-600-meyve-agacini-kestiler-200221","status":"publish","type":"post","link":"https:\/\/www.nationalturk.com\/tr\/van-muradiyede-agac-katliami-600-meyve-agacini-kestiler-200221\/","title":{"rendered":"Van Muradiye&#8217;de a\u011fa\u00e7 katliam\u0131! 600 meyve a\u011fac\u0131n\u0131 kestiler"},"content":{"rendered":"<p><img loading=\"lazy\" decoding=\"async\" class=\"alignnone size-large wp-image-200222\" src=\"http:\/\/www.nationalturk.com\/tr\/wp-content\/uploads\/2014\/11\/van_muradiye-meyve-610x325.jpg\" alt=\"Van Muradiye\" width=\"610\" height=\"325\" title=\"\" srcset=\"https:\/\/www.nationalturk.com\/tr\/wp-content\/uploads\/2014\/11\/van_muradiye-meyve-610x325.jpg 610w, https:\/\/www.nationalturk.com\/tr\/wp-content\/uploads\/2014\/11\/van_muradiye-meyve-280x149.jpg 280w, https:\/\/www.nationalturk.com\/tr\/wp-content\/uploads\/2014\/11\/van_muradiye-meyve.jpg 664w\" sizes=\"auto, (max-width: 610px) 100vw, 610px\" \/><\/p>\n<h1>Van&#8217;\u0131n Muradiye il\u00e7esinde bir vatanda\u015fa ait bah\u00e7edeki 600 meyve a\u011fac\u0131, kimli\u011fi belirlenemeyen ki\u015filerce kesildi. A\u011fa\u00e7lar\u0131n 2 y\u0131ld\u0131r meyve verdi\u011fini s\u00f6yleyen arazi sahibi Hamza Bulut ya\u015fananlara tepki g\u00f6sterdi.<\/h1>\n<p>A\u00e7\u0131kyol Mahallesi&#8217;nde ya\u015fayan Hamza Bulut&#8217;a ait 40 bin metrekarelik bah\u00e7eye gece saatlerinde giren kimli\u011fi belirsiz ki\u015filer, 600 meyve a\u011fac\u0131n\u0131 diplerinden kesti.<\/p>\n<p>Sabah saatlerinde olay\u0131 haber alan Bulut, evine 5 kilometre mesafedeki bah\u00e7esine gitti. A\u011fa\u00e7lar\u0131n kesildi\u011fini g\u00f6ren Bulut, durumu g\u00fcvenlik g\u00fc\u00e7lerine bildirdi. Yap\u0131lan incelemenin ard\u0131ndan olay\u0131 ger\u00e7ekle\u015ftiren ki\u015filerin yakalanmas\u0131 i\u00e7in \u00e7al\u0131\u015fma ba\u015flat\u0131ld\u0131.<\/p>\n<p>Kesilen a\u011fa\u00e7lar\u0131n\u0131 macunlay\u0131p tekrar tutmas\u0131 i\u00e7in bandajla saran Bulut, gazetecilere yapt\u0131\u011f\u0131 a\u00e7\u0131klamada, 5 y\u0131l \u00f6nce emekliye ayr\u0131l\u0131p haz\u0131rlad\u0131\u011f\u0131 &#8220;Meyve Bah\u00e7esi A\u011fa\u00e7land\u0131rma Projesi&#8221; kapsam\u0131nda, 40 d\u00f6n\u00fcml\u00fck arazi \u00fczerine meyve fidanlar\u0131 dikti\u011fini s\u00f6yledi.<\/p>\n<p>A\u011fa\u00e7lar\u0131n 2 y\u0131ld\u0131r meyve vermeye ba\u015flad\u0131\u011f\u0131n\u0131 anlatan Bulut, \u015f\u00f6yle konu\u015ftu:<\/p>\n<p>&#8220;5 y\u0131ll\u0131k b\u00fct\u00fcn eme\u011fimize zarar veren caniler a\u011fa\u00e7lar\u0131n da bir canl\u0131 oldu\u011funu fark\u0131nda de\u011filler. Peygamber efendimizin, &#8220;Yar\u0131n \u00f6lece\u011fini bilsen dahi bug\u00fcn bir a\u011fa\u00e7 dik&#8221; hadisine ra\u011fmen, insanl\u0131ktan nasibini almam\u0131\u015f zavall\u0131lar, bah\u00e7edeki 600 a\u011fac\u0131 kestiler. \u00c7ocuklar\u0131mla bu yaylada 5 y\u0131ld\u0131r emek harcad\u0131k, 150 tonluk bir havuz yaparak bu a\u011fa\u00e7lar\u0131 damlama usul\u00fc ile yeti\u015ftirmeye \u00e7al\u0131\u015ft\u0131k. \u00dcr\u00fcn almaya 2 y\u0131ld\u0131r ba\u015flam\u0131\u015ft\u0131k fakat eme\u011fimizi bir gecede vah\u015fice katlettiler. Ayakta duran a\u011fa\u00e7lara ise darbe vurularak zarar verilmi\u015f. Tekrar bunlar\u0131 canland\u0131rmaya \u00e7al\u0131\u015f\u0131yoruz. Tekrar \u00fcr\u00fcn almak i\u00e7in \u00f6mr\u00fcm\u00fcz yeterse bir 5 y\u0131l daha emek verece\u011fiz.&#8221;<\/p>\n<p>Bulut&#8217;un o\u011flu Suat Bulut da a\u011fa\u00e7lar\u0131 kesenlerin bir an \u00f6nce bulunmas\u0131n\u0131 isteyerek, &#8220;Bu vah\u015feti yapanlar yakalan\u0131p adalete teslim edileceklerdir. Yaz\u0131k, bunca eme\u011fimiz heba oldu&#8221; ifadelerini kulland\u0131.<\/p>\n<!-- Error, Advert is not available at this time due to schedule\/geolocation restrictions! -->\n","protected":false},"excerpt":{"rendered":"<p>Van&#8217;\u0131n Muradiye il\u00e7esinde bir vatanda\u015fa ait bah\u00e7edeki 600 meyve a\u011fac\u0131, kimli\u011fi belirlenemeyen ki\u015filerce kesildi. A\u011fa\u00e7lar\u0131n 2 y\u0131ld\u0131r meyve verdi\u011fini s\u00f6yleyen arazi sahibi Hamza Bulut ya\u015fananlara tepki g\u00f6sterdi.<\/p>\n","protected":false},"author":4,"featured_media":200223,"comment_status":"open","ping_status":"open","sticky":false,"template":"","format":"standard","meta":{"_acf_changed":false,"footnotes":""},"categories":[6155,5005,349,6805],"tags":[30350,104454,178362],"class_list":["post-200221","post","type-post","status-publish","format-standard","has-post-thumbnail","hentry","category-gundem","category-manset","category-son-dakika","category-turkiye","tag-1-euro-1-dolar-olur-mu","tag-muradiye","tag-van-muradiye"],"acf":[],"_links":{"self":[{"href":"https:\/\/www.nationalturk.com\/tr\/wp-json\/wp\/v2\/posts\/200221","targetHints":{"allow":["GET"]}}],"collection":[{"href":"https:\/\/www.nationalturk.com\/tr\/wp-json\/wp\/v2\/posts"}],"about":[{"href":"https:\/\/www.nationalturk.com\/tr\/wp-json\/wp\/v2\/types\/post"}],"author":[{"embeddable":true,"href":"https:\/\/www.nationalturk.com\/tr\/wp-json\/wp\/v2\/users\/4"}],"replies":[{"embeddable":true,"href":"https:\/\/www.nationalturk.com\/tr\/wp-json\/wp\/v2\/comments?post=200221"}],"version-history":[{"count":0,"href":"https:\/\/www.nationalturk.com\/tr\/wp-json\/wp\/v2\/posts\/200221\/revisions"}],"wp:featuredmedia":[{"embeddable":true,"href":"https:\/\/www.nationalturk.com\/tr\/wp-json\/wp\/v2\/media\/200223"}],"wp:attachment":[{"href":"https:\/\/www.nationalturk.com\/tr\/wp-json\/wp\/v2\/media?parent=200221"}],"wp:term":[{"taxonomy":"category","embeddable":true,"href":"https:\/\/www.nationalturk.com\/tr\/wp-json\/wp\/v2\/categories?post=200221"},{"taxonomy":"post_tag","embeddable":true,"href":"https:\/\/www.nationalturk.com\/tr\/wp-json\/wp\/v2\/tags?post=200221"}],"curies":[{"name":"wp","href":"https:\/\/api.w.org\/{rel}","templated":true}]}}