{"id":201153,"date":"2014-12-01T10:35:11","date_gmt":"2014-12-01T08:35:11","guid":{"rendered":"http:\/\/www.nationalturk.com\/?p=201153"},"modified":"2014-12-01T10:35:11","modified_gmt":"2014-12-01T08:35:11","slug":"sehirlerde-seller-surekli-artacak-201153","status":"publish","type":"post","link":"https:\/\/www.nationalturk.com\/tr\/sehirlerde-seller-surekli-artacak-201153\/","title":{"rendered":"&#8220;\u015eehirlerde seller s\u00fcrekli artacak&#8221;"},"content":{"rendered":"<p><img loading=\"lazy\" decoding=\"async\" class=\"alignleft size-medium wp-image-201154\" src=\"http:\/\/www.nationalturk.com\/tr\/wp-content\/uploads\/2014\/12\/istanbul8haziran_sel-280x185.jpg\" alt=\"\" width=\"280\" height=\"185\" title=\"\" srcset=\"https:\/\/www.nationalturk.com\/tr\/wp-content\/uploads\/2014\/12\/istanbul8haziran_sel-280x185.jpg 280w, https:\/\/www.nationalturk.com\/tr\/wp-content\/uploads\/2014\/12\/istanbul8haziran_sel-180x120.jpg 180w, https:\/\/www.nationalturk.com\/tr\/wp-content\/uploads\/2014\/12\/istanbul8haziran_sel.jpg 470w\" sizes=\"auto, (max-width: 280px) 100vw, 280px\" \/><\/p>\n<h1>\u00c7ank\u0131r\u0131 Karatekin \u00dcniversitesi Orman Fak\u00fcltesi Havza Y\u00f6netimi Anabilim Dal\u0131 Ba\u015fkan\u0131 Do\u00e7. Dr. Ceyhun G\u00f6l, k\u00fcresel iklim de\u011fi\u015fikli\u011fi nedeniyle \u015fiddetli sa\u011fanak ve sellerin daha \u00e7ok g\u00f6r\u00fclmeye ba\u015flanaca\u011f\u0131n\u0131 s\u00f6yledi.<\/h1>\n<p>G\u00f6l, AA muhabirine yapt\u0131\u011f\u0131 a\u00e7\u0131klamada, k\u00fcresel iklim de\u011fi\u015fikli\u011finin en b\u00fcy\u00fck sonu\u00e7lar\u0131ndan birinin &#8220;\u015fehir selleri&#8221; oldu\u011funu s\u00f6yledi.<\/p>\n<p>K\u00fcresel \u0131s\u0131nma nedeniyle havadaki nemin ya\u011f\u0131\u015fa ge\u00e7 d\u00f6n\u00fc\u015ft\u00fc\u011f\u00fcne dikkati \u00e7eken G\u00f6l, &#8220;K\u00fcresel iklim de\u011fi\u015fiklikli\u011finin etkilerinden bir tanesi de k\u00fcresel \u0131s\u0131nma. K\u00fcresel \u0131s\u0131nma nedeniyle havada nem olmas\u0131na ra\u011fmen ya\u011f\u0131\u015f meydana gelmiyor. Ne zaman ki so\u011fuma meydana geliyor, o zaman bu nem \u015fiddetli ya\u011f\u0131\u015fa d\u00f6n\u00fc\u015f\u00fcyor. S\u00fcrenin uzamas\u0131, havadaki nemin artmas\u0131 nedeniyle ya\u011f\u0131\u015flar \u015fiddetli oluyor. Buna ba\u011fl\u0131 ileride \u015fiddetli ya\u011f\u0131\u015flar daha s\u0131k olacak&#8221; ifadesini kulland\u0131.<\/p>\n<p>\u00d6zellikle b\u00fcy\u00fck \u015fehirlerin bu sorunla s\u0131k kar\u015f\u0131la\u015fmaya ba\u015flad\u0131\u011f\u0131na i\u015faret eden G\u00f6l, \u015fu g\u00f6r\u00fc\u015fleri payla\u015ft\u0131:<\/p>\n<p>&#8220;Son y\u0131llarda b\u00fcy\u00fck \u015fehirlerimizde &#8216;\u015fehir seli&#8217; dedi\u011fimiz sorunla kar\u015f\u0131 kar\u015f\u0131ya kalmaktay\u0131z. \u00d6zellikle \u015fiddetli sa\u011fanak sonucu olu\u015fan sular, yetersiz altyap\u0131 \u00e7al\u0131\u015fmas\u0131 dolay\u0131s\u0131yla can ve mal kayb\u0131na neden olmaktad\u0131r. \u015eehir i\u00e7i derelerimizin \u0131slah edilmesi ve \u015fiddetli sa\u011fanak sonucu olu\u015facak suyu ta\u015f\u0131yabilecek \u015fekilde d\u00fczenlenmesi gerekli. Ayn\u0131 \u015fekilde altyap\u0131n\u0131n da buna uygun \u015fekilde d\u00fczenlenmesi gerekmekte. Yanl\u0131\u015f yerle\u015fimin \u00f6nlenmesi, altyap\u0131 \u00e7al\u0131\u015fmalar\u0131n\u0131n \u015fiddetli ya\u011f\u0131\u015flar\u0131 ta\u015f\u0131yacak \u015fekilde yap\u0131lmas\u0131 gerekmektedir.<\/p>\n<p>Bu yap\u0131ld\u0131\u011f\u0131nda \u015fiddetli ya\u011f\u0131\u015flar sonucunda olu\u015facak can ve mal kayb\u0131n\u0131 azaltacakt\u0131r.&#8221;<\/p>\n<p>G\u00f6l, ya\u011f\u0131\u015flar\u0131n artaca\u011f\u0131n\u0131 ifade ederek, &#8220;K\u00fcresel iklim de\u011fi\u015fikli\u011fi nedeniyle sa\u011fanak ve \u015fehirlerdeki selleri daha \u00e7ok g\u00f6rmeye ba\u015flayaca\u011f\u0131z. \u015eunu s\u00f6yleyebiliriz, &#8216;\u015eehir selleri, her ge\u00e7en y\u0131l artarak ve s\u0131kla\u015farak devam edecek.&#8217; Bunlar\u0131n daha fazla can ve mal kayb\u0131na neden olaca\u011f\u0131n\u0131 biliyoruz. Bu konuda belediye ve resmi kurumlar\u0131n \u015fimdiden vakit kaybetmeden gerekli altyap\u0131 \u00e7al\u0131\u015fmalar\u0131n\u0131 yapmas\u0131 ve gerekli \u00f6nlemleri almas\u0131 gerekmekte&#8221; \u015feklinde konu\u015ftu.<\/p>\n<!-- Error, Advert is not available at this time due to schedule\/geolocation restrictions! -->\n","protected":false},"excerpt":{"rendered":"<p>\u00c7ank\u0131r\u0131 Karatekin \u00dcniversitesi Orman Fak\u00fcltesi Havza Y\u00f6netimi Anabilim Dal\u0131 Ba\u015fkan\u0131 Do\u00e7. Dr. Ceyhun G\u00f6l, k\u00fcresel iklim de\u011fi\u015fikli\u011fi nedeniyle \u015fiddetli sa\u011fanak ve sellerin daha \u00e7ok g\u00f6r\u00fclmeye ba\u015flanaca\u011f\u0131n\u0131 s\u00f6yledi.<\/p>\n","protected":false},"author":4,"featured_media":201155,"comment_status":"open","ping_status":"open","sticky":false,"template":"","format":"standard","meta":{"_acf_changed":false,"footnotes":""},"categories":[6155,5005,349,6805],"tags":[],"class_list":["post-201153","post","type-post","status-publish","format-standard","has-post-thumbnail","hentry","category-gundem","category-manset","category-son-dakika","category-turkiye"],"acf":[],"_links":{"self":[{"href":"https:\/\/www.nationalturk.com\/tr\/wp-json\/wp\/v2\/posts\/201153","targetHints":{"allow":["GET"]}}],"collection":[{"href":"https:\/\/www.nationalturk.com\/tr\/wp-json\/wp\/v2\/posts"}],"about":[{"href":"https:\/\/www.nationalturk.com\/tr\/wp-json\/wp\/v2\/types\/post"}],"author":[{"embeddable":true,"href":"https:\/\/www.nationalturk.com\/tr\/wp-json\/wp\/v2\/users\/4"}],"replies":[{"embeddable":true,"href":"https:\/\/www.nationalturk.com\/tr\/wp-json\/wp\/v2\/comments?post=201153"}],"version-history":[{"count":0,"href":"https:\/\/www.nationalturk.com\/tr\/wp-json\/wp\/v2\/posts\/201153\/revisions"}],"wp:featuredmedia":[{"embeddable":true,"href":"https:\/\/www.nationalturk.com\/tr\/wp-json\/wp\/v2\/media\/201155"}],"wp:attachment":[{"href":"https:\/\/www.nationalturk.com\/tr\/wp-json\/wp\/v2\/media?parent=201153"}],"wp:term":[{"taxonomy":"category","embeddable":true,"href":"https:\/\/www.nationalturk.com\/tr\/wp-json\/wp\/v2\/categories?post=201153"},{"taxonomy":"post_tag","embeddable":true,"href":"https:\/\/www.nationalturk.com\/tr\/wp-json\/wp\/v2\/tags?post=201153"}],"curies":[{"name":"wp","href":"https:\/\/api.w.org\/{rel}","templated":true}]}}