{"id":201199,"date":"2014-12-01T13:08:23","date_gmt":"2014-12-01T11:08:23","guid":{"rendered":"http:\/\/www.nationalturk.com\/?p=201199"},"modified":"2015-03-28T15:59:12","modified_gmt":"2015-03-28T13:59:12","slug":"son-dakika-merzifonda-f-16-dustu-201199","status":"publish","type":"post","link":"https:\/\/www.nationalturk.com\/tr\/son-dakika-merzifonda-f-16-dustu-201199\/","title":{"rendered":"Son Dakika! Merzifon&#8217;da F-16 d\u00fc\u015ft\u00fc"},"content":{"rendered":"<p><img loading=\"lazy\" decoding=\"async\" class=\"alignleft size-medium wp-image-201200\" src=\"http:\/\/www.nationalturk.com\/tr\/wp-content\/uploads\/2014\/12\/flash-haber1-245x220.jpg\" alt=\"flash haber\" width=\"245\" height=\"220\" title=\"\" srcset=\"https:\/\/www.nationalturk.com\/tr\/wp-content\/uploads\/2014\/12\/flash-haber1-245x220.jpg 245w, https:\/\/www.nationalturk.com\/tr\/wp-content\/uploads\/2014\/12\/flash-haber1-401x360.jpg 401w, https:\/\/www.nationalturk.com\/tr\/wp-content\/uploads\/2014\/12\/flash-haber1.jpg 900w\" sizes=\"auto, (max-width: 245px) 100vw, 245px\" \/><\/p>\n<h1>Merzifon&#8217;da F-16 u\u00e7a\u011f\u0131 d\u00fc\u015ft\u00fc. Genelkurmay Ba\u015fkanl\u0131\u011f\u0131, u\u00e7ak kazas\u0131nda para\u015f\u00fctle atlayan pilotun sa\u011f kurtuldu\u011funu a\u00e7\u0131klad\u0131. \/ Son Dakika: Merzifon&#8217;da u\u00e7ak kazas\u0131&#8230;<\/h1>\n<p>Genelkurmay Ba\u015fkanl\u0131\u011f\u0131, Merzifon&#8217;daki 5&#8217;inci Ana Jet \u00dcs Komutanl\u0131\u011f\u0131ndan kalk\u0131\u015f yapan F-16 u\u00e7a\u011f\u0131n\u0131n hen\u00fcz bilinmeyen bir nedenle Merzifon&#8217;un 36 kilometre g\u00fcneybat\u0131s\u0131ndaki Mecit\u00f6z\u00fc \/ Konakl\u0131 mevkisinde d\u00fc\u015ft\u00fc\u011f\u00fcn\u00fc ve u\u00e7aktan para\u015f\u00fctle atlayan pilotun sa\u011f kurtuldu\u011funu bildirdi.<\/p>\n","protected":false},"excerpt":{"rendered":"<p>Merzifon&#8217;da F-16 u\u00e7a\u011f\u0131 d\u00fc\u015ft\u00fc. Genelkurmay Ba\u015fkanl\u0131\u011f\u0131, u\u00e7ak kazas\u0131nda para\u015f\u00fctle atlayan pilotun sa\u011f kurtuldu\u011funu a\u00e7\u0131klad\u0131. \/ Son Dakika: Merzifon&#8217;da u\u00e7ak kazas\u0131&#8230;<\/p>\n","protected":false},"author":4,"featured_media":201201,"comment_status":"open","ping_status":"open","sticky":false,"template":"","format":"standard","meta":{"_acf_changed":false,"footnotes":""},"categories":[6155,5005,349,6805],"tags":[9691,7578,6905,3423,179494,179487,27382],"class_list":["post-201199","post","type-post","status-publish","format-standard","has-post-thumbnail","hentry","category-gundem","category-manset","category-son-dakika","category-turkiye","tag-amasya","tag-genelkurmay","tag-genelkurmay-baskanligi","tag-konakli","tag-mecitozu","tag-merzifon","tag-son-dakika"],"acf":[],"_links":{"self":[{"href":"https:\/\/www.nationalturk.com\/tr\/wp-json\/wp\/v2\/posts\/201199","targetHints":{"allow":["GET"]}}],"collection":[{"href":"https:\/\/www.nationalturk.com\/tr\/wp-json\/wp\/v2\/posts"}],"about":[{"href":"https:\/\/www.nationalturk.com\/tr\/wp-json\/wp\/v2\/types\/post"}],"author":[{"embeddable":true,"href":"https:\/\/www.nationalturk.com\/tr\/wp-json\/wp\/v2\/users\/4"}],"replies":[{"embeddable":true,"href":"https:\/\/www.nationalturk.com\/tr\/wp-json\/wp\/v2\/comments?post=201199"}],"version-history":[{"count":0,"href":"https:\/\/www.nationalturk.com\/tr\/wp-json\/wp\/v2\/posts\/201199\/revisions"}],"wp:featuredmedia":[{"embeddable":true,"href":"https:\/\/www.nationalturk.com\/tr\/wp-json\/wp\/v2\/media\/201201"}],"wp:attachment":[{"href":"https:\/\/www.nationalturk.com\/tr\/wp-json\/wp\/v2\/media?parent=201199"}],"wp:term":[{"taxonomy":"category","embeddable":true,"href":"https:\/\/www.nationalturk.com\/tr\/wp-json\/wp\/v2\/categories?post=201199"},{"taxonomy":"post_tag","embeddable":true,"href":"https:\/\/www.nationalturk.com\/tr\/wp-json\/wp\/v2\/tags?post=201199"}],"curies":[{"name":"wp","href":"https:\/\/api.w.org\/{rel}","templated":true}]}}