{"id":201329,"date":"2014-12-03T10:57:40","date_gmt":"2014-12-03T08:57:40","guid":{"rendered":"http:\/\/www.nationalturk.com\/?p=201329"},"modified":"2014-12-03T10:57:40","modified_gmt":"2014-12-03T08:57:40","slug":"ahmet-davutoglunun-bedelli-askerlik-celiskisi-video-201329","status":"publish","type":"post","link":"https:\/\/www.nationalturk.com\/tr\/ahmet-davutoglunun-bedelli-askerlik-celiskisi-video-201329\/","title":{"rendered":"Ahmet Davuto\u011flu&#8217;nun bedelli askerlik \u00e7eli\u015fkisi (Video)"},"content":{"rendered":"<p><img loading=\"lazy\" decoding=\"async\" class=\"alignnone size-full wp-image-201332\" src=\"http:\/\/www.nationalturk.com\/tr\/wp-content\/uploads\/2014\/12\/ahmet_davutoglu_bedelli.jpg\" alt=\"Ahmet Davuto\u011flu\" width=\"610\" height=\"390\" title=\"\"><\/p>\n<h1>D\u00fcn 18 bin lira kar\u015f\u0131l\u0131\u011f\u0131nda bedelli askerlik karar\u0131n\u0131 a\u00e7\u0131klayan Ba\u015fbakan Ahmet Davuto\u011flu, sadece 1.5 ay \u00f6nce &#8216;Fakir \u00e7ocu\u011funun askerlik yapmas\u0131, zenginin yapmamas\u0131 olmaz&#8217; demi\u015fti.<\/h1>\n<p>17 Ekim 2014&#8217;te milletvekilleriyle yap\u0131lan toplant\u0131da bedelli askerlik hakk\u0131nda konu\u015fan Ahmet Davuto\u011flu,\u00a0&#8220;B\u00f6yle bir konjonkt\u00fcrde bedelli askerlik m\u00fcmk\u00fcn de\u011fil. Fakir \u00e7ocu\u011funun askerlik yapmas\u0131, zengin \u00e7ocu\u011fun bedel \u00f6deyerek askerlik yapmamas\u0131 olmaz&#8221; demi\u015fti.<\/p>\n<p>Aradan sadece 1.5 ay ge\u00e7tikten sonra ise Ahmet Davuto\u011flu, h\u00fck\u00fcmetin bedelli askerlik karar\u0131n\u0131 a\u00e7\u0131klad\u0131. Ayn\u0131 \u00e7eli\u015fkiye Cumhurba\u015fkan\u0131 Recep Tayyip Erdo\u011fan da ba\u015fbakanl\u0131\u011f\u0131 d\u00f6neminde d\u00fc\u015fm\u00fc\u015ft\u00fc.<\/p>\n<h2>\u0130\u015fte Ahmet Davuto\u011flu&#8217;nun bedelli askerlik \u00e7eli\u015fkisi;<\/h2>\n<div style=\"width: 640px;\" class=\"wp-video\"><video class=\"wp-video-shortcode\" id=\"video-201329-1\" width=\"640\" height=\"360\" preload=\"metadata\" controls=\"controls\"><source type=\"video\/mp4\" src=\"http:\/\/www.nationalturk.com\/tr\/wp-content\/uploads\/2014\/12\/davutoglu-bedelli-askerlik.mp4?_=1\" \/><a href=\"http:\/\/www.nationalturk.com\/tr\/wp-content\/uploads\/2014\/12\/davutoglu-bedelli-askerlik.mp4\">http:\/\/www.nationalturk.com\/tr\/wp-content\/uploads\/2014\/12\/davutoglu-bedelli-askerlik.mp4<\/a><\/video><\/div>\n<!-- Error, Advert is not available at this time due to schedule\/geolocation restrictions! -->\n","protected":false},"excerpt":{"rendered":"<p>D\u00fcn 18 bin lira kar\u015f\u0131l\u0131\u011f\u0131nda bedelli askerlik karar\u0131n\u0131 a\u00e7\u0131klayan Ba\u015fbakan Ahmet Davuto\u011flu, sadece 1.5 ay \u00f6nce &#8216;Fakir \u00e7ocu\u011funun askerlik yapmas\u0131, zenginin yapmamas\u0131 olmaz&#8217; demi\u015fti.<\/p>\n","protected":false},"author":4,"featured_media":201332,"comment_status":"open","ping_status":"open","sticky":false,"template":"","format":"standard","meta":{"_acf_changed":false,"footnotes":""},"categories":[6155,5005,6202,6805,342],"tags":[8773,28314,11974],"class_list":["post-201329","post","type-post","status-publish","format-standard","has-post-thumbnail","hentry","category-gundem","category-manset","category-politika","category-turkiye","category-video","tag-ahmet-davutoglu","tag-ahmet-davutoglu-video","tag-bedelli-askerlik"],"acf":[],"_links":{"self":[{"href":"https:\/\/www.nationalturk.com\/tr\/wp-json\/wp\/v2\/posts\/201329","targetHints":{"allow":["GET"]}}],"collection":[{"href":"https:\/\/www.nationalturk.com\/tr\/wp-json\/wp\/v2\/posts"}],"about":[{"href":"https:\/\/www.nationalturk.com\/tr\/wp-json\/wp\/v2\/types\/post"}],"author":[{"embeddable":true,"href":"https:\/\/www.nationalturk.com\/tr\/wp-json\/wp\/v2\/users\/4"}],"replies":[{"embeddable":true,"href":"https:\/\/www.nationalturk.com\/tr\/wp-json\/wp\/v2\/comments?post=201329"}],"version-history":[{"count":0,"href":"https:\/\/www.nationalturk.com\/tr\/wp-json\/wp\/v2\/posts\/201329\/revisions"}],"wp:featuredmedia":[{"embeddable":true,"href":"https:\/\/www.nationalturk.com\/tr\/wp-json\/wp\/v2\/media\/201332"}],"wp:attachment":[{"href":"https:\/\/www.nationalturk.com\/tr\/wp-json\/wp\/v2\/media?parent=201329"}],"wp:term":[{"taxonomy":"category","embeddable":true,"href":"https:\/\/www.nationalturk.com\/tr\/wp-json\/wp\/v2\/categories?post=201329"},{"taxonomy":"post_tag","embeddable":true,"href":"https:\/\/www.nationalturk.com\/tr\/wp-json\/wp\/v2\/tags?post=201329"}],"curies":[{"name":"wp","href":"https:\/\/api.w.org\/{rel}","templated":true}]}}