{"id":201611,"date":"2014-12-08T14:21:26","date_gmt":"2014-12-08T12:21:26","guid":{"rendered":"http:\/\/www.nationalturk.com\/?p=201611"},"modified":"2014-12-08T14:21:26","modified_gmt":"2014-12-08T12:21:26","slug":"avustralya-gelgite-yakalanan-balinalar-oldu-201611","status":"publish","type":"post","link":"https:\/\/www.nationalturk.com\/tr\/avustralya-gelgite-yakalanan-balinalar-oldu-201611\/","title":{"rendered":"Avustralya&#8217;da gelgite yakalanan balinalar \u00f6ld\u00fc"},"content":{"rendered":"<h1><a href=\"http:\/\/www.nationalturk.com\/tr\/wp-content\/uploads\/2014\/12\/avustralya-balina-gelgit.jpg\"><img loading=\"lazy\" decoding=\"async\" class=\"aligncenter size-full wp-image-201612\" src=\"http:\/\/www.nationalturk.com\/tr\/wp-content\/uploads\/2014\/12\/avustralya-balina-gelgit.jpg\" alt=\"\" width=\"610\" height=\"352\" title=\"\" srcset=\"https:\/\/www.nationalturk.com\/tr\/wp-content\/uploads\/2014\/12\/avustralya-balina-gelgit.jpg 610w, https:\/\/www.nationalturk.com\/tr\/wp-content\/uploads\/2014\/12\/avustralya-balina-gelgit-280x161.jpg 280w\" sizes=\"auto, (max-width: 610px) 100vw, 610px\" \/><\/a>Avustralya&#8217;da k\u0131y\u0131ya do\u011fru ka\u00e7an somon bal\u0131klar\u0131n\u0131n pe\u015fine d\u00fc\u015fen 6 balina suyun \u00e7ekilmesiyle \u00f6ld\u00fc.<\/h1>\n<p>Avustralya&#8217;n\u0131n Yorke Yar\u0131madas\u0131 yak\u0131nlar\u0131nda k\u0131y\u0131ya do\u011fru ka\u00e7an somon bal\u0131klar\u0131n\u0131n pe\u015finden giden alt\u0131 balina gelgite yakalanarak telef oldu.<\/p>\n<p>Avustralya medyas\u0131nda yer alan haberlere g\u00f6re, denizin kabard\u0131\u011f\u0131 s\u0131rada somon bal\u0131klar\u0131n\u0131 takip eden alt\u0131 \u0130sperme\u00e7et balinas\u0131 suyun \u00e7ekilmesiyle karaya vurdu.<\/p>\n<p>Telef olan balinalardan \u00fc\u00e7\u00fcn\u00fcn uzunlu\u011funun yakla\u015f\u0131k 13 metre, di\u011fer \u00fc\u00e7\u00fcn\u00fcn de biraz daha k\u0131sa oldu\u011fu ifade edildi.<\/p>\n<p>Le\u015flerin kald\u0131r\u0131lmas\u0131 i\u00e7in m\u00fcze, belediye, su ve do\u011fal kaynaklar biriminin birlikte \u00e7al\u0131\u015faca\u011f\u0131 a\u00e7\u0131kland\u0131.<\/p>\n<!-- Error, Advert is not available at this time due to schedule\/geolocation restrictions! -->\n","protected":false},"excerpt":{"rendered":"<p>Avustralya&#8217;da k\u0131y\u0131ya do\u011fru ka\u00e7an somon bal\u0131klar\u0131n\u0131n pe\u015fine d\u00fc\u015fen 6 balina suyun \u00e7ekilmesiyle \u00f6ld\u00fc.<\/p>\n","protected":false},"author":3,"featured_media":201612,"comment_status":"open","ping_status":"open","sticky":false,"template":"","format":"standard","meta":{"_acf_changed":false,"footnotes":""},"categories":[6665,6155,6662],"tags":[473],"class_list":["post-201611","post","type-post","status-publish","format-standard","has-post-thumbnail","hentry","category-dunya","category-gundem","category-yasam","tag-avustralya"],"acf":[],"_links":{"self":[{"href":"https:\/\/www.nationalturk.com\/tr\/wp-json\/wp\/v2\/posts\/201611","targetHints":{"allow":["GET"]}}],"collection":[{"href":"https:\/\/www.nationalturk.com\/tr\/wp-json\/wp\/v2\/posts"}],"about":[{"href":"https:\/\/www.nationalturk.com\/tr\/wp-json\/wp\/v2\/types\/post"}],"author":[{"embeddable":true,"href":"https:\/\/www.nationalturk.com\/tr\/wp-json\/wp\/v2\/users\/3"}],"replies":[{"embeddable":true,"href":"https:\/\/www.nationalturk.com\/tr\/wp-json\/wp\/v2\/comments?post=201611"}],"version-history":[{"count":0,"href":"https:\/\/www.nationalturk.com\/tr\/wp-json\/wp\/v2\/posts\/201611\/revisions"}],"wp:featuredmedia":[{"embeddable":true,"href":"https:\/\/www.nationalturk.com\/tr\/wp-json\/wp\/v2\/media\/201612"}],"wp:attachment":[{"href":"https:\/\/www.nationalturk.com\/tr\/wp-json\/wp\/v2\/media?parent=201611"}],"wp:term":[{"taxonomy":"category","embeddable":true,"href":"https:\/\/www.nationalturk.com\/tr\/wp-json\/wp\/v2\/categories?post=201611"},{"taxonomy":"post_tag","embeddable":true,"href":"https:\/\/www.nationalturk.com\/tr\/wp-json\/wp\/v2\/tags?post=201611"}],"curies":[{"name":"wp","href":"https:\/\/api.w.org\/{rel}","templated":true}]}}