{"id":20181,"date":"2010-04-19T15:37:27","date_gmt":"2010-04-19T13:37:27","guid":{"rendered":"http:\/\/www.nationalturk.com\/?p=20181"},"modified":"2010-04-20T10:16:27","modified_gmt":"2010-04-20T08:16:27","slug":"irak-el-masri-olduruldu-2398499","status":"publish","type":"post","link":"https:\/\/www.nationalturk.com\/tr\/irak-el-masri-olduruldu-2398499\/","title":{"rendered":"Fla\u015f! El Masri \u00f6ld\u00fcr\u00fcld\u00fc"},"content":{"rendered":"<p><strong><img loading=\"lazy\" decoding=\"async\" class=\"alignleft size-medium wp-image-20182\" title=\"El Masri\" src=\"http:\/\/www.nationalturk.com\/tr\/wp-content\/uploads\/2010\/04\/el_masrii-e1271684020420.jpg\" alt=\"\" width=\"131\" height=\"132\" srcset=\"https:\/\/www.nationalturk.com\/tr\/wp-content\/uploads\/2010\/04\/el_masrii-e1271684020420.jpg 219w, https:\/\/www.nationalturk.com\/tr\/wp-content\/uploads\/2010\/04\/el_masrii-e1271684020420-50x50.jpg 50w\" sizes=\"auto, (max-width: 131px) 100vw, 131px\" \/>Irakta&#8217;ki El Kaide lideri El Masri \u00f6ld\u00fcr\u00fcld\u00fc!<\/strong><\/p>\n<p>Irak Ba\u015fbakan\u0131 Nuri El Maliki, El Kaide&#8217;nin Irak&#8217;taki lideri El Masri&#8217;nin \u00f6ld\u00fcr\u00fcld\u00fc\u011f\u00fcn\u00fc a\u00e7\u0131klad\u0131.<\/p>\n<p>Maliki, yapt\u0131\u011f\u0131 a\u00e7\u0131klamada, timin, El Masri&#8217;nin yan\u0131 s\u0131ra El Kaide ile ba\u011flant\u0131l\u0131 Irak \u0130slam Devleti \u00f6rg\u00fct\u00fcn\u00fcn liderlerinden oldu\u011fu s\u00f6ylenen Ebu \u00d6mer El\u00a0Ba\u011fdadi&#8217;yi de \u00f6ld\u00fcrd\u00fc\u011f\u00fcn\u00fc bildirdi.<\/p>\n<p>Nuri El Maliki, cesetlere DNA testinin yap\u0131ld\u0131\u011f\u0131n\u0131 belirtirken, ABD ordusu konuyla ilgili hen\u00fcz a\u00e7\u0131klama yapmad\u0131.<\/p>\n<span style=\"font-weight: bold; color: #f00;\">Error, group does not exist! Check your syntax! (ID: 52)<\/span>\n","protected":false},"excerpt":{"rendered":"<p>Fla\u015f! El Masri \u00f6ld\u00fcr\u00fcld\u00fc!<\/p>\n","protected":false},"author":4,"featured_media":192113,"comment_status":"open","ping_status":"open","sticky":false,"template":"","format":"standard","meta":{"_acf_changed":false,"footnotes":""},"categories":[6665,6155,6772,6202,349],"tags":[21626,21629,21627,21625,17563,21628],"class_list":["post-20181","post","type-post","status-publish","format-standard","has-post-thumbnail","hentry","category-dunya","category-gundem","category-ortadogu","category-politika","category-son-dakika","tag-el-masri","tag-el-masri-irak","tag-el-masri-oldu","tag-el-masri-olduruldu","tag-irak-el-kaide","tag-irak-el-kaide-masri"],"acf":[],"_links":{"self":[{"href":"https:\/\/www.nationalturk.com\/tr\/wp-json\/wp\/v2\/posts\/20181","targetHints":{"allow":["GET"]}}],"collection":[{"href":"https:\/\/www.nationalturk.com\/tr\/wp-json\/wp\/v2\/posts"}],"about":[{"href":"https:\/\/www.nationalturk.com\/tr\/wp-json\/wp\/v2\/types\/post"}],"author":[{"embeddable":true,"href":"https:\/\/www.nationalturk.com\/tr\/wp-json\/wp\/v2\/users\/4"}],"replies":[{"embeddable":true,"href":"https:\/\/www.nationalturk.com\/tr\/wp-json\/wp\/v2\/comments?post=20181"}],"version-history":[{"count":0,"href":"https:\/\/www.nationalturk.com\/tr\/wp-json\/wp\/v2\/posts\/20181\/revisions"}],"wp:featuredmedia":[{"embeddable":true,"href":"https:\/\/www.nationalturk.com\/tr\/wp-json\/wp\/v2\/media\/192113"}],"wp:attachment":[{"href":"https:\/\/www.nationalturk.com\/tr\/wp-json\/wp\/v2\/media?parent=20181"}],"wp:term":[{"taxonomy":"category","embeddable":true,"href":"https:\/\/www.nationalturk.com\/tr\/wp-json\/wp\/v2\/categories?post=20181"},{"taxonomy":"post_tag","embeddable":true,"href":"https:\/\/www.nationalturk.com\/tr\/wp-json\/wp\/v2\/tags?post=20181"}],"curies":[{"name":"wp","href":"https:\/\/api.w.org\/{rel}","templated":true}]}}