{"id":201876,"date":"2014-12-11T13:29:30","date_gmt":"2014-12-11T11:29:30","guid":{"rendered":"http:\/\/www.nationalturk.com\/?p=201876"},"modified":"2014-12-11T17:05:50","modified_gmt":"2014-12-11T15:05:50","slug":"beklenen-oldu-suheyl-batum-chpden-ihrac-edildi-201876","status":"publish","type":"post","link":"https:\/\/www.nationalturk.com\/tr\/beklenen-oldu-suheyl-batum-chpden-ihrac-edildi-201876\/","title":{"rendered":"Beklenen oldu, S\u00fcheyl Batum CHP&#8217;den ihra\u00e7 edildi"},"content":{"rendered":"<p><img loading=\"lazy\" decoding=\"async\" class=\"alignnone size-large wp-image-201877\" src=\"http:\/\/www.nationalturk.com\/tr\/wp-content\/uploads\/2014\/12\/suheyl_batum_chp-588x360.jpg\" alt=\"S\u00fcheyl Batum\" width=\"610\" height=\"380\" title=\"\"><\/p>\n<h1>Cumhuriyet Halk Partisi (CHP) Y\u00fcksek Disiplin Kurulu (YDK), Eski\u015fehir Milletvekili S\u00fcheyl Batum&#8217;un, partiden ihrac\u0131na karar verdi.<\/h1>\n<p>AA muhabirinin ald\u0131\u011f\u0131 bilgiye g\u00f6re, YDK, U\u011fur Bayraktutan ba\u015fkanl\u0131\u011f\u0131nda topland\u0131. Toplant\u0131da, Merkez Y\u00f6netim Kurulunun (MYK), Batum&#8217;un &#8220;kesin ihra\u00e7 istemiyle&#8221; YDK&#8217;ya sevkine ili\u015fkin dosya ele al\u0131nd\u0131. YDK, Batum&#8217;un, oy \u00e7oklu\u011fuyla ile partiden ihrac\u0131na karar verdi.<\/p>\n<p>Toplant\u0131ya 15 \u00fcyeden 13&#8217;\u00fcn\u00fcn kat\u0131ld\u0131\u011f\u0131 ve bir \u00fcyenin ret oyu verdi\u011fi \u00f6\u011frenildi.<\/p>\n<p>Artvin Milletvekili U\u011fur Bayraktutan&#8217;\u0131n ba\u015fkanl\u0131\u011f\u0131nda ger\u00e7ekle\u015fen YDK toplant\u0131s\u0131na, \u00fcyeler Sumru Karaer ile Samsun Milletvekili \u0130hsan Kalkavan&#8217;\u0131n kat\u0131lmad\u0131\u011f\u0131 belirtildi.<\/p>\n<p>Baz\u0131 \u00fcyelerin &#8220;k\u0131nama cezas\u0131 verilmesi&#8221; \u00f6nerisinin, \u00e7o\u011funluk taraf\u0131ndan kabul g\u00f6rmemesi \u00fczerine, yap\u0131lan oylamada 12 \u00fcyenin &#8220;ihra\u00e7&#8221; y\u00f6n\u00fcnde irade beyan etti\u011fi kaydedildi.<\/p>\n<p>Toplant\u0131da, \u00c7orum Milletvekili ve YDK \u00fcyesi Tufan K\u00f6se&#8217;nin ret oyu kulland\u0131\u011f\u0131 \u00f6\u011frenildi. K\u00f6se&#8217;nin muhalefet \u015ferhi yazd\u0131\u011f\u0131 da kaydedildi.<\/p>\n<!-- Error, Advert is not available at this time due to schedule\/geolocation restrictions! -->\n","protected":false},"excerpt":{"rendered":"<p>Cumhuriyet Halk Partisi (CHP) Y\u00fcksek Disiplin Kurulu (YDK), Eski\u015fehir Milletvekili S\u00fcheyl Batum&#8217;un, partiden ihrac\u0131na karar verdi.<\/p>\n","protected":false},"author":4,"featured_media":201878,"comment_status":"open","ping_status":"open","sticky":false,"template":"","format":"standard","meta":{"_acf_changed":false,"footnotes":""},"categories":[6155,5005,6202,349,6805],"tags":[5070,27382,153551,25927,177215,177216,177217,177054,177214],"class_list":["post-201876","post","type-post","status-publish","format-standard","has-post-thumbnail","hentry","category-gundem","category-manset","category-politika","category-son-dakika","category-turkiye","tag-cumhuriyet-halk-partisi","tag-son-dakika","tag-son-dakika-chp","tag-suheyl-batum","tag-suheyl-batum-ihrac","tag-suheyl-batum-ihrac-ediliyor","tag-suheyl-batum-ihrac-son-dakika","tag-suheyl-batum-istifa","tag-suheyl-batum-son-dakika"],"acf":[],"_links":{"self":[{"href":"https:\/\/www.nationalturk.com\/tr\/wp-json\/wp\/v2\/posts\/201876","targetHints":{"allow":["GET"]}}],"collection":[{"href":"https:\/\/www.nationalturk.com\/tr\/wp-json\/wp\/v2\/posts"}],"about":[{"href":"https:\/\/www.nationalturk.com\/tr\/wp-json\/wp\/v2\/types\/post"}],"author":[{"embeddable":true,"href":"https:\/\/www.nationalturk.com\/tr\/wp-json\/wp\/v2\/users\/4"}],"replies":[{"embeddable":true,"href":"https:\/\/www.nationalturk.com\/tr\/wp-json\/wp\/v2\/comments?post=201876"}],"version-history":[{"count":0,"href":"https:\/\/www.nationalturk.com\/tr\/wp-json\/wp\/v2\/posts\/201876\/revisions"}],"wp:featuredmedia":[{"embeddable":true,"href":"https:\/\/www.nationalturk.com\/tr\/wp-json\/wp\/v2\/media\/201878"}],"wp:attachment":[{"href":"https:\/\/www.nationalturk.com\/tr\/wp-json\/wp\/v2\/media?parent=201876"}],"wp:term":[{"taxonomy":"category","embeddable":true,"href":"https:\/\/www.nationalturk.com\/tr\/wp-json\/wp\/v2\/categories?post=201876"},{"taxonomy":"post_tag","embeddable":true,"href":"https:\/\/www.nationalturk.com\/tr\/wp-json\/wp\/v2\/tags?post=201876"}],"curies":[{"name":"wp","href":"https:\/\/api.w.org\/{rel}","templated":true}]}}