{"id":202082,"date":"2014-12-15T09:42:58","date_gmt":"2014-12-15T07:42:58","guid":{"rendered":"http:\/\/www.nationalturk.com\/?p=202082"},"modified":"2014-12-15T09:42:58","modified_gmt":"2014-12-15T07:42:58","slug":"bir-isvicre-klasigi-noel-kupasi-yuzme-yarisi-202082","status":"publish","type":"post","link":"https:\/\/www.nationalturk.com\/tr\/bir-isvicre-klasigi-noel-kupasi-yuzme-yarisi-202082\/","title":{"rendered":"Bir \u0130svi\u00e7re klasi\u011fi: Noel Kupas\u0131 Y\u00fczme Yar\u0131\u015f\u0131"},"content":{"rendered":"<h1><a href=\"http:\/\/www.nationalturk.com\/tr\/wp-content\/uploads\/2014\/12\/cenevre-noel.jpg\"><img loading=\"lazy\" decoding=\"async\" class=\"aligncenter size-full wp-image-202086\" src=\"http:\/\/www.nationalturk.com\/tr\/wp-content\/uploads\/2014\/12\/cenevre-noel.jpg\" alt=\"cenevre-noel\" width=\"610\" height=\"360\" title=\"\" srcset=\"https:\/\/www.nationalturk.com\/tr\/wp-content\/uploads\/2014\/12\/cenevre-noel.jpg 610w, https:\/\/www.nationalturk.com\/tr\/wp-content\/uploads\/2014\/12\/cenevre-noel-280x165.jpg 280w\" sizes=\"auto, (max-width: 610px) 100vw, 610px\" \/><\/a>\u0130svi\u00e7re&#8217;nin Cenevre \u015fehrinde geleneksel olarak d\u00fczenlenen Noel y\u00fczme yar\u0131\u015flar\u0131, binlerce ki\u015finin kat\u0131l\u0131m\u0131yla yine \u00e7ok renkli g\u00f6r\u00fcnt\u00fclere sahne oldu.<\/h1>\n<p><a href=\"http:\/\/www.nationalturk.com\/tr\/wp-content\/uploads\/2014\/12\/isvicre-cenevre-yuzme.jpg\"><img loading=\"lazy\" decoding=\"async\" class=\"alignleft wp-image-202084\" src=\"http:\/\/www.nationalturk.com\/tr\/wp-content\/uploads\/2014\/12\/isvicre-cenevre-yuzme-237x220.jpg\" alt=\"\" width=\"250\" height=\"232\" title=\"\" srcset=\"https:\/\/www.nationalturk.com\/tr\/wp-content\/uploads\/2014\/12\/isvicre-cenevre-yuzme-237x220.jpg 237w, https:\/\/www.nationalturk.com\/tr\/wp-content\/uploads\/2014\/12\/isvicre-cenevre-yuzme-388x360.jpg 388w, https:\/\/www.nationalturk.com\/tr\/wp-content\/uploads\/2014\/12\/isvicre-cenevre-yuzme.jpg 610w\" sizes=\"auto, (max-width: 250px) 100vw, 250px\" \/><\/a>Cenevre G\u00f6l\u00fc&#8217;nde 1934 y\u0131l\u0131ndan bu yana d\u00fczenlenen &#8220;Noel Kupas\u0131 Y\u00fczme Yar\u0131\u015f\u0131&#8221;na bu y\u0131l da bine yak\u0131n y\u00fcz\u00fcc\u00fc kat\u0131ld\u0131.<\/p>\n<p>Noel haz\u0131rl\u0131klar\u0131n\u0131n devam etti\u011fi \u0130svi\u00e7re&#8217;de, &#8220;Leman G\u00f6l\u00fc&#8221; olarak da bilinen Avrupa&#8217;n\u0131n en b\u00fcy\u00fck g\u00f6llerinden Cenevre G\u00f6l\u00fc&#8217;nde, y\u00fczme yar\u0131\u015f\u0131 d\u00fczenlendi.<\/p>\n<p>Etkinli\u011fe kat\u0131lan 13 ya\u015f \u00fcst\u00fc bine yak\u0131n y\u00fcz\u00fcc\u00fc farkl\u0131 k\u0131yafetlerle yar\u0131\u015ft\u0131.<\/p>\n<p>G\u00f6l suyunun, bu sene di\u011fer y\u0131llara nazaran daha s\u0131cak oldu\u011fu belirtildi. Yar\u0131\u015f g\u00fcn\u00fc su s\u0131cakl\u0131\u011f\u0131 9, hava s\u0131cakl\u0131\u011f\u0131 da mevsim normallerinin \u00fczerinde 8 derece \u00f6l\u00e7\u00fcld\u00fc.<\/p>\n<h2><a href=\"http:\/\/www.wts.com.tr\/isvicre-basel-zurih-yilbasi.htm\" target=\"_blank\" rel=\"noopener\">\u0130svi\u00e7re Y\u0131lba\u015f\u0131 Turlar\u0131 \u0130\u00e7in T\u0131klay\u0131n<\/a><\/h2>\n<span style=\"font-weight: bold; color: #f00;\">Error, group does not exist! Check your syntax! (ID: 99)<\/span>\n","protected":false},"excerpt":{"rendered":"<p>\u0130svi\u00e7re&#8217;nin Cenevre \u015fehrinde geleneksel olarak d\u00fczenlenen Noel y\u00fczme yar\u0131\u015flar\u0131, binlerce ki\u015finin kat\u0131l\u0131m\u0131yla yine \u00e7ok renkli g\u00f6r\u00fcnt\u00fclere sahne oldu.<\/p>\n","protected":false},"author":3,"featured_media":202086,"comment_status":"open","ping_status":"open","sticky":false,"template":"","format":"standard","meta":{"_acf_changed":false,"footnotes":""},"categories":[6770,6665,6664,6666,339,6662],"tags":[180413,18,27441,180421],"class_list":["post-202082","post","type-post","status-publish","format-standard","has-post-thumbnail","hentry","category-avrupa","category-dunya","category-eglence","category-etkinlikler","category-turizm","category-yasam","tag-cenevre-golu","tag-isvicre","tag-isvicre-cenevre","tag-isvicre-turu"],"acf":[],"_links":{"self":[{"href":"https:\/\/www.nationalturk.com\/tr\/wp-json\/wp\/v2\/posts\/202082","targetHints":{"allow":["GET"]}}],"collection":[{"href":"https:\/\/www.nationalturk.com\/tr\/wp-json\/wp\/v2\/posts"}],"about":[{"href":"https:\/\/www.nationalturk.com\/tr\/wp-json\/wp\/v2\/types\/post"}],"author":[{"embeddable":true,"href":"https:\/\/www.nationalturk.com\/tr\/wp-json\/wp\/v2\/users\/3"}],"replies":[{"embeddable":true,"href":"https:\/\/www.nationalturk.com\/tr\/wp-json\/wp\/v2\/comments?post=202082"}],"version-history":[{"count":0,"href":"https:\/\/www.nationalturk.com\/tr\/wp-json\/wp\/v2\/posts\/202082\/revisions"}],"wp:featuredmedia":[{"embeddable":true,"href":"https:\/\/www.nationalturk.com\/tr\/wp-json\/wp\/v2\/media\/202086"}],"wp:attachment":[{"href":"https:\/\/www.nationalturk.com\/tr\/wp-json\/wp\/v2\/media?parent=202082"}],"wp:term":[{"taxonomy":"category","embeddable":true,"href":"https:\/\/www.nationalturk.com\/tr\/wp-json\/wp\/v2\/categories?post=202082"},{"taxonomy":"post_tag","embeddable":true,"href":"https:\/\/www.nationalturk.com\/tr\/wp-json\/wp\/v2\/tags?post=202082"}],"curies":[{"name":"wp","href":"https:\/\/api.w.org\/{rel}","templated":true}]}}