{"id":202203,"date":"2014-12-16T12:08:47","date_gmt":"2014-12-16T10:08:47","guid":{"rendered":"http:\/\/www.nationalturk.com\/?p=202203"},"modified":"2014-12-16T12:08:47","modified_gmt":"2014-12-16T10:08:47","slug":"gisele-bundchen-kosta-rika-202203","status":"publish","type":"post","link":"https:\/\/www.nationalturk.com\/tr\/gisele-bundchen-kosta-rika-202203\/","title":{"rendered":"Gisele B\u00fcndchen Kosta Rika&#8217;da stres att\u0131"},"content":{"rendered":"<h1><a href=\"http:\/\/www.nationalturk.com\/tr\/wp-content\/uploads\/2014\/12\/gisele-bundchen-kosta-rika.jpg\"><img loading=\"lazy\" decoding=\"async\" class=\"aligncenter size-full wp-image-202204\" src=\"http:\/\/www.nationalturk.com\/tr\/wp-content\/uploads\/2014\/12\/gisele-bundchen-kosta-rika.jpg\" alt=\"\" width=\"610\" height=\"396\" title=\"\" srcset=\"https:\/\/www.nationalturk.com\/tr\/wp-content\/uploads\/2014\/12\/gisele-bundchen-kosta-rika.jpg 610w, https:\/\/www.nationalturk.com\/tr\/wp-content\/uploads\/2014\/12\/gisele-bundchen-kosta-rika-280x181.jpg 280w, https:\/\/www.nationalturk.com\/tr\/wp-content\/uploads\/2014\/12\/gisele-bundchen-kosta-rika-554x360.jpg 554w\" sizes=\"auto, (max-width: 610px) 100vw, 610px\" \/><\/a>Brezilyal\u0131 model Gisele B\u00fcndchen, ailesiyle birlikte Orta Amerika \u00fclkelerinden Kosta Rika\u2019da stresten uzak bir tatil ge\u00e7irdi.<\/h1>\n<p>Ekonomisinin b\u00fcy\u00fck b\u00f6l\u00fcm\u00fcn\u00fc turizm gelirleri olu\u015fturan Orta Amerika \u00fclkesi Kosta Rika, d\u00fcnyaca \u00fcnl\u00fc isimlerin tatil tercihleri aras\u0131ndaki yerini ald\u0131.<\/p>\n<p><a href=\"http:\/\/www.wts.com.tr\/Hot_latin_amerika.html\" target=\"_blank\" rel=\"noopener\"><strong>Latin Amerika Turlar\u0131<\/strong><\/a> ile daha \u00e7ok K\u00fcba, Brezilya, Panama gibi b\u00f6lgeleri tercih seyahatseverler son d\u00f6nemde Orta Amerika\u2019n\u0131n turizmdeki parlayan y\u0131ld\u0131z\u0131 KostaRika\u2019y\u0131 da ziyaret etmeye ba\u015flad\u0131. \u00d6zellik son d\u00f6nemde <a href=\"http:\/\/www.wts.com.tr\/hot_Kuba.htm\" target=\"_blank\" rel=\"noopener\"><strong>K\u00fcba Turlar\u0131<\/strong><\/a>na ilginin artmas\u0131 Latin Amerika\u2019n\u0131n di\u011fer \u00fclkelerine de yarad\u0131.<\/p>\n<p>Orta Amerika\u2019da Panama ile birlikte son d\u00f6nemde en \u00e7ok dikkat \u00e7eken \u00fclkelerden biri de Kosta Rika oldu. Ku\u015fkusuz bunda \u00fcnl\u00fc isimlerin tatillerini bu \u00fclkede ge\u00e7irmesinin de pay\u0131 b\u00fcy\u00fck.<\/p>\n<p>Son olarak d\u00fcnyan\u0131n en \u00e7ok kazanan modellerinden olan Gisele B\u00fcndchen, sahilleri ile \u00fcnl\u00fc Kosta Rika\u2019da, o\u011flu Benjamin, k\u0131z\u0131 Vivian ve di\u011fer aile \u00fcyeleri ile tatil yaparken g\u00f6r\u00fcnt\u00fclendi.<\/p>\n<p><a href=\"http:\/\/www.nationalturk.com\/tr\/wp-content\/uploads\/2014\/12\/gisele-bundchen-kosta-rika-tatil.jpg\"><img loading=\"lazy\" decoding=\"async\" class=\"aligncenter wp-image-202207\" src=\"http:\/\/www.nationalturk.com\/tr\/wp-content\/uploads\/2014\/12\/gisele-bundchen-kosta-rika-tatil.jpg\" alt=\"\" width=\"610\" height=\"556\" title=\"\" srcset=\"https:\/\/www.nationalturk.com\/tr\/wp-content\/uploads\/2014\/12\/gisele-bundchen-kosta-rika-tatil.jpg 634w, https:\/\/www.nationalturk.com\/tr\/wp-content\/uploads\/2014\/12\/gisele-bundchen-kosta-rika-tatil-241x220.jpg 241w, https:\/\/www.nationalturk.com\/tr\/wp-content\/uploads\/2014\/12\/gisele-bundchen-kosta-rika-tatil-394x360.jpg 394w\" sizes=\"auto, (max-width: 610px) 100vw, 610px\" \/><\/a><\/p>\n<p>Orta Amerika\u2019n\u0131n tropikal iklimi, egzotik do\u011fas\u0131 ve muhte\u015fem denizi ile bilinen \u00fclkesi Kosta Rika\u2019y\u0131 tercih eden seksi model, ailece keyifli g\u00fcnler ge\u00e7iriyor. G\u00fcn boyu beyaz kumlarla kapl\u0131 plajlarda berrak denizin tad\u0131n\u0131 \u00e7\u0131karan B\u00fcndchen, \u00e7ocuklar\u0131 Benjamin ve Vivian ile ilgilenmekten geri kalm\u0131yor.<\/p>\n<p>T\u00fcrkiye\u2019den vize istemeyen Kosta Rika, konumu itibari ile y\u0131llard\u0131r turizmin en g\u00f6zde b\u00f6lgelerinden. Kuzeyde Nikaragua, g\u00fcneydo\u011fuda Panama ile kom\u015fu olan \u00fclkenin bat\u0131s\u0131nda B\u00fcy\u00fck Okyanus, do\u011fusunda ise Karayip Denizi yer al\u0131yor.<\/p>\n<p><strong><a href=\"http:\/\/www.wts.com.tr\/panama-kosta-rika-turu.htm\" target=\"_blank\" rel=\"noopener\">Kosta Rika Turu Hakk\u0131nda Detayl\u0131 Bilgi \u0130\u00e7in T\u0131klay\u0131n<\/a><\/strong><\/p>\n<!-- Error, Advert is not available at this time due to schedule\/geolocation restrictions! -->\n","protected":false},"excerpt":{"rendered":"<p>Brezilyal\u0131 model Gisele B\u00fcndchen, ailesiyle birlikte Orta Amerika \u00fclkelerinden Kosta Rika\u2019da stresten uzak bir tatil ge\u00e7irdi.<\/p>\n","protected":false},"author":3,"featured_media":202204,"comment_status":"open","ping_status":"open","sticky":false,"template":"","format":"standard","meta":{"_acf_changed":false,"footnotes":""},"categories":[6700,6232,6229,6671,67944],"tags":[7072,180581,180582,162380,180584,8037],"class_list":["post-202203","post","type-post","status-publish","format-standard","has-post-thumbnail","hentry","category-aile","category-magazin","category-moda","category-seyahat","category-yurtdisi-magazin-haberleri","tag-gisele-bundchen","tag-gisele-bundchen-bikini","tag-gisele-bundchen-cocuklari","tag-gisele-bundchen-seksi","tag-gisele-bundchen-tatil","tag-kosta-rika"],"acf":[],"_links":{"self":[{"href":"https:\/\/www.nationalturk.com\/tr\/wp-json\/wp\/v2\/posts\/202203","targetHints":{"allow":["GET"]}}],"collection":[{"href":"https:\/\/www.nationalturk.com\/tr\/wp-json\/wp\/v2\/posts"}],"about":[{"href":"https:\/\/www.nationalturk.com\/tr\/wp-json\/wp\/v2\/types\/post"}],"author":[{"embeddable":true,"href":"https:\/\/www.nationalturk.com\/tr\/wp-json\/wp\/v2\/users\/3"}],"replies":[{"embeddable":true,"href":"https:\/\/www.nationalturk.com\/tr\/wp-json\/wp\/v2\/comments?post=202203"}],"version-history":[{"count":0,"href":"https:\/\/www.nationalturk.com\/tr\/wp-json\/wp\/v2\/posts\/202203\/revisions"}],"wp:featuredmedia":[{"embeddable":true,"href":"https:\/\/www.nationalturk.com\/tr\/wp-json\/wp\/v2\/media\/202204"}],"wp:attachment":[{"href":"https:\/\/www.nationalturk.com\/tr\/wp-json\/wp\/v2\/media?parent=202203"}],"wp:term":[{"taxonomy":"category","embeddable":true,"href":"https:\/\/www.nationalturk.com\/tr\/wp-json\/wp\/v2\/categories?post=202203"},{"taxonomy":"post_tag","embeddable":true,"href":"https:\/\/www.nationalturk.com\/tr\/wp-json\/wp\/v2\/tags?post=202203"}],"curies":[{"name":"wp","href":"https:\/\/api.w.org\/{rel}","templated":true}]}}