{"id":202244,"date":"2014-12-16T16:59:16","date_gmt":"2014-12-16T14:59:16","guid":{"rendered":"http:\/\/www.nationalturk.com\/?p=202244"},"modified":"2014-12-16T16:59:16","modified_gmt":"2014-12-16T14:59:16","slug":"17-aralik-yolsuzluk-dosyasi-tamamen-kapandi-202244","status":"publish","type":"post","link":"https:\/\/www.nationalturk.com\/tr\/17-aralik-yolsuzluk-dosyasi-tamamen-kapandi-202244\/","title":{"rendered":"17 Aral\u0131k yolsuzluk dosyas\u0131 tamamen kapand\u0131!"},"content":{"rendered":"<p><img loading=\"lazy\" decoding=\"async\" class=\"alignnone size-large wp-image-202245\" src=\"http:\/\/www.nationalturk.com\/tr\/wp-content\/uploads\/2014\/12\/reza_zerrab_gozalti-610x355.jpg\" alt=\"Reza zarrab\" width=\"610\" height=\"355\" title=\"\" srcset=\"https:\/\/www.nationalturk.com\/tr\/wp-content\/uploads\/2014\/12\/reza_zerrab_gozalti-610x355.jpg 610w, https:\/\/www.nationalturk.com\/tr\/wp-content\/uploads\/2014\/12\/reza_zerrab_gozalti-280x163.jpg 280w, https:\/\/www.nationalturk.com\/tr\/wp-content\/uploads\/2014\/12\/reza_zerrab_gozalti-900x524.jpg 900w, https:\/\/www.nationalturk.com\/tr\/wp-content\/uploads\/2014\/12\/reza_zerrab_gozalti.jpg 1025w\" sizes=\"auto, (max-width: 610px) 100vw, 610px\" \/><\/p>\n<h1>\u0130stanbul Cumhuriyet Ba\u015fsavc\u0131l\u0131\u011f\u0131&#8217;n\u0131n \u0130stanbul merkezli 17 Aral\u0131k soru\u015fturmas\u0131 kapsam\u0131nda 53 ki\u015fi hakk\u0131nda verdi\u011fi takipsizlik karar\u0131na yap\u0131lan itiraz reddedildi. B\u00f6ylece yolsuzluk dosyas\u0131 tamamen kapand\u0131.<\/h1>\n<p>\u0130stanbul 6. Sulh Ceza Hakimli\u011fi, \u0130stanbul Cumhuriyet Ba\u015fsavc\u0131l\u0131\u011f\u0131 Ter\u00f6r ve \u00d6rg\u00fctl\u00fc Su\u00e7lar Birimi savc\u0131lar\u0131ndan Ekrem Ayd\u0131ner&#8217;in y\u00fcr\u00fctt\u00fc\u011f\u00fc soru\u015fturma kapsam\u0131nda aralar\u0131nda i\u015f adam\u0131 R\u0131za Sarraf ile Bar\u0131\u015f G\u00fcler ve Salih Kaan \u00c7a\u011flayan&#8217;\u0131n da bulundu\u011fu 53 ki\u015fi hakk\u0131nda verilen takipsizlik karar\u0131na yap\u0131lan itirazlar\u0131 inceledi.<\/p>\n<p>Hakimlik, m\u00fc\u015fteki Orhan \u0130nce&#8217;nin itiraz\u0131n\u0131n esas y\u00f6n\u00fcnden, di\u011fer ki\u015fi ve kurumlar\u0131n itirazlar\u0131n\u0131n ise usul y\u00f6n\u00fcnden reddine karar verdi.<\/p>\n<p>Hakimlik karar\u0131nda, Ba\u015fsavc\u0131l\u0131\u011f\u0131n takipsizlik karar\u0131na aralar\u0131nda m\u00fc\u015fteki Orhan \u0130nce&#8217;nin de bulundu\u011fu baz\u0131 ki\u015filer ve kurumlarca itiraz edildi\u011fi an\u0131msat\u0131larak, &#8220;\u0130tiraz eden ki\u015filerden Orhan \u0130nce&#8217;nin su\u00e7 tarihinde emniyet m\u00fcd\u00fcr\u00fc olarak g\u00f6rev yapt\u0131\u011f\u0131, dosyada m\u00fc\u015fteki s\u0131fat\u0131 ile ifadesinin al\u0131nd\u0131\u011f\u0131, di\u011ferlerinin ise dosyan\u0131n tamam\u0131nda ya da k\u0131smen soru\u015fturma esnas\u0131nda g\u00f6rev yapan kolluk g\u00f6revlileri ile dosyan\u0131n ma\u011fduru olmayan ki\u015fi ya da kurulu\u015flar olduklar\u0131, dosya kapsam\u0131nda taraf s\u0131fatlar\u0131n\u0131n bulunmad\u0131\u011f\u0131 anla\u015f\u0131lm\u0131\u015ft\u0131r&#8221; ifadesine yer verildi.<\/p>\n<p>\u0130tiraz hakk\u0131n\u0131n su\u00e7tan zarar g\u00f6ren ki\u015filere verildi\u011fi belirtilen kararda, &#8220;\u0130tiraz hakk\u0131 esasta su\u00e7tan zarar g\u00f6ren \u015fikayet\u00e7iye ve \u015fikayet\u00e7isi bulunmayan hallerde karar veren cumhuriyet savc\u0131s\u0131n\u0131n ba\u011fl\u0131 oldu\u011fu a\u011f\u0131r ceza mahkemesi nezdindeki cumhuriyet ba\u015fsavc\u0131s\u0131na verilmi\u015f bulunmaktad\u0131r. Bunun d\u0131\u015f\u0131nda yasal olarak karara itiraz hakk\u0131 ba\u015fkalar\u0131na tan\u0131nmam\u0131\u015ft\u0131r&#8221; denildi.<\/p>\n<p>Orhan \u0130nce haricindeki ki\u015filerin itiraz hakk\u0131 bulunmad\u0131\u011f\u0131, dosyada m\u00fc\u015fteki olarak ifadesi yer alan \u0130nce&#8217;nin \u015fikayet\u00e7i oldu\u011fu konunun da dosyan\u0131n tamam\u0131na dair olmad\u0131\u011f\u0131n\u0131n anla\u015f\u0131ld\u0131\u011f\u0131 kaydedildi.<\/p>\n<p>Kararda, \u0130nce&#8217;nin, dosyada \u015f\u00fcpheli olarak isimleri ge\u00e7en R\u0131za Sarraf, Bar\u0131\u015f G\u00fcler ve Muammer G\u00fcler hakk\u0131nda \u00f6nce tayinini \u0130stanbul d\u0131\u015f\u0131ndaki illere \u00e7\u0131kartt\u0131klar\u0131, akabinde de meslekten ihra\u00e7 edildi\u011fi gerek\u00e7esiyle \u015fikayet\u00e7i oldu\u011fu hat\u0131rlat\u0131larak, \u015fu ifadelere yer verildi:<\/p>\n<p>&#8220;\u00d6ncelikle Muammer G\u00fcler&#8217;in milletvekili olmas\u0131 nedeniyle hakk\u0131ndaki soru\u015fturma dosyas\u0131n\u0131n T\u00fcrkiye B\u00fcy\u00fck Millet Meclisi Soru\u015fturma Komisyonu&#8217;na g\u00f6nderildi\u011fi, bu hususta cumhuriyet savc\u0131l\u0131\u011f\u0131n\u0131n soru\u015fturma yetkisi bulunmad\u0131\u011f\u0131, b\u00f6ylelikle de Muammer G\u00fcler hakk\u0131nda herhangi bir de\u011ferlendirme yap\u0131lmas\u0131n\u0131n hukuken m\u00fcmk\u00fcn olmad\u0131\u011f\u0131 a\u00e7\u0131kt\u0131r.<\/p>\n<p>Di\u011fer iki \u015f\u00fcpheli R\u0131za Sarraf ve Bar\u0131\u015f G\u00fcler hakk\u0131ndaki \u015fikayetin de\u011ferlendirilmesinde her iki \u015f\u00fcphelinin de m\u00fc\u015fteki Orhan \u0130nce&#8217;nin tayin edilmesi ya da meslekten ihra\u00e7 edilmesi olay\u0131nda herhangi bir yetkilerinin bulunmad\u0131\u011f\u0131 g\u00f6r\u00fclmektedir. Bu durumda her iki \u015f\u00fcpheli hakk\u0131nda da hukuken atfedilecek su\u00e7 te\u015fkil eden bir eylem bulunmad\u0131\u011f\u0131 y\u00f6n\u00fcndeki kovu\u015fturmaya yer olmad\u0131\u011f\u0131na dair karar, usul ve yasaya uygundur.&#8221;<\/p>\n<p>\u0130nce&#8217;nin itiraz\u0131n\u0131n &#8220;takipsizlik karar\u0131n\u0131n usul ve yasaya uygun oldu\u011fu&#8221; gerek\u00e7esiyle esas y\u00f6n\u00fcnden reddedildi\u011fi belirtilen kararda, \u0130nce d\u0131\u015f\u0131ndaki ki\u015fi ve kurulu\u015flar\u0131n itiraz haklar\u0131 bulunmad\u0131\u011f\u0131 i\u00e7in bu ki\u015filerin itirazlar\u0131n\u0131n da usul y\u00f6n\u00fcnden reddedildi\u011fi kaydedildi.<\/p>\n<p>\u0130stanbul Cumhuriyet Ba\u015fsavc\u0131l\u0131\u011f\u0131 Ter\u00f6r ve \u00d6rg\u00fctl\u00fc Su\u00e7lar Birimi savc\u0131lar\u0131ndan Ekrem Ayd\u0131ner&#8217;in y\u00fcr\u00fctt\u00fc\u011f\u00fc soru\u015fturma kapsam\u0131nda aralar\u0131nda i\u015f adam\u0131 R\u0131za Sarraf ile Bar\u0131\u015f G\u00fcler ve Salih Kaan \u00c7a\u011flayan&#8217;\u0131n da bulundu\u011fu 53 ki\u015fi hakk\u0131nda verilen takipsizlik karar\u0131na, dosyan\u0131n tek m\u00fc\u015ftekisi Orhan \u0130nce ile milletvekilleri, baz\u0131 kurumlar ve ki\u015filer itiraz etmi\u015fti.<\/p>\n<!-- Error, Advert is not available at this time due to schedule\/geolocation restrictions! -->\n","protected":false},"excerpt":{"rendered":"<p>\u0130stanbul Cumhuriyet Ba\u015fsavc\u0131l\u0131\u011f\u0131&#8217;n\u0131n \u0130stanbul merkezli 17 Aral\u0131k soru\u015fturmas\u0131 kapsam\u0131nda 53 ki\u015fi hakk\u0131nda verdi\u011fi takipsizlik karar\u0131na yap\u0131lan itiraz reddedildi. B\u00f6ylece yolsuzluk dosyas\u0131 tamamen kapand\u0131.<\/p>\n","protected":false},"author":4,"featured_media":202246,"comment_status":"open","ping_status":"open","sticky":false,"template":"","format":"standard","meta":{"_acf_changed":false,"footnotes":""},"categories":[6155,5005,6202,349,6805],"tags":[175531,175530,149151,175528,14673,4350,149322,49118,149149,148907,75389,153474,4019],"class_list":["post-202244","post","type-post","status-publish","format-standard","has-post-thumbnail","hentry","category-gundem","category-manset","category-politika","category-son-dakika","category-turkiye","tag-17-aralik-takipsizlik","tag-17-aralik-yolsuzluk","tag-baris-guler","tag-baris-guler-17-aralik","tag-ekrem-aydiner","tag-muammer-guler","tag-orhan-ince","tag-reza-zarrab","tag-riza-sarraf","tag-salih-kaan-caglayan","tag-suleyman-aslan","tag-suleyman-aslan-halkbank","tag-zafer-caglayan"],"acf":[],"_links":{"self":[{"href":"https:\/\/www.nationalturk.com\/tr\/wp-json\/wp\/v2\/posts\/202244","targetHints":{"allow":["GET"]}}],"collection":[{"href":"https:\/\/www.nationalturk.com\/tr\/wp-json\/wp\/v2\/posts"}],"about":[{"href":"https:\/\/www.nationalturk.com\/tr\/wp-json\/wp\/v2\/types\/post"}],"author":[{"embeddable":true,"href":"https:\/\/www.nationalturk.com\/tr\/wp-json\/wp\/v2\/users\/4"}],"replies":[{"embeddable":true,"href":"https:\/\/www.nationalturk.com\/tr\/wp-json\/wp\/v2\/comments?post=202244"}],"version-history":[{"count":0,"href":"https:\/\/www.nationalturk.com\/tr\/wp-json\/wp\/v2\/posts\/202244\/revisions"}],"wp:featuredmedia":[{"embeddable":true,"href":"https:\/\/www.nationalturk.com\/tr\/wp-json\/wp\/v2\/media\/202246"}],"wp:attachment":[{"href":"https:\/\/www.nationalturk.com\/tr\/wp-json\/wp\/v2\/media?parent=202244"}],"wp:term":[{"taxonomy":"category","embeddable":true,"href":"https:\/\/www.nationalturk.com\/tr\/wp-json\/wp\/v2\/categories?post=202244"},{"taxonomy":"post_tag","embeddable":true,"href":"https:\/\/www.nationalturk.com\/tr\/wp-json\/wp\/v2\/tags?post=202244"}],"curies":[{"name":"wp","href":"https:\/\/api.w.org\/{rel}","templated":true}]}}