{"id":202521,"date":"2014-12-20T11:50:23","date_gmt":"2014-12-20T09:50:23","guid":{"rendered":"http:\/\/www.nationalturk.com\/?p=202521"},"modified":"2014-12-20T11:50:23","modified_gmt":"2014-12-20T09:50:23","slug":"obama-guantanamo-hapishanesi-kapatilmali-202521","status":"publish","type":"post","link":"https:\/\/www.nationalturk.com\/tr\/obama-guantanamo-hapishanesi-kapatilmali-202521\/","title":{"rendered":"Obama: Guantanamo Hapishanesi kapat\u0131lmal\u0131"},"content":{"rendered":"<h1><a href=\"http:\/\/www.nationalturk.com\/tr\/wp-content\/uploads\/2014\/12\/Guantanamo-hapisanesi-kapatilmali.jpg\"><img loading=\"lazy\" decoding=\"async\" class=\"aligncenter wp-image-202526\" src=\"http:\/\/www.nationalturk.com\/tr\/wp-content\/uploads\/2014\/12\/Guantanamo-hapisanesi-kapatilmali.jpg\" alt=\"\" width=\"610\" height=\"356\" title=\"\" srcset=\"https:\/\/www.nationalturk.com\/tr\/wp-content\/uploads\/2014\/12\/Guantanamo-hapisanesi-kapatilmali.jpg 561w, https:\/\/www.nationalturk.com\/tr\/wp-content\/uploads\/2014\/12\/Guantanamo-hapisanesi-kapatilmali-280x163.jpg 280w\" sizes=\"auto, (max-width: 610px) 100vw, 610px\" \/><\/a>ABD Ba\u015fkan\u0131 Obama, K\u00fcba&#8217;da ter\u00f6r su\u00e7lular\u0131n\u0131n tutuldu\u011fu Guantanamo Hapishanesi&#8217;nin faaliyette olmas\u0131n\u0131n ulusal g\u00fcvenli\u011fi tehlikeye att\u0131\u011f\u0131n\u0131 ve buran\u0131n kapat\u0131lmas\u0131 gerekti\u011fini s\u00f6yledi.<\/h1>\n<p>ABD Ba\u015fkan\u0131 Barack Obama, Guantanamo Hapishanesi&#8217;nin kapat\u0131lmas\u0131n\u0131n ulusal g\u00fcvenlik a\u00e7\u0131s\u0131ndan &#8220;zorunluluk&#8221; arz etti\u011fini belirterek, &#8220;Guantanamo\u2019nun faaliyette olmas\u0131, ulusal g\u00fcvenli\u011fimizin alt\u0131n\u0131 kaz\u0131yor. Buray\u0131 kapatmam\u0131z laz\u0131m. Kongre\u2019nin iki kanad\u0131ndaki \u00fcyeleri, Amerikan tarihinin bu sayfas\u0131n\u0131 kapatmak i\u00e7in bizimle \u00e7al\u0131\u015fmaya \u00e7a\u011f\u0131r\u0131yoruz&#8221; dedi.<\/p>\n<p>ABD Kongresi, ge\u00e7en hafta 2015 y\u0131l\u0131 i\u00e7in savunma yasa tasar\u0131s\u0131n\u0131 kabul ederek, Ba\u015fkan Obama\u2019n\u0131n imzas\u0131na g\u00f6ndermi\u015fti. Obama da kendisine Irak ve Suriye\u2019de I\u015e\u0130D\u2019e kar\u015f\u0131 m\u00fccadele kampanyas\u0131n\u0131 geni\u015fletme yetkisi de tan\u0131yan, 2015 y\u0131l\u0131 i\u00e7in 585 milyar dolarl\u0131k savunma b\u00fct\u00e7esini onaylad\u0131.<\/p>\n<p>Yasada, I\u015e\u0130D\u2019e kar\u015f\u0131 hava sald\u0131r\u0131lar\u0131 i\u00e7in 5 milyar dolarl\u0131k b\u00fct\u00e7e veriliyor. Irak\u2019a bin 500\u2019e kadar ek Amerikan askeri g\u00f6nderilebilmesinin yolunu a\u00e7an yasada, yine Irak&#8217;a e\u011fitim ve ekipman yard\u0131m\u0131 i\u00e7in 1,6 milyar dolar ayr\u0131l\u0131yor.<\/p>\n<p>Yasa ayr\u0131ca, Obama ve Pentagon\u2019a Suriye\u2019deki \u0131l\u0131ml\u0131 muhaliflere e\u011fitim ve ekipman temin edilmesi plan\u0131n\u0131 yapma yetkisi de sa\u011flad\u0131. \u00d6nceki otoritenin s\u00fcresi, 11 Aral\u0131k\u2019ta dolmu\u015ftu.<\/p>\n<p>Genel anlamda yasa, Amerikan ordusu i\u00e7in 521,3 milyar dolar, Afganistan ve Irak\u2019ta yurt d\u0131\u015f\u0131 operasyonlar i\u00e7in de 63,7 milyar dolar b\u00fct\u00e7e \u00f6ng\u00f6r\u00fcyor.<\/p>\n<p>Yasada ayr\u0131ca, \u00e7ok tart\u0131\u015f\u0131lmas\u0131na ra\u011fmen Guantanamo Hapishanesi&#8217;ndeki tutuklular\u0131n transferine yasak getirilirken, bu hapishanenin kapat\u0131lmas\u0131n\u0131n da \u00f6n\u00fcne ge\u00e7ildi.<\/p>\n<h2>&#8220;Guantanamo&#8217;yu kapatmam\u0131z laz\u0131m&#8221;<\/h2>\n<p>Obama, yapt\u0131\u011f\u0131 yaz\u0131l\u0131 a\u00e7\u0131klamada, Guantanamo\u2019nun a\u00e7\u0131k kalmas\u0131n\u0131n ABD\u2019nin ulusal g\u00fcvenli\u011fini zay\u0131flatt\u0131\u011f\u0131n\u0131, kilit m\u00fcttefik ve partnerlerle ili\u015fkilere zarar verdi\u011fini ve a\u015f\u0131r\u0131l\u0131k yanl\u0131lar\u0131n\u0131 cesaretlendirdi\u011fini belirterek, &#8220;Bu hapishaneyi kapatmak ulusal zorunluluk&#8221; ifadesini kulland\u0131.<\/p>\n<p>\u0130mzalad\u0131\u011f\u0131 yasan\u0131n Guantanamo\u2019nun a\u00e7\u0131k kalmaya devam etmesini sa\u011flamas\u0131n\u0131 ve h\u00fck\u00fcml\u00fclerin ba\u015fka \u00fclkelere ta\u015f\u0131nmas\u0131n\u0131 yasaklamas\u0131n\u0131 ele\u015ftiren Obama, bu k\u0131s\u0131tlamalara her zaman kar\u015f\u0131 oldu\u011funu ve bunlar\u0131 kald\u0131rmak i\u00e7in Kongre ile \u00e7al\u0131\u015fmaya devam edece\u011fini bildirdi.<\/p>\n<p>Obama, Guantanamo\u2019daki mahkumlar\u0131n y\u00fczde 80\u2019inin di\u011fer \u00fclkelere transferinin zaten tamamlad\u0131\u011f\u0131n\u0131 an\u0131msatarak, geri kalan mahkumlara y\u00f6nelik h\u00fck\u00fcmler i\u00e7in de y\u00f6netimin eline esneklik verilmesi gerekti\u011fini kaydetti.<\/p>\n<p>Yasaya tutuklular\u0131n transferiyle ilgili eklenen h\u00fck\u00fcmlerin, anayasada belirtilen devletteki g\u00fc\u00e7ler ayr\u0131l\u0131\u011f\u0131 ilkesiyle de uyu\u015fmad\u0131\u011f\u0131na dikkati \u00e7eken Obama, &#8220;Guantanamo\u2019nun faaliyette olmas\u0131 ulusal g\u00fcvenli\u011fimizin alt\u0131n\u0131 kaz\u0131yor. Buray\u0131 kapatmam\u0131z laz\u0131m. Kongre\u2019nin iki kanad\u0131ndaki \u00fcyeleri Amerikan tarihinin bu sayfas\u0131n\u0131 kapatmak i\u00e7in bizimle \u00e7al\u0131\u015fmaya \u00e7a\u011f\u0131r\u0131yoruz&#8221; ifadesine yer verdi.<\/p>\n<!-- Error, Advert is not available at this time due to schedule\/geolocation restrictions! -->\n","protected":false},"excerpt":{"rendered":"<p>ABD Ba\u015fkan\u0131 Obama, K\u00fcba&#8217;da ter\u00f6r su\u00e7lular\u0131n\u0131n tutuldu\u011fu Guantanamo Hapishanesi&#8217;nin faaliyette olmas\u0131n\u0131n ulusal g\u00fcvenli\u011fi tehlikeye att\u0131\u011f\u0131n\u0131 ve buran\u0131n kapat\u0131lmas\u0131 gerekti\u011fini s\u00f6yledi.<\/p>\n","protected":false},"author":3,"featured_media":202526,"comment_status":"open","ping_status":"open","sticky":false,"template":"","format":"standard","meta":{"_acf_changed":false,"footnotes":""},"categories":[6768,6665,6155,6771,5005,6202],"tags":[1887,5902,5901,6552,77540,2509,8941,162680,162679,180904],"class_list":["post-202521","post","type-post","status-publish","format-standard","has-post-thumbnail","hentry","category-amerika","category-dunya","category-gundem","category-latin-amerika","category-manset","category-politika","tag-abd","tag-abd-baskani","tag-abd-baskani-barack-obama","tag-abd-kuba","tag-abd-kuba-iliskileri","tag-barack-obama","tag-guantanamo","tag-guantanamo-amerika","tag-guantanamo-hapishanesi","tag-guantanamo-kuba"],"acf":[],"_links":{"self":[{"href":"https:\/\/www.nationalturk.com\/tr\/wp-json\/wp\/v2\/posts\/202521","targetHints":{"allow":["GET"]}}],"collection":[{"href":"https:\/\/www.nationalturk.com\/tr\/wp-json\/wp\/v2\/posts"}],"about":[{"href":"https:\/\/www.nationalturk.com\/tr\/wp-json\/wp\/v2\/types\/post"}],"author":[{"embeddable":true,"href":"https:\/\/www.nationalturk.com\/tr\/wp-json\/wp\/v2\/users\/3"}],"replies":[{"embeddable":true,"href":"https:\/\/www.nationalturk.com\/tr\/wp-json\/wp\/v2\/comments?post=202521"}],"version-history":[{"count":0,"href":"https:\/\/www.nationalturk.com\/tr\/wp-json\/wp\/v2\/posts\/202521\/revisions"}],"wp:featuredmedia":[{"embeddable":true,"href":"https:\/\/www.nationalturk.com\/tr\/wp-json\/wp\/v2\/media\/202526"}],"wp:attachment":[{"href":"https:\/\/www.nationalturk.com\/tr\/wp-json\/wp\/v2\/media?parent=202521"}],"wp:term":[{"taxonomy":"category","embeddable":true,"href":"https:\/\/www.nationalturk.com\/tr\/wp-json\/wp\/v2\/categories?post=202521"},{"taxonomy":"post_tag","embeddable":true,"href":"https:\/\/www.nationalturk.com\/tr\/wp-json\/wp\/v2\/tags?post=202521"}],"curies":[{"name":"wp","href":"https:\/\/api.w.org\/{rel}","templated":true}]}}