{"id":202615,"date":"2014-12-22T13:03:25","date_gmt":"2014-12-22T11:03:25","guid":{"rendered":"http:\/\/www.nationalturk.com\/?p=202615"},"modified":"2014-12-22T13:03:25","modified_gmt":"2014-12-22T11:03:25","slug":"antalya-kongre-merkezi-olacak-202615","status":"publish","type":"post","link":"https:\/\/www.nationalturk.com\/tr\/antalya-kongre-merkezi-olacak-202615\/","title":{"rendered":"&#8220;Antalya Kongre Merkezi Olacak&#8221;"},"content":{"rendered":"<h1><a href=\"http:\/\/www.nationalturk.com\/tr\/wp-content\/uploads\/2014\/12\/antalya-expo-fuar.jpg\"><img loading=\"lazy\" decoding=\"async\" class=\"aligncenter size-full wp-image-202616\" src=\"http:\/\/www.nationalturk.com\/tr\/wp-content\/uploads\/2014\/12\/antalya-expo-fuar.jpg\" alt=\"\" width=\"610\" height=\"382\" title=\"\" srcset=\"https:\/\/www.nationalturk.com\/tr\/wp-content\/uploads\/2014\/12\/antalya-expo-fuar.jpg 610w, https:\/\/www.nationalturk.com\/tr\/wp-content\/uploads\/2014\/12\/antalya-expo-fuar-280x175.jpg 280w, https:\/\/www.nationalturk.com\/tr\/wp-content\/uploads\/2014\/12\/antalya-expo-fuar-574x360.jpg 574w\" sizes=\"auto, (max-width: 610px) 100vw, 610px\" \/><\/a>D\u0131\u015fi\u015fleri ve Avrupa Birli\u011fi Bakanl\u0131klar\u0131\u2019n\u0131n temsilcilikleri Antalya\u2019da hizmete girdi. A\u00e7\u0131l\u0131\u015fta konu\u015fan D\u0131\u015fi\u015fleri Bakan\u0131 Mevl\u00fct \u00c7avu\u015fo\u011flu, &#8220;Antalya T\u00fcrkiye\u2019nin kongre merkezi olacak&#8221; dedi.<\/h1>\n<p>Antalya\u2019daki a\u00e7\u0131l\u0131\u015fa, D\u0131\u015fi\u015fleri Bakan\u0131 Mevl\u00fct \u00c7avu\u015fo\u011flu, AB Bakan\u0131 Volkan Bozk\u0131r, Vali Muammer T\u00fcrker, B\u00fcy\u00fck\u015fehir Belediye Ba\u015fkan\u0131 Menderes T\u00fcrel, b\u00fcrokratlar ve turizmciler kat\u0131ld\u0131.<\/p>\n<p>Temsilciliklerin a\u00e7\u0131l\u0131\u015f\u0131nda konu\u015fan D\u0131\u015fi\u015fleri Bakan\u0131 Mevl\u00fct \u00c7avu\u015fo\u011flu, EXPO 2016 Antalya\u2019n\u0131n \u015fehrimiz ve \u00fclkemiz i\u00e7in \u00f6nemine vurgu yapt\u0131.<\/p>\n<p>\u0130stanbul, Edirne ve \u0130zmir\u2019den sonra D\u0131\u015fi\u015fleri Bakanl\u0131\u011f\u0131 temsilcili\u011finin Antalya\u2019da a\u00e7\u0131ld\u0131\u011f\u0131n\u0131 belirten Bakan \u00c7avu\u015fo\u011flu, \u201cAntalya \u00f6n\u00fcm\u00fczdeki s\u00fcre\u00e7te \u00e7ok \u00f6nemli organizasyonlara ev sahipli\u011fi yapacak. NATO D\u0131\u015fi\u015fleri Bakanlar\u0131 toplant\u0131s\u0131, G20 zirvesi ve G20 \u00fclkelerinin ilgili bakanl\u0131klar\u0131 ile toplant\u0131lar 2015 y\u0131l\u0131 i\u00e7erisinde Antalya\u2019da olacak. Yine D\u00fcnya Botanik Expo\u2019su bir\u00e7ok \u00fclkenin kat\u0131l\u0131m\u0131 ile 2016 y\u0131l\u0131nda Antalya\u2019da yap\u0131lacak. Yani Antalya T\u00fcrkiye\u2019nin kongre merkezi olacak&#8221; ifadelerini kulland\u0131.<\/p>\n<p>Cumhurba\u015fkan\u0131, Ba\u015fbakan ve ilgili Bakanlar\u0131n gittikleri yerlerde EXPO\u2019nun T\u00fcrkiye ve Antalya i\u00e7in \u00f6nemine vurgu yapt\u0131\u011f\u0131n\u0131 belirten \u00c7avu\u015fo\u011flu, &#8220;Bir\u00e7ok \u00f6nemli \u00fclke EXPO 2016 Antalya\u2019ya kat\u0131lacaklar\u0131n\u0131 belirttiler. EXPO 2016 Antalya sadece 6 ay a\u00e7\u0131k kalacak bir organizasyon de\u011fil. Uzun y\u0131llar korunacak bir bah\u00e7e olacak\u201d dedi.<\/p>\n<!-- Error, Advert is not available at this time due to schedule\/geolocation restrictions! -->\n","protected":false},"excerpt":{"rendered":"<p>D\u0131\u015fi\u015fleri ve Avrupa Birli\u011fi Bakanl\u0131klar\u0131\u2019n\u0131n temsilcilikleri Antalya\u2019da hizmete girdi. A\u00e7\u0131l\u0131\u015fta konu\u015fan D\u0131\u015fi\u015fleri Bakan\u0131 Mevl\u00fct \u00c7avu\u015fo\u011flu, &#8220;Antalya T\u00fcrkiye\u2019nin kongre merkezi olacak&#8221; dedi.<\/p>\n","protected":false},"author":3,"featured_media":202616,"comment_status":"open","ping_status":"open","sticky":false,"template":"","format":"standard","meta":{"_acf_changed":false,"footnotes":""},"categories":[6155,6202,339,6805],"tags":[730,1719,28320,180979,17581,180981,103818,49088],"class_list":["post-202615","post","type-post","status-publish","format-standard","has-post-thumbnail","hentry","category-gundem","category-politika","category-turizm","category-turkiye","tag-antalya","tag-avrupa-birligi","tag-disisleri-bakani","tag-disisleri-bakani-mevlut-cavusoglu","tag-disisleri-bakanligi","tag-expo-2016-antalya","tag-g20-zirvesi","tag-mevlut-cavusoglu"],"acf":[],"_links":{"self":[{"href":"https:\/\/www.nationalturk.com\/tr\/wp-json\/wp\/v2\/posts\/202615","targetHints":{"allow":["GET"]}}],"collection":[{"href":"https:\/\/www.nationalturk.com\/tr\/wp-json\/wp\/v2\/posts"}],"about":[{"href":"https:\/\/www.nationalturk.com\/tr\/wp-json\/wp\/v2\/types\/post"}],"author":[{"embeddable":true,"href":"https:\/\/www.nationalturk.com\/tr\/wp-json\/wp\/v2\/users\/3"}],"replies":[{"embeddable":true,"href":"https:\/\/www.nationalturk.com\/tr\/wp-json\/wp\/v2\/comments?post=202615"}],"version-history":[{"count":0,"href":"https:\/\/www.nationalturk.com\/tr\/wp-json\/wp\/v2\/posts\/202615\/revisions"}],"wp:featuredmedia":[{"embeddable":true,"href":"https:\/\/www.nationalturk.com\/tr\/wp-json\/wp\/v2\/media\/202616"}],"wp:attachment":[{"href":"https:\/\/www.nationalturk.com\/tr\/wp-json\/wp\/v2\/media?parent=202615"}],"wp:term":[{"taxonomy":"category","embeddable":true,"href":"https:\/\/www.nationalturk.com\/tr\/wp-json\/wp\/v2\/categories?post=202615"},{"taxonomy":"post_tag","embeddable":true,"href":"https:\/\/www.nationalturk.com\/tr\/wp-json\/wp\/v2\/tags?post=202615"}],"curies":[{"name":"wp","href":"https:\/\/api.w.org\/{rel}","templated":true}]}}