{"id":202701,"date":"2014-12-23T12:26:48","date_gmt":"2014-12-23T10:26:48","guid":{"rendered":"http:\/\/www.nationalturk.com\/?p=202701"},"modified":"2014-12-23T12:26:48","modified_gmt":"2014-12-23T10:26:48","slug":"komisyonun-akpli-baskani-vicdanimizla-bas-basayiz-202701","status":"publish","type":"post","link":"https:\/\/www.nationalturk.com\/tr\/komisyonun-akpli-baskani-vicdanimizla-bas-basayiz-202701\/","title":{"rendered":"Komisyonun AKP&#8217;li ba\u015fkan\u0131: Vicdan\u0131m\u0131zla ba\u015f ba\u015fay\u0131z"},"content":{"rendered":"<p><img loading=\"lazy\" decoding=\"async\" class=\"alignnone size-large wp-image-202702\" src=\"http:\/\/www.nationalturk.com\/tr\/wp-content\/uploads\/2014\/12\/erdogan_bayraktar_istifa_etti_ntv-610x350.jpg\" alt=\"\" width=\"610\" height=\"350\" title=\"\" srcset=\"https:\/\/www.nationalturk.com\/tr\/wp-content\/uploads\/2014\/12\/erdogan_bayraktar_istifa_etti_ntv-610x350.jpg 610w, https:\/\/www.nationalturk.com\/tr\/wp-content\/uploads\/2014\/12\/erdogan_bayraktar_istifa_etti_ntv-280x160.jpg 280w, https:\/\/www.nationalturk.com\/tr\/wp-content\/uploads\/2014\/12\/erdogan_bayraktar_istifa_etti_ntv-900x516.jpg 900w, https:\/\/www.nationalturk.com\/tr\/wp-content\/uploads\/2014\/12\/erdogan_bayraktar_istifa_etti_ntv.jpg 1200w\" sizes=\"auto, (max-width: 610px) 100vw, 610px\" \/><\/p>\n<h1>D\u00f6rt eski Bakan ile ilgili kurulan Meclis Soru\u015fturma Komisyonu Ba\u015fkan\u0131 Hakk\u0131 K\u00f6yl\u00fc, AKP&#8217;li milletvekillerinin bask\u0131 alt\u0131nda oldu\u011fu&#8221; iddialar\u0131na, &#8216;Vicdan\u0131m\u0131zla ba\u015f ba\u015fay\u0131z. Bir eksiklik, yanl\u0131\u015fl\u0131k yapmayal\u0131m diye s\u00fcrekli dosyalara bak\u0131yorum, \u00e7al\u0131\u015f\u0131yorum&#8217;\u00a0yan\u0131t\u0131n\u0131 verdi.<\/h1>\n<p>Eski Ekonomi Bakan\u0131 Zafer \u00c7a\u011flayan, eski AB Bakan\u0131 Egemen Ba\u011f\u0131\u015f, eski \u0130\u00e7i\u015fleri Bakan\u0131 Muammer G\u00fcler ile eski \u00c7evre ve \u015eehircilik Bakan\u0131 Erdo\u011fan Bayraktar hakk\u0131ndaki Soru\u015fturma Komisyonu, Y\u00fcce Divan oylamas\u0131n\u0131 5 Ocak 2015 Pazartesi g\u00fcn\u00fcne ertelerken, muhalefet \u00fcyeleri d\u00fcn d\u00fczenledi\u011fi bas\u0131n toplant\u0131s\u0131nda &#8220;AK Parti&#8217;li \u00fcyeler \u00fczerinde bask\u0131 oldu\u011fu&#8221; iddias\u0131nda bulunmu\u015ftu.<\/p>\n<p>Soru\u015fturma Komisyonu Ba\u015fkan\u0131 K\u00f6yl\u00fc, AA muhabirinin sorular\u0131n\u0131 yan\u0131tlarken, &#8220;\u00fczerlerinde bask\u0131 oldu\u011fu&#8221; s\u00f6zlerine, &#8220;Bu muhalefetin g\u00f6r\u00fc\u015f\u00fc. Durum \u00f6yle de\u011fil. Biz vicdan\u0131m\u0131zla ba\u015f ba\u015fay\u0131z. Her \u015feyi inceliyoruz. \u00c7al\u0131\u015fmalar\u0131m\u0131z Komisyon toplant\u0131lar\u0131yla s\u0131n\u0131rl\u0131 de\u011fil. Bo\u015f durmuyoruz. Ben s\u00fcrekli dosyalara bak\u0131yorum. Bir yanl\u0131\u015fl\u0131k, eksiklik yapmayal\u0131m diye&#8230; Herkes kendi g\u00f6r\u00fc\u015f\u00fcn\u00fc izah edecek. Dosyaya, belgelere bakacak yeteri kadar. Sonra g\u00f6r\u00fc\u015f\u00fcn\u00fc a\u00e7\u0131klayacak. Kim ne s\u00f6yler bilemem&#8221; dedi.<\/p>\n<p>-&#8220;Elita\u015f&#8217;a ba\u015fsa\u011fl\u0131\u011f\u0131na gittik&#8221;<\/p>\n<p>K\u00f6yl\u00fc, Ba\u015fbakan Ahmet Davuto\u011flu ve AK Parti Grup Ba\u015fkanvekili Mustafa Elita\u015f ile g\u00f6r\u00fc\u015ft\u00fc\u011f\u00fc iddialar\u0131na ise &#8220;Zaman zaman kar\u015f\u0131la\u015f\u0131yoruz. Bu belli konular\u0131 konu\u015ftu\u011fumuz manas\u0131na gelmiyor. Elita\u015f&#8217;\u0131n a\u011fabeyi \u00f6ld\u00fc, ba\u015fsa\u011fl\u0131\u011f\u0131na gittik. Yoksa Elita\u015f ne kar\u0131\u015facak ki&#8230; \u00d6yle bir adeti yok. Her \u015feye bir mana bulmalar\u0131 do\u011fru de\u011fil. Soru\u015fturma yap\u0131yoruz diye kimseyle kar\u015f\u0131la\u015fmayacak, g\u00f6r\u00fc\u015fmeyecek miyiz?&#8221; kar\u015f\u0131l\u0131\u011f\u0131n\u0131 verdi.<\/p>\n<p>Eski bakanlar ile ilgili Y\u00fcce Divan oylamas\u0131n\u0131n 5 Ocak 2015 Pazartesi g\u00fcn\u00fc yap\u0131laca\u011f\u0131n\u0131, ertelemenin m\u00fcmk\u00fcn olmad\u0131\u011f\u0131n\u0131 anlatan K\u00f6yl\u00fc, muhalefet \u00fcyelerinin &#8220;muhalefet \u015ferhi i\u00e7in s\u00fcre kalm\u0131yor&#8221; ele\u015ftirilerine, &#8220;5 Ocak&#8217;ta oylama yap\u0131lacak, kalan 4 g\u00fcnde de rapor yaz\u0131lacak. Muhalefet \u015ferhini rapordan sonra yazd\u0131rmay\u0131z. \u015eerh i\u00e7in 3-4 g\u00fcn s\u00fcre veririz. T\u00fcm komisyonlarda usul b\u00f6yledir. Muhalefet \u015ferhinin yaz\u0131lmas\u0131 i\u00e7in rapor beklenmez. Karar \u00e7\u0131kt\u0131ktan sonra, ona g\u00f6re muhalefet \u015ferhi yazacak arkada\u015flar. Muhalefet \u015ferhini sonradan da verebiliriz. \u00d6nemli olan raporumuzun s\u00fcresinde verilmesidir. Rapor bas\u0131lmadan muhalefet \u015ferhi verilebilir&#8221; dedi.<\/p>\n<p>-&#8220;Muhalefet \u00fcyeleri de incelemek istedi&#8221;<\/p>\n<p>K\u00f6yl\u00fc, d\u00fcnk\u00fc toplant\u0131da muhalefetten da baz\u0131 \u00fcyelerin gelen itirazlar\u0131n incelenmesi i\u00e7in s\u00fcre verilmesini istediklerini belirterek, malvarl\u0131klar\u0131yla ilgili bilirki\u015fi raporu ve buna gelen itirazlar\u0131n incelenmesi talebi d\u0131\u015f\u0131nda ertelemede ba\u015fka bir unsur aranmamas\u0131 gerekti\u011fini s\u00f6yledi.<\/p>\n<p>Y\u00fcce Divan oylamas\u0131n\u0131n nas\u0131l yap\u0131laca\u011f\u0131 sorusuna K\u00f6yl\u00fc, &#8220;Her bakan i\u00e7in ayr\u0131 ayr\u0131 oylama yapaca\u011f\u0131z. su\u00e7 isnatlar\u0131yla ilgili nas\u0131l yapaca\u011f\u0131m\u0131za o g\u00fcn bakaca\u011f\u0131z&#8221; kar\u015f\u0131l\u0131\u011f\u0131n\u0131 verdi.<\/p>\n<p>K\u00f6yl\u00fc, eski bakanlar\u0131n malvarl\u0131klar\u0131yla ilgili olarak MASAK&#8217;tan istedikleri bir rapor olmad\u0131\u011f\u0131n\u0131 belirterek, &#8220;Komisyon \u00e7al\u0131\u015fmaya ba\u015flarken MASAK&#8217;tan uzman istedik. MASAK da bir uzman\u0131 g\u00f6nderdi. Kendisini bilirki\u015fi tayin ettik. \u0130\u015fin ba\u015f\u0131ndan beri onunla \u00e7al\u0131\u015f\u0131yoruz. Onun haz\u0131rlad\u0131\u011f\u0131 rapor s\u00f6z konusu&#8230;.Yoksa MASAK&#8217;\u0131n kurum olarak bize verdi\u011fi rapor yok, biz de oradan rapor istemi\u015f de\u011filiz&#8221; dedi.<\/p>\n<!-- Error, Advert is not available at this time due to schedule\/geolocation restrictions! -->\n","protected":false},"excerpt":{"rendered":"<p>D\u00f6rt eski Bakan ile ilgili kurulan Meclis Soru\u015fturma Komisyonu Ba\u015fkan\u0131 Hakk\u0131 K\u00f6yl\u00fc, AKP&#8217;li milletvekillerinin bask\u0131 alt\u0131nda oldu\u011fu&#8221; iddialar\u0131na, &#8216;Vicdan\u0131m\u0131zla ba\u015f ba\u015fay\u0131z. Bir eksiklik, yanl\u0131\u015fl\u0131k yapmayal\u0131m diye s\u00fcrekli dosyalara bak\u0131yorum, \u00e7al\u0131\u015f\u0131yorum&#8217; yan\u0131t\u0131n\u0131 verdi.<\/p>\n","protected":false},"author":4,"featured_media":202703,"comment_status":"open","ping_status":"open","sticky":false,"template":"","format":"standard","meta":{"_acf_changed":false,"footnotes":""},"categories":[6155,5005,6202,349,6805],"tags":[9476,4334,59771,161186,86852,181097,4350,157291,4019],"class_list":["post-202701","post","type-post","status-publish","format-standard","has-post-thumbnail","hentry","category-gundem","category-manset","category-politika","category-son-dakika","category-turkiye","tag-akp","tag-egemen-bagis","tag-erdogan-bayraktar","tag-eski-bakanlar","tag-hakki-koylu","tag-meclis-sorusturma-komisyonu","tag-muammer-guler","tag-sorusturma-komisyonu","tag-zafer-caglayan"],"acf":[],"_links":{"self":[{"href":"https:\/\/www.nationalturk.com\/tr\/wp-json\/wp\/v2\/posts\/202701","targetHints":{"allow":["GET"]}}],"collection":[{"href":"https:\/\/www.nationalturk.com\/tr\/wp-json\/wp\/v2\/posts"}],"about":[{"href":"https:\/\/www.nationalturk.com\/tr\/wp-json\/wp\/v2\/types\/post"}],"author":[{"embeddable":true,"href":"https:\/\/www.nationalturk.com\/tr\/wp-json\/wp\/v2\/users\/4"}],"replies":[{"embeddable":true,"href":"https:\/\/www.nationalturk.com\/tr\/wp-json\/wp\/v2\/comments?post=202701"}],"version-history":[{"count":0,"href":"https:\/\/www.nationalturk.com\/tr\/wp-json\/wp\/v2\/posts\/202701\/revisions"}],"wp:featuredmedia":[{"embeddable":true,"href":"https:\/\/www.nationalturk.com\/tr\/wp-json\/wp\/v2\/media\/202703"}],"wp:attachment":[{"href":"https:\/\/www.nationalturk.com\/tr\/wp-json\/wp\/v2\/media?parent=202701"}],"wp:term":[{"taxonomy":"category","embeddable":true,"href":"https:\/\/www.nationalturk.com\/tr\/wp-json\/wp\/v2\/categories?post=202701"},{"taxonomy":"post_tag","embeddable":true,"href":"https:\/\/www.nationalturk.com\/tr\/wp-json\/wp\/v2\/tags?post=202701"}],"curies":[{"name":"wp","href":"https:\/\/api.w.org\/{rel}","templated":true}]}}