{"id":202751,"date":"2014-12-24T10:54:23","date_gmt":"2014-12-24T08:54:23","guid":{"rendered":"http:\/\/www.nationalturk.com\/?p=202751"},"modified":"2014-12-24T11:07:31","modified_gmt":"2014-12-24T09:07:31","slug":"9-yasindaki-mert-katiline-muebbet-202751","status":"publish","type":"post","link":"https:\/\/www.nationalturk.com\/tr\/9-yasindaki-mert-katiline-muebbet-202751\/","title":{"rendered":"9 ya\u015f\u0131ndaki Mert&#8217;in katiline m\u00fcebbet"},"content":{"rendered":"<h1><a href=\"http:\/\/www.nationalturk.com\/tr\/wp-content\/uploads\/2014\/12\/mert-aydin-cinayeti.jpg\"><img loading=\"lazy\" decoding=\"async\" class=\"aligncenter size-full wp-image-202753\" src=\"http:\/\/www.nationalturk.com\/tr\/wp-content\/uploads\/2014\/12\/mert-aydin-cinayeti.jpg\" alt=\"\" width=\"610\" height=\"383\" title=\"\" srcset=\"https:\/\/www.nationalturk.com\/tr\/wp-content\/uploads\/2014\/12\/mert-aydin-cinayeti.jpg 610w, https:\/\/www.nationalturk.com\/tr\/wp-content\/uploads\/2014\/12\/mert-aydin-cinayeti-280x175.jpg 280w, https:\/\/www.nationalturk.com\/tr\/wp-content\/uploads\/2014\/12\/mert-aydin-cinayeti-573x360.jpg 573w\" sizes=\"auto, (max-width: 610px) 100vw, 610px\" \/><\/a>Kars&#8217;ta kaybolduktan sonra cesedi bulunan 9 ya\u015f\u0131ndaki Mert Ayd\u0131n&#8217;\u0131 \u00f6ld\u00fcrd\u00fc\u011f\u00fc iddias\u0131yla yarg\u0131lanan san\u0131k Aykut Balk, ilk duru\u015fmada a\u011f\u0131rla\u015ft\u0131r\u0131lm\u0131\u015f m\u00fcebbet ile 36 y\u0131l hapis cezas\u0131na \u00e7arpt\u0131r\u0131ld\u0131.<\/h1>\n<p>Kars&#8217;ta nisan ay\u0131nda kaybolduktan sonra cesedi eski bir tabyan\u0131n i\u00e7inde bulunan 9 ya\u015f\u0131ndaki Mert Ayd\u0131n&#8217;\u0131 \u00f6ld\u00fcrd\u00fc\u011f\u00fc iddias\u0131yla yarg\u0131lanan san\u0131k Aykut Balk, Erzurum 1. A\u011f\u0131r Ceza Mahkemesi&#8217;ndeki ilk duru\u015fmada, a\u011f\u0131rla\u015ft\u0131r\u0131lm\u0131\u015f m\u00fcebbet ile 36 y\u0131l hapis cezas\u0131na \u00e7arpt\u0131r\u0131ld\u0131.<\/p>\n<p>Erzurum 1. A\u011f\u0131r Ceza Mahkemesi&#8217;nde g\u00f6r\u00fclen davan\u0131n ilk duru\u015fmas\u0131na, san\u0131k Aykut Balk ile Mert Ayd\u0131n&#8217;\u0131n babas\u0131 Yolcu Ayd\u0131n, yak\u0131nlar\u0131 ve avukatlar\u0131 kat\u0131ld\u0131.<\/p>\n<p>Mahkeme Heyeti Ba\u015fkan\u0131 Saim K\u00f6ro\u011flu, baba Ayd\u0131n&#8217;a &#8220;Ba\u015f\u0131n\u0131z sa\u011folsun&#8221; diyerek, Yarg\u0131tay karar\u0131yla dosyan\u0131n Kars&#8217;tan kendilerine geldi\u011fini an\u0131msatt\u0131.<\/p>\n<p>San\u0131k Balk, savunmas\u0131nda, &#8220;Ben cinsel sald\u0131r\u0131 ve tecav\u00fczde bulunmad\u0131m. Gazeteciler, herkes bana iftira etti. Cezam neyse \u00e7ekmeye raz\u0131y\u0131m. Pi\u015fman\u0131m, \u00f6ld\u00fcrme olay\u0131n\u0131 kabul ediyorum ama ben tecav\u00fcz, cinsel sald\u0131r\u0131 olay\u0131n\u0131 kabul etmiyorum. Cinsel sald\u0131r\u0131dan ceza verirseniz intihar ederim, benim cenazemi mahkemeye \u00e7\u0131kart\u0131rs\u0131n\u0131z&#8221; dedi.<\/p>\n<p>Bu s\u0131rada baba Yolcu Ayd\u0131n, Balk&#8217;\u0131n savunmas\u0131na tepki g\u00f6sterdi. Mahkeme Heyeti Ba\u015fkan\u0131 K\u00f6ro\u011flu, elindeki dosyay\u0131 g\u00f6stererek, yap\u0131lan t\u00fcm incelemelerde Mert Ayd\u0131n&#8217;\u0131n iple bo\u011fuldu\u011funu, v\u00fccudunda tecav\u00fcz bulgular\u0131na rastland\u0131\u011f\u0131n\u0131 belirterek, &#8220;Elaz\u0131\u011f Ruh ve Sinir Hastal\u0131klar\u0131 Hastanesi&#8217;nden ak\u0131l sa\u011fl\u0131\u011f\u0131n\u0131n yerinde oldu\u011funa dair rapor var. Olay s\u0131ras\u0131nda uyu\u015fturucu kulland\u0131n m\u0131? Bunlara bir diyece\u011fin var m\u0131&#8221; diye san\u0131\u011fa sordu.<\/p>\n<p>Balk da olaydan \u00f6nce uyu\u015fturucu ald\u0131\u011f\u0131n\u0131 s\u00f6yleyerek, ak\u0131l sa\u011fl\u0131\u011f\u0131n\u0131n yerinde oldu\u011fu belirtti. K\u00f6ro\u011flu&#8217;nun &#8220;San\u0131\u011f\u0131 daha \u00f6nceden tan\u0131yor muydunuz? Husumetiniz var m\u0131yd\u0131&#8221; sorusuna Yolcu Ayd\u0131n, &#8220;Herhangi bir husumetimiz yok. Kendisini de tan\u0131mam&#8221; dedi.<\/p>\n<p>San\u0131\u011f\u0131n ayakta durmakta g\u00fc\u00e7l\u00fck \u00e7ekti\u011fini g\u00f6ren K\u00f6ro\u011flu, &#8220;Sen cezaevinde tedavi ama\u00e7l\u0131 ila\u00e7lar m\u0131 kullan\u0131yorsun. Daha \u00f6nce verdi\u011fin ifadende kendine kar\u015f\u0131 bir tecav\u00fcz oldu\u011funu s\u00f6ylemi\u015fsin. Do\u011fru mu&#8221; \u015feklinde sordu.<\/p>\n<p>Balk, cezaevinde tedavi ama\u00e7l\u0131 ila\u00e7 kulland\u0131\u011f\u0131n\u0131 anlatarak, &#8220;Benim herhangi bir ruhsal problemim yoktu. Diyarbak\u0131r Hani&#8217;de askerlik yapt\u0131\u011f\u0131m s\u0131rada tecav\u00fcze u\u011frad\u0131m. 2012&#8217;de askerden terhis oldum&#8221; \u015feklinde cevap verdi.<\/p>\n<h2>Esas hakk\u0131nda m\u00fctalaa<\/h2>\n<p>Cumhuriyet Savc\u0131s\u0131 Sacit Sava\u015f\u00e7\u0131, san\u0131k, ma\u011fdur yak\u0131n\u0131 ve avukatlar\u0131n\u0131n savunmalar\u0131n\u0131n ard\u0131ndan esas hakk\u0131nda verdi\u011fi m\u00fctalaada, duru\u015fma a\u015famas\u0131nda san\u0131\u011f\u0131n cinsel sald\u0131r\u0131 eylemini kabul etmese de elde edilen bulgularda maktul\u00fcn cinsel sald\u0131r\u0131ya u\u011frad\u0131\u011f\u0131n\u0131 g\u00f6sterdi\u011fini vurgulad\u0131. Sava\u015f\u00e7\u0131, di\u011fer su\u00e7lamalar\u0131n da t\u00fcm deliller \u0131\u015f\u0131\u011f\u0131nda sabit oldu\u011funu ve iddianamedeki \u015fekliyle san\u0131\u011f\u0131n cezaland\u0131r\u0131lmas\u0131n\u0131 talep etti.<\/p>\n<p>Mahkeme heyeti, san\u0131k Aykut Balk&#8217;\u0131, TCK&#8217;n\u0131n 82. maddesi uyar\u0131nca &#8220;bir su\u00e7u gizlemek veya ba\u015fka bir su\u00e7un delillerini gizlemek ya da yakalanmamak amac\u0131yla \u00f6ld\u00fcrme&#8221; su\u00e7lar\u0131ndan a\u011f\u0131rla\u015ft\u0131r\u0131lm\u0131\u015f m\u00fcebbet, TCK&#8217;n\u0131n 103. maddesi gere\u011fince &#8220;\u00e7ocu\u011fun nitelikli cinsel istismar\u0131&#8221; su\u00e7undan 21 y\u0131l ve TCK&#8217;n\u0131n 109. maddesi kapsam\u0131nda &#8220;cebir, tehdit veya hile kullanarak ki\u015fiyi h\u00fcrriyetinden yoksun k\u0131lma&#8221; su\u00e7undan da 15 y\u0131l hapis cezas\u0131na \u00e7arpt\u0131rd\u0131.<\/p>\n<p>Kars \u0130stasyon Mahallesi&#8217;ndeki Bar\u0131\u015f Apartman\u0131&#8217;nda oturan 9 ya\u015f\u0131ndaki Mert Ayd\u0131n, Faik Bey Caddesi&#8217;nde bulunan amcas\u0131n\u0131n i\u015f yerine 6 Nisan 2014 Pazar g\u00fcn\u00fc \u00f6\u011fleden sonra yemek g\u00f6t\u00fcrm\u00fc\u015f, yeme\u011fi b\u0131rakt\u0131ktan sonra bir daha g\u00f6r\u00fclmeyen \u00e7ocu\u011fun ailesi polis merkezine giderek kay\u0131p ihbar\u0131nda bulunmu\u015ftu. Mert Ayd\u0131n&#8217;\u0131n cesedi 7 Nisan Pazartesi g\u00fcn\u00fc Karada\u011f Mahallesi&#8217;ndeki eski bir tabyan\u0131n yak\u0131nlar\u0131nda bulunmu\u015ftu. Cinayet zanl\u0131s\u0131 olarak yakalanan Aykut Balk, tutuklanarak Erzurum H Tipi Kapal\u0131 Cezaevi&#8217;ne konulmu\u015ftu.<\/p>\n<p>Kars Cumhuriyet Ba\u015fsavc\u0131l\u0131\u011f\u0131&#8217;nca haz\u0131rlanan ve Kars A\u011f\u0131r Ceza Mahkemesi&#8217;nce kabul edilen 3 sayfal\u0131k iddianamede, zanl\u0131 Aykut Balk&#8217;\u0131n, &#8220;\u00e7ocu\u011fu veya beden veya ruh bak\u0131m\u0131ndan kendini savunamayacak ki\u015fiyi \u00f6ld\u00fcrme&#8221;, &#8220;\u00e7ocu\u011fun nitelikli cinsel istismar\u0131&#8221;, &#8220;cebir, tehdit veya hile kullanarak ki\u015fiyi h\u00fcrriyetinden yoksun k\u0131lma&#8221;, &#8220;bir su\u00e7u gizlemek veya ba\u015fka bir su\u00e7un delillerini gizlemek ya da yakalanmamak amac\u0131yla \u00f6ld\u00fcrme&#8221; su\u00e7lar\u0131ndan a\u011f\u0131rla\u015ft\u0131r\u0131lm\u0131\u015f m\u00fcebbet ile 18 y\u0131ldan 43,5 y\u0131la kadar hapis cezas\u0131na \u00e7arpt\u0131r\u0131lmas\u0131 talep ediliyor.<br \/>\n<!-- Error, Advert is not available at this time due to schedule\/geolocation restrictions! -->\n","protected":false},"excerpt":{"rendered":"<p>Kars&#8217;ta kaybolduktan sonra cesedi bulunan 9 ya\u015f\u0131ndaki Mert Ayd\u0131n&#8217;\u0131 \u00f6ld\u00fcrd\u00fc\u011f\u00fc iddias\u0131yla yarg\u0131lanan san\u0131k Aykut Balk, ilk duru\u015fmada a\u011f\u0131rla\u015ft\u0131r\u0131lm\u0131\u015f m\u00fcebbet ile 36 y\u0131l hapis cezas\u0131na \u00e7arpt\u0131r\u0131ld\u0131.<\/p>\n","protected":false},"author":3,"featured_media":202753,"comment_status":"open","ping_status":"open","sticky":false,"template":"","format":"standard","meta":{"_acf_changed":false,"footnotes":""},"categories":[6155,5005,349,6805],"tags":[159433,159434,159435,159438],"class_list":["post-202751","post","type-post","status-publish","format-standard","has-post-thumbnail","hentry","category-gundem","category-manset","category-son-dakika","category-turkiye","tag-mert-aydin","tag-mert-aydin-cinayeti","tag-mert-aydin-kars","tag-mert-aydin-katil-zanlisi"],"acf":[],"_links":{"self":[{"href":"https:\/\/www.nationalturk.com\/tr\/wp-json\/wp\/v2\/posts\/202751","targetHints":{"allow":["GET"]}}],"collection":[{"href":"https:\/\/www.nationalturk.com\/tr\/wp-json\/wp\/v2\/posts"}],"about":[{"href":"https:\/\/www.nationalturk.com\/tr\/wp-json\/wp\/v2\/types\/post"}],"author":[{"embeddable":true,"href":"https:\/\/www.nationalturk.com\/tr\/wp-json\/wp\/v2\/users\/3"}],"replies":[{"embeddable":true,"href":"https:\/\/www.nationalturk.com\/tr\/wp-json\/wp\/v2\/comments?post=202751"}],"version-history":[{"count":0,"href":"https:\/\/www.nationalturk.com\/tr\/wp-json\/wp\/v2\/posts\/202751\/revisions"}],"wp:featuredmedia":[{"embeddable":true,"href":"https:\/\/www.nationalturk.com\/tr\/wp-json\/wp\/v2\/media\/202753"}],"wp:attachment":[{"href":"https:\/\/www.nationalturk.com\/tr\/wp-json\/wp\/v2\/media?parent=202751"}],"wp:term":[{"taxonomy":"category","embeddable":true,"href":"https:\/\/www.nationalturk.com\/tr\/wp-json\/wp\/v2\/categories?post=202751"},{"taxonomy":"post_tag","embeddable":true,"href":"https:\/\/www.nationalturk.com\/tr\/wp-json\/wp\/v2\/tags?post=202751"}],"curies":[{"name":"wp","href":"https:\/\/api.w.org\/{rel}","templated":true}]}}