{"id":202854,"date":"2014-12-25T12:20:04","date_gmt":"2014-12-25T10:20:04","guid":{"rendered":"http:\/\/www.nationalturk.com\/?p=202854"},"modified":"2024-09-08T17:25:02","modified_gmt":"2024-09-08T14:25:02","slug":"hanefi-avci-cubbeli-ahmete-de-aziz-yildirima-da-kumpas-kuruldu-video-202854","status":"publish","type":"post","link":"https:\/\/www.nationalturk.com\/tr\/hanefi-avci-cubbeli-ahmete-de-aziz-yildirima-da-kumpas-kuruldu-video-202854\/","title":{"rendered":"Hanefi Avc\u0131: C\u00fcbbeli Ahmet&#8217;e de Aziz Y\u0131ld\u0131r\u0131m&#8217;a da kumpas kuruldu (Video)"},"content":{"rendered":"<p><img loading=\"lazy\" decoding=\"async\" class=\"alignleft size-medium wp-image-202857\" src=\"http:\/\/www.nationalturk.com\/tr\/wp-content\/uploads\/2014\/12\/hanefi_avci_ucakk-280x187.jpeg\" alt=\"Hanefi Avc\u0131\" width=\"280\" height=\"187\" title=\"\" srcset=\"https:\/\/www.nationalturk.com\/tr\/wp-content\/uploads\/2014\/12\/hanefi_avci_ucakk-280x187.jpeg 280w, https:\/\/www.nationalturk.com\/tr\/wp-content\/uploads\/2014\/12\/hanefi_avci_ucakk-180x120.jpeg 180w, https:\/\/www.nationalturk.com\/tr\/wp-content\/uploads\/2014\/12\/hanefi_avci_ucakk-537x360.jpeg 537w, https:\/\/www.nationalturk.com\/tr\/wp-content\/uploads\/2014\/12\/hanefi_avci_ucakk.jpeg 555w\" sizes=\"auto, (max-width: 280px) 100vw, 280px\" \/><\/p>\n<h1>Devrimci Karargah davas\u0131 san\u0131\u011f\u0131 eski Emniyet M\u00fcd\u00fcr\u00fc Hanefi Avc\u0131, g\u00fcndeme dair \u00e7arp\u0131c\u0131 a\u00e7\u0131klamalar yapt\u0131 ve Fethullah G\u00fclen cemaatini yerden yere vurdu. Avc\u0131, C\u00fcbbeli Ahmet ve Aziz Y\u0131ld\u0131r\u0131m&#8217;a da cemaatin kumpas kurdu\u011funu iddia etti. (Video)<\/h1>\n<p>Hanefi Avc\u0131, Yarg\u0131tay&#8217;\u0131n karar\u0131na ili\u015fkin &#8220;Yarg\u0131tay&#8217;daki ceza benim i\u00e7in s\u00fcrpriz de\u011fildi. \u015eu anda karara kar\u015f\u0131 bizim m\u00fcracaat edebilece\u011fimiz baz\u0131 kanun yollar\u0131 var. Devlete de\u011fil akla, vicdana g\u00fcveniyorum&#8221; dedi. Yarg\u0131tay 9. Ceza Dairesi, Avc\u0131\u2019ya verilen yasa d\u0131\u015f\u0131 &#8220;Devrimci Karargah \u00f6rg\u00fct\u00fcne yard\u0131m&#8221; ve \u201cRuhsats\u0131z vahim nitelikte silah bulundurma\u201d su\u00e7undan toplam 9 y\u0131l 9 ay 15 g\u00fcn hapis cezas\u0131n\u0131 onam\u0131\u015ft\u0131.<\/p>\n<h2>Hanefi Avc\u0131 \u015funlar\u0131 s\u00f6yledi:<\/h2>\n<p>Zannederim biraz susturmak i\u00e7in alelacele bir komployla i\u00e7eri g\u00f6nderildik. Benim ba\u015f\u0131ma gelen her \u015fey kitaptan geldi, son k\u0131s\u0131mda \u00f6rg\u00fctten bahsediliyor. Oda TV davas\u0131 da kitab\u0131mdan \u00f6t\u00fcr\u00fc a\u00e7\u0131ld\u0131. 2 ay i\u00e7inde 400 bini a\u015fk\u0131n sat\u0131\u015f vard\u0131, sonra b\u0131\u00e7ak gibi sat\u0131\u015flar kesildi. \u0130nsanlar kitab\u0131 almaktan korktu. Olay\u0131 sadece iktidar-cemaat meselesi olarak g\u00f6rmemek laz\u0131m. Belli bir ayd\u0131n kesim de kitab\u0131 be\u011fenmedi, &#8220;abart\u0131yorsun&#8221; dendi. Kitapta abart\u0131 yok hatta kitab\u0131n eksik oldu\u011fu kanaatindeyim. Cemaatin 2010 oylamas\u0131ndan sonra ald\u0131\u011f\u0131 g\u00fc\u00e7le s\u0131n\u0131rs\u0131zca yapt\u0131\u011f\u0131 \u015feyler var.<\/p>\n<p>Benim hayat\u0131m sol \u00f6rg\u00fctlerle m\u00fccadeleyle ge\u00e7ti. Cemaatin acelesi vard\u0131, bir an \u00f6nce susturulmam gerekiyordu. Bir ki\u015fi hari\u00e7 benimle birlikte yarg\u0131lanan insanlar\u0131 tan\u0131m\u0131yorum. Yarg\u0131tay&#8217;daki ceza benim i\u00e7in s\u00fcrpriz de\u011fildi. Cemaat yarg\u0131y\u0131 ele ge\u00e7irdi, her ba\u015fta alk\u0131\u015flad\u0131. Cemaat kendine g\u00f6re su\u00e7lu ilan ediyor, bunu hayata ge\u00e7irmek i\u00e7in yukar\u0131dan talimat veriliyor. Yarg\u0131ya h\u00fck\u00fcmetin m\u00fcdahalesi \u00e7ok kolay de\u011fil. \u0130ktidar\u0131n m\u00fcdahelesi suni olur, yarg\u0131n\u0131n kendisinin m\u00fcdahale etmesi laz\u0131m. Kitab\u0131m sadece cemaati de\u011fil, onla birlike cemaate imkan veren h\u00fck\u00fcmeti de ele\u015ftiriyordu.<\/p>\n<p>En 4-5 y\u0131l daha yatmam gerekir. \u015eu anda karara kar\u015f\u0131 bizim m\u00fcracaat edebilece\u011fimiz baz\u0131 kanun yollar\u0131 var. Devlete de\u011fil akla, vicdana g\u00fcveniyorum. Mahkemeler yorum yaparak hukukun \u00f6n\u00fcn\u00fc a\u00e7t\u0131. Cemaatin \u00f6zel bir kas\u0131tla beni tuttu\u011fu a\u00e7\u0131k. Bana ceza vermek i\u00e7in bahane arand\u0131. \u00d6rg\u00fct mensubu stat\u00fcs\u00fcnde oldu\u011fumuz i\u00e7in daha dar irtibat imkan\u0131m\u0131z oldu.<\/p>\n<p>\u00d6l\u00e7\u00fcs\u00fczl\u00fck ve s\u0131n\u0131rs\u0131zl\u0131k vard\u0131, o g\u00fcn i\u00e7in hukuk yoktu. Fikrin namusu olan \u00e7ok insanlar vard\u0131. Kitap yay\u0131nland\u0131\u011f\u0131 zaman belli medya uzak durdu. Cemaat denilen olgu sadece iktidar\u0131n kar\u015f\u0131s\u0131nda bir g\u00fc\u00e7 de\u011fildir.<\/p>\n<p>Devlet kendi g\u00f6revini kendisi yapmas\u0131 gerekir, teslim ederseniz olaca\u011f\u0131 budur. Cemaatle herhangi bir temas\u0131m olmad\u0131.<\/p>\n<p>Cemaat mensubu kendi d\u00fcnyas\u0131nda ya\u015fad\u0131\u011f\u0131 s\u00fcrece varl\u0131\u011f\u0131ndan rahats\u0131z olmam. Cemaat siyasi akt\u00f6r olarak ortaya \u00e7\u0131kt\u0131\u011f\u0131 i\u00e7in h\u00fck\u00fcmetle kar\u015f\u0131 kar\u015f\u0131yalar.<\/p>\n<p>T\u00fcrkiye&#8217;de hi\u00e7bir bakan kimin nas\u0131l dinlendi\u011fini bilmiyor. Cemaat operasyon \u00f6ncesi kamuoyunu olu\u015fturmak i\u00e7in \u00f6nce kendi mensuplar\u0131na bilgi veriyor. As\u0131l su\u00e7lu polisler, savc\u0131lard\u0131r. Bas\u0131n mensuplar\u0131n\u0131n \u00e7izgiyi a\u015f\u0131p a\u015fmad\u0131\u011f\u0131 zamanla belli olur.<\/p>\n<p>C\u00fcbbeli Hoca&#8217;ya da Aziz Y\u0131ld\u0131r\u0131m&#8217;a da kumpas kuruldu. Bir bardakla isterlerse sizi ter\u00f6r \u00fcyesi yapabilirler. Cemaat insanlar\u0131 iftira atmak i\u00e7in dinliyor. Cemaat hala iktidara kar\u015f\u0131 alternatiftir.&#8221;<\/p>\n<div style=\"width: 640px;\" class=\"wp-video\"><video class=\"wp-video-shortcode\" id=\"video-202854-1\" width=\"640\" height=\"360\" preload=\"metadata\" controls=\"controls\"><source type=\"video\/x-flv\" src=\"http:\/\/www.nationalturk.com\/tr\/wp-content\/uploads\/2014\/12\/hanefi.flv?_=1\" \/><a href=\"http:\/\/www.nationalturk.com\/tr\/wp-content\/uploads\/2014\/12\/hanefi.flv\">http:\/\/www.nationalturk.com\/tr\/wp-content\/uploads\/2014\/12\/hanefi.flv<\/a><\/video><\/div>\n<span style=\"font-weight: bold; color: #f00;\">Error, group does not exist! Check your syntax! (ID: 62)<\/span>\n","protected":false},"excerpt":{"rendered":"<p>Devrimci Karargah davas\u0131 san\u0131\u011f\u0131 eski Emniyet M\u00fcd\u00fcr\u00fc Hanefi Avc\u0131, g\u00fcndeme dair \u00e7arp\u0131c\u0131 a\u00e7\u0131klamalar yapt\u0131 ve Fethullah G\u00fclen cemaatini yerden yere vurdu. Avc\u0131, C\u00fcbbeli Ahmet ve Aziz Y\u0131ld\u0131r\u0131m&#8217;a da cemaatin kumpas kurdu\u011funu iddia etti. (Video)<\/p>\n","protected":false},"author":4,"featured_media":202858,"comment_status":"open","ping_status":"open","sticky":false,"template":"","format":"standard","meta":{"_acf_changed":false,"footnotes":""},"categories":[6155,5005,6202,6805,342],"tags":[87682,4110,41904,47616,51058],"class_list":["post-202854","post","type-post","status-publish","format-standard","has-post-thumbnail","hentry","category-gundem","category-manset","category-politika","category-turkiye","category-video","tag-cubbeli-ahmet-hoca","tag-haberturk","tag-hanefi-avci","tag-hanefi-avci-video","tag-rusen-cakir"],"acf":[],"_links":{"self":[{"href":"https:\/\/www.nationalturk.com\/tr\/wp-json\/wp\/v2\/posts\/202854","targetHints":{"allow":["GET"]}}],"collection":[{"href":"https:\/\/www.nationalturk.com\/tr\/wp-json\/wp\/v2\/posts"}],"about":[{"href":"https:\/\/www.nationalturk.com\/tr\/wp-json\/wp\/v2\/types\/post"}],"author":[{"embeddable":true,"href":"https:\/\/www.nationalturk.com\/tr\/wp-json\/wp\/v2\/users\/4"}],"replies":[{"embeddable":true,"href":"https:\/\/www.nationalturk.com\/tr\/wp-json\/wp\/v2\/comments?post=202854"}],"version-history":[{"count":0,"href":"https:\/\/www.nationalturk.com\/tr\/wp-json\/wp\/v2\/posts\/202854\/revisions"}],"wp:featuredmedia":[{"embeddable":true,"href":"https:\/\/www.nationalturk.com\/tr\/wp-json\/wp\/v2\/media\/202858"}],"wp:attachment":[{"href":"https:\/\/www.nationalturk.com\/tr\/wp-json\/wp\/v2\/media?parent=202854"}],"wp:term":[{"taxonomy":"category","embeddable":true,"href":"https:\/\/www.nationalturk.com\/tr\/wp-json\/wp\/v2\/categories?post=202854"},{"taxonomy":"post_tag","embeddable":true,"href":"https:\/\/www.nationalturk.com\/tr\/wp-json\/wp\/v2\/tags?post=202854"}],"curies":[{"name":"wp","href":"https:\/\/api.w.org\/{rel}","templated":true}]}}