{"id":20286,"date":"2010-04-20T14:20:54","date_gmt":"2010-04-20T12:20:54","guid":{"rendered":"http:\/\/www.nationalturk.com\/?p=20286"},"modified":"2010-04-20T14:20:54","modified_gmt":"2010-04-20T12:20:54","slug":"kahramanmaras-ogretmen-savas-kalayci-cinayeti-4392847","status":"publish","type":"post","link":"https:\/\/www.nationalturk.com\/tr\/kahramanmaras-ogretmen-savas-kalayci-cinayeti-4392847\/","title":{"rendered":"Sokak ortas\u0131nda \u00f6\u011fretmen cinayeti"},"content":{"rendered":"<p><strong><img loading=\"lazy\" decoding=\"async\" class=\"alignleft size-medium wp-image-20287\" src=\"http:\/\/www.nationalturk.com\/tr\/wp-content\/uploads\/2010\/04\/olay_yeri_1-280x210.jpg\" alt=\"\" width=\"168\" height=\"126\" title=\"\" srcset=\"https:\/\/www.nationalturk.com\/tr\/wp-content\/uploads\/2010\/04\/olay_yeri_1-280x210.jpg 280w, https:\/\/www.nationalturk.com\/tr\/wp-content\/uploads\/2010\/04\/olay_yeri_1.jpg 350w\" sizes=\"auto, (max-width: 168px) 100vw, 168px\" \/>Kahramanmara\u015f&#8217;ta edebiyat \u00f6\u011fretmeni Sava\u015f Kalayc\u0131 (30), sokak ortas\u0131nda tabancayla 7 el ate\u015f edilerek \u00f6ld\u00fcr\u00fcld\u00fc.<\/strong><\/p>\n<p>Bug\u00fcn \u00f6\u011fle saatlerinde Per\u015fembe Pazar\u0131&#8217;nda meydana gelen olayda \u00f6zel g\u00fcvenlik elbiseli ve b\u0131y\u0131kl\u0131, 30-40 ya\u015flar\u0131ndaki sald\u0131rgan caddede y\u00fcr\u00fcyen Hoca Ahmet Yesevi Lisesi \u00f6\u011fretmenlerinden bekar olan Sava\u015f Kalayc\u0131&#8217;ya tabancayla ate\u015f a\u00e7t\u0131.<\/p>\n<p>Karn\u0131ndan ve s\u0131rt\u0131ndan vurulan Kalayc\u0131 \u00f6ld\u00fc. Polis ka\u00e7an \u015f\u00fcphelinin pe\u015fine d\u00fc\u015ft\u00fc. Sava\u015f Kalayc\u0131&#8217;n\u0131n, ge\u00e7en y\u0131l da program yapt\u0131\u011f\u0131 \u00f6zel bir radyoda istek par\u00e7as\u0131n\u0131 \u00e7almad\u0131\u011f\u0131 gerek\u00e7esi ile radyo binas\u0131 \u00f6n\u00fcnde aya\u011f\u0131ndan vuruldu\u011fu belirlendi.<\/p>\n<span style=\"font-weight: bold; color: #f00;\">Error, group does not exist! Check your syntax! (ID: 62)<\/span>\n<span style=\"font-weight: bold; color: #f00;\">Error, group does not exist! Check your syntax! (ID: 102)<\/span>\n","protected":false},"excerpt":{"rendered":"<p>Kahramanmara\u015f&#8217;ta edebiyat \u00f6\u011fretmeni Sava\u015f Kalayc\u0131 (30), sokak ortas\u0131nda tabancayla 7 el ate\u015f edilerek \u00f6ld\u00fcr\u00fcld\u00fc.<\/p>\n","protected":false},"author":4,"featured_media":192106,"comment_status":"open","ping_status":"open","sticky":false,"template":"","format":"standard","meta":{"_acf_changed":false,"footnotes":""},"categories":[5005,6805],"tags":[21743,21744,21742,21739,21741,21740],"class_list":["post-20286","post","type-post","status-publish","format-standard","has-post-thumbnail","hentry","category-manset","category-turkiye","tag-kahramanmaras-cinayet","tag-kahramanmaras-hoca-ahmet-yesevi-lisesi","tag-kahramanmaras-ogretmen-cinayeti","tag-savas-kalayci","tag-savas-kalayci-cinayet","tag-savas-kalayci-cinayeti"],"acf":[],"_links":{"self":[{"href":"https:\/\/www.nationalturk.com\/tr\/wp-json\/wp\/v2\/posts\/20286","targetHints":{"allow":["GET"]}}],"collection":[{"href":"https:\/\/www.nationalturk.com\/tr\/wp-json\/wp\/v2\/posts"}],"about":[{"href":"https:\/\/www.nationalturk.com\/tr\/wp-json\/wp\/v2\/types\/post"}],"author":[{"embeddable":true,"href":"https:\/\/www.nationalturk.com\/tr\/wp-json\/wp\/v2\/users\/4"}],"replies":[{"embeddable":true,"href":"https:\/\/www.nationalturk.com\/tr\/wp-json\/wp\/v2\/comments?post=20286"}],"version-history":[{"count":0,"href":"https:\/\/www.nationalturk.com\/tr\/wp-json\/wp\/v2\/posts\/20286\/revisions"}],"wp:featuredmedia":[{"embeddable":true,"href":"https:\/\/www.nationalturk.com\/tr\/wp-json\/wp\/v2\/media\/192106"}],"wp:attachment":[{"href":"https:\/\/www.nationalturk.com\/tr\/wp-json\/wp\/v2\/media?parent=20286"}],"wp:term":[{"taxonomy":"category","embeddable":true,"href":"https:\/\/www.nationalturk.com\/tr\/wp-json\/wp\/v2\/categories?post=20286"},{"taxonomy":"post_tag","embeddable":true,"href":"https:\/\/www.nationalturk.com\/tr\/wp-json\/wp\/v2\/tags?post=20286"}],"curies":[{"name":"wp","href":"https:\/\/api.w.org\/{rel}","templated":true}]}}