{"id":203047,"date":"2014-12-29T10:59:10","date_gmt":"2014-12-29T08:59:10","guid":{"rendered":"http:\/\/www.nationalturk.com\/?p=203047"},"modified":"2014-12-29T10:59:10","modified_gmt":"2014-12-29T08:59:10","slug":"liam-neeson-musluman-olmayi-dusunuyor-203047","status":"publish","type":"post","link":"https:\/\/www.nationalturk.com\/tr\/liam-neeson-musluman-olmayi-dusunuyor-203047\/","title":{"rendered":"Liam Neeson M\u00fcsl\u00fcman olmay\u0131 d\u00fc\u015f\u00fcn\u00fcyor"},"content":{"rendered":"<h1><a href=\"http:\/\/www.nationalturk.com\/tr\/wp-content\/uploads\/2014\/12\/liam-neeson-musluman.jpg\"><img loading=\"lazy\" decoding=\"async\" class=\"aligncenter size-large wp-image-203050\" src=\"http:\/\/www.nationalturk.com\/tr\/wp-content\/uploads\/2014\/12\/liam-neeson-musluman-610x344.jpg\" alt=\"\" width=\"610\" height=\"344\" title=\"\" srcset=\"https:\/\/www.nationalturk.com\/tr\/wp-content\/uploads\/2014\/12\/liam-neeson-musluman-610x344.jpg 610w, https:\/\/www.nationalturk.com\/tr\/wp-content\/uploads\/2014\/12\/liam-neeson-musluman-280x158.jpg 280w, https:\/\/www.nationalturk.com\/tr\/wp-content\/uploads\/2014\/12\/liam-neeson-musluman.jpg 620w\" sizes=\"auto, (max-width: 610px) 100vw, 610px\" \/><\/a>Kuzey \u0130rlandal\u0131 akt\u00f6r Liam Neeson, din de\u011fi\u015ftirerek M\u00fcsl\u00fcman olmay\u0131 d\u00fc\u015f\u00fcn\u00fcyor. \u0130ngiliz bas\u0131n\u0131na konu\u015fan ba\u015far\u0131l\u0131 akt\u00f6r, \u201c\u0130slam dinine ge\u00e7meyi d\u00fc\u015f\u00fcn\u00fcyorum\u201d dedi.<\/h1>\n<p>\u0130ngiliz Mail Online ve Sun gazetelerinin haberine g\u00f6re aslen Katolik bir aileden gelen 59 ya\u015f\u0131ndaki Neeson\u2019\u0131n sinema filmi \u00e7ekimleri i\u00e7in \u0130stanbul\u2019u ziyaret etmesinin ard\u0131ndan M\u00fcsl\u00fcman olmay\u0131 d\u00fc\u015f\u00fcnmeye ba\u015flad\u0131\u011f\u0131 ifade edildi.<\/p>\n<p>Neeson\u2019\u0131n sinema filmi \u00e7ekimleri s\u0131ras\u0131nda \u0130stanbul&#8217;da \u0130slam dini ile ilgilenmeye ba\u015flad\u0131\u011f\u0131 vurgulan\u0131rken, \u201cezan sesinin ruhuna i\u015fledi\u011fini\u201d s\u00f6yledi\u011fi kaydedildi.<\/p>\n<p>\u0130ngiliz bas\u0131n\u0131nda yer alan haberlere g\u00f6re Neeson, \u201cEzan g\u00fcnde be\u015f defa okunuyor. \u0130lk bir hafta sizi \u00e7\u0131ld\u0131rt\u0131yor. Sonra ise tam olarak ruhunuza i\u015fliyor, o en g\u00fczel \u015fey. \u015eehirde (\u0130stanbul\u2019da) 4 bin cami var. Baz\u0131lar\u0131 b\u00fcy\u00fcleyici ve M\u00fcsl\u00fcman olmay\u0131 d\u00fc\u015f\u00fcnmenize neden oluyor,\u201d dedi.<\/p>\n<p>Neeson, inan\u00e7larla ilgili s\u00fcrekli ara\u015ft\u0131rmaya devam etti\u011fini belirterek, \u201cBen bir Katolik olarak yeti\u015ftirildim. Fakat bence her g\u00fcn kendimize fark\u0131nda olmadan \u2018bu gezegende ne yap\u0131yoruz, bunlar\u0131n anlam\u0131 ne\u2019 diye soruyoruz.\u2019 Tanr\u0131, tanr\u0131n\u0131n yoklu\u011fu ve ateizm hakk\u0131nda s\u00fcrekli kitaplar okuyorum,\u201d \u015feklinde konu\u015ftu.<\/p>\n<p>Daha \u00f6nce 2012 y\u0131l\u0131nda vizyona giren, Liam Neeson ve Maggie Grace\u2019in ba\u015frollerini payla\u015ft\u0131\u011f\u0131 ve Olivier Megaton\u2019un y\u00f6netti\u011fi \u201cTaken 2\u201d isimli filmin \u00e7ekimlerinin b\u00fcy\u00fck bir k\u0131sm\u0131 \u0130stanbul\u2019da yap\u0131lm\u0131\u015ft\u0131.<\/p>\n<!-- Error, Advert is not available at this time due to schedule\/geolocation restrictions! -->\n","protected":false},"excerpt":{"rendered":"<p>Kuzey \u0130rlandal\u0131 akt\u00f6r Liam Neeson, din de\u011fi\u015ftirerek M\u00fcsl\u00fcman olmay\u0131 d\u00fc\u015f\u00fcn\u00fcyor. \u0130ngiliz bas\u0131n\u0131na konu\u015fan ba\u015far\u0131l\u0131 akt\u00f6r, \u201c\u0130slam dinine ge\u00e7meyi d\u00fc\u015f\u00fcn\u00fcyorum\u201d dedi.<\/p>\n","protected":false},"author":3,"featured_media":203053,"comment_status":"open","ping_status":"open","sticky":false,"template":"","format":"standard","meta":{"_acf_changed":false,"footnotes":""},"categories":[6232,6672,67944],"tags":[106983,106980,106981],"class_list":["post-203047","post","type-post","status-publish","format-standard","has-post-thumbnail","hentry","category-magazin","category-sinema","category-yurtdisi-magazin-haberleri","tag-irlandali-aktor-liam-neeson","tag-liam-neeson","tag-liam-neeson-irlanda"],"acf":[],"_links":{"self":[{"href":"https:\/\/www.nationalturk.com\/tr\/wp-json\/wp\/v2\/posts\/203047","targetHints":{"allow":["GET"]}}],"collection":[{"href":"https:\/\/www.nationalturk.com\/tr\/wp-json\/wp\/v2\/posts"}],"about":[{"href":"https:\/\/www.nationalturk.com\/tr\/wp-json\/wp\/v2\/types\/post"}],"author":[{"embeddable":true,"href":"https:\/\/www.nationalturk.com\/tr\/wp-json\/wp\/v2\/users\/3"}],"replies":[{"embeddable":true,"href":"https:\/\/www.nationalturk.com\/tr\/wp-json\/wp\/v2\/comments?post=203047"}],"version-history":[{"count":0,"href":"https:\/\/www.nationalturk.com\/tr\/wp-json\/wp\/v2\/posts\/203047\/revisions"}],"wp:featuredmedia":[{"embeddable":true,"href":"https:\/\/www.nationalturk.com\/tr\/wp-json\/wp\/v2\/media\/203053"}],"wp:attachment":[{"href":"https:\/\/www.nationalturk.com\/tr\/wp-json\/wp\/v2\/media?parent=203047"}],"wp:term":[{"taxonomy":"category","embeddable":true,"href":"https:\/\/www.nationalturk.com\/tr\/wp-json\/wp\/v2\/categories?post=203047"},{"taxonomy":"post_tag","embeddable":true,"href":"https:\/\/www.nationalturk.com\/tr\/wp-json\/wp\/v2\/tags?post=203047"}],"curies":[{"name":"wp","href":"https:\/\/api.w.org\/{rel}","templated":true}]}}