{"id":203071,"date":"2014-12-29T12:35:49","date_gmt":"2014-12-29T10:35:49","guid":{"rendered":"http:\/\/www.nationalturk.com\/?p=203071"},"modified":"2014-12-29T12:35:49","modified_gmt":"2014-12-29T10:35:49","slug":"muradiye-selalesi-dondu-203071","status":"publish","type":"post","link":"https:\/\/www.nationalturk.com\/tr\/muradiye-selalesi-dondu-203071\/","title":{"rendered":"Muradiye \u015eelalesi dondu!"},"content":{"rendered":"<p><img loading=\"lazy\" decoding=\"async\" class=\"alignnone size-large wp-image-203072\" src=\"http:\/\/www.nationalturk.com\/tr\/wp-content\/uploads\/2014\/12\/muradiye_selalesi-540x360.jpg\" alt=\"Muradiye \u015eelalesi\" width=\"610\" height=\"390\" title=\"\"><\/p>\n<h1>Yurdun do\u011fusunu etkisi alt\u0131na alan so\u011fuk ve ya\u011f\u0131\u015fl\u0131 hava hayat\u0131 olumsuz etkilerken Van&#8217;daki Muradiye \u015eelalesi bile dondu.<\/h1>\n<p>Van&#8217;da etkili olan so\u011fuk hava, Muradiye \u015eelalesi&#8217;nin k\u0131smen donmas\u0131na neden oldu. Donan \u015felale, seyrine doyulmaz manzara ortaya \u00e7\u0131kard\u0131.\u00a0Son bir haftad\u0131r Van\u2019da hava s\u0131cakl\u0131\u011f\u0131n\u0131n geceleri s\u0131f\u0131r\u0131n alt\u0131nda 20 dereceye kadar d\u00fc\u015fmesi, Bendimahi \u00c7ay\u0131 \u00fczerindeki Muradiye \u015eelalesi\u2019nin k\u0131smen donmas\u0131na neden oldu.<\/p>\n<p>15 metre y\u00fckseklikten akan \u015felalenin k\u0131smen donmas\u0131 ise kartpostall\u0131k manzara olu\u015fturdu. Yaz\u0131n co\u015fkulu akan suyu ile ayr\u0131 bir g\u00fczellik ya\u015fatan \u015felale, buzlarla kaplan\u0131p, Pamukkale\u2019deki travertenleri and\u0131ran g\u00f6r\u00fcnt\u00fcs\u00fcyle de g\u00f6renleri hayran b\u0131rak\u0131yor.<\/p>\n<!-- Error, Advert is not available at this time due to schedule\/geolocation restrictions! -->\n","protected":false},"excerpt":{"rendered":"<p>Yurdun do\u011fusunu etkisi alt\u0131na alan so\u011fuk ve ya\u011f\u0131\u015fl\u0131 hava hayat\u0131 olumsuz etkilerken Van&#8217;daki Muradiye \u015eelalesi bile dondu.<\/p>\n","protected":false},"author":4,"featured_media":203074,"comment_status":"open","ping_status":"open","sticky":false,"template":"","format":"standard","meta":{"_acf_changed":false,"footnotes":""},"categories":[6155,5005,6805],"tags":[104454,181476,3114,178362],"class_list":["post-203071","post","type-post","status-publish","format-standard","has-post-thumbnail","hentry","category-gundem","category-manset","category-turkiye","tag-muradiye","tag-muradiye-selalesi","tag-van","tag-van-muradiye"],"acf":[],"_links":{"self":[{"href":"https:\/\/www.nationalturk.com\/tr\/wp-json\/wp\/v2\/posts\/203071","targetHints":{"allow":["GET"]}}],"collection":[{"href":"https:\/\/www.nationalturk.com\/tr\/wp-json\/wp\/v2\/posts"}],"about":[{"href":"https:\/\/www.nationalturk.com\/tr\/wp-json\/wp\/v2\/types\/post"}],"author":[{"embeddable":true,"href":"https:\/\/www.nationalturk.com\/tr\/wp-json\/wp\/v2\/users\/4"}],"replies":[{"embeddable":true,"href":"https:\/\/www.nationalturk.com\/tr\/wp-json\/wp\/v2\/comments?post=203071"}],"version-history":[{"count":0,"href":"https:\/\/www.nationalturk.com\/tr\/wp-json\/wp\/v2\/posts\/203071\/revisions"}],"wp:featuredmedia":[{"embeddable":true,"href":"https:\/\/www.nationalturk.com\/tr\/wp-json\/wp\/v2\/media\/203074"}],"wp:attachment":[{"href":"https:\/\/www.nationalturk.com\/tr\/wp-json\/wp\/v2\/media?parent=203071"}],"wp:term":[{"taxonomy":"category","embeddable":true,"href":"https:\/\/www.nationalturk.com\/tr\/wp-json\/wp\/v2\/categories?post=203071"},{"taxonomy":"post_tag","embeddable":true,"href":"https:\/\/www.nationalturk.com\/tr\/wp-json\/wp\/v2\/tags?post=203071"}],"curies":[{"name":"wp","href":"https:\/\/api.w.org\/{rel}","templated":true}]}}