{"id":203665,"date":"2015-01-08T10:38:59","date_gmt":"2015-01-08T08:38:59","guid":{"rendered":"http:\/\/www.nationalturk.com\/?p=203665"},"modified":"2015-01-08T10:38:59","modified_gmt":"2015-01-08T08:38:59","slug":"fransada-bir-sok-daha-polise-silahli-saldiri-2-yarali-203665","status":"publish","type":"post","link":"https:\/\/www.nationalturk.com\/tr\/fransada-bir-sok-daha-polise-silahli-saldiri-2-yarali-203665\/","title":{"rendered":"Fransa&#8217;da bir \u015fok daha! Polise silahl\u0131 sald\u0131r\u0131: 2 yaral\u0131"},"content":{"rendered":"<p><img loading=\"lazy\" decoding=\"async\" class=\"alignleft size-medium wp-image-203666\" src=\"http:\/\/www.nationalturk.com\/tr\/wp-content\/uploads\/2015\/01\/flash-haber4-245x220.jpg\" alt=\"\" width=\"245\" height=\"220\" title=\"\" srcset=\"https:\/\/www.nationalturk.com\/tr\/wp-content\/uploads\/2015\/01\/flash-haber4-245x220.jpg 245w, https:\/\/www.nationalturk.com\/tr\/wp-content\/uploads\/2015\/01\/flash-haber4-401x360.jpg 401w, https:\/\/www.nationalturk.com\/tr\/wp-content\/uploads\/2015\/01\/flash-haber4.jpg 900w\" sizes=\"auto, (max-width: 245px) 100vw, 245px\" \/><\/p>\n<h1>Fransa&#8217;n\u0131n ba\u015fkenti Paris&#8217;te bir polis ekibine sabah saatlerinde silahl\u0131 sald\u0131r\u0131 d\u00fczenlendi. 2 polisin yaraland\u0131\u011f\u0131 olay\u0131n Charlie Hebdo sald\u0131r\u0131s\u0131yla ilgisinin olup olmad\u0131\u011f\u0131 hen\u00fcz bilinmiyor.<\/h1>\n<p>Polis kaynaklar\u0131, ba\u015fkent Paris&#8217;in g\u00fcneyinde yer alan Malakoff semtinde trafikte seyir halindeki bir ara\u00e7tan yoldaki polis ekibine iki el ate\u015f a\u00e7\u0131ld\u0131\u011f\u0131n\u0131 duyurdu. Olayda iki polis memuru yaralan\u0131rken \u015f\u00fcpheli bir ki\u015finin polis taraf\u0131ndan yakaland\u0131\u011f\u0131 kaydedildi. Sald\u0131r\u0131n\u0131n d\u00fcn haftal\u0131k gazete Charlie Hebdo&#8217;ya yap\u0131lan sald\u0131r\u0131yla ili\u015fkisi olup olmad\u0131\u011f\u0131 bilinmiyor.<\/p>\n<!-- Error, Advert is not available at this time due to schedule\/geolocation restrictions! -->\n","protected":false},"excerpt":{"rendered":"<p>Fransa&#8217;n\u0131n ba\u015fkenti Paris&#8217;te bir polis ekibine sabah saatlerinde silahl\u0131 sald\u0131r\u0131 d\u00fczenlendi. 2 polisin yaraland\u0131\u011f\u0131 olay\u0131n Charlie Hebdo sald\u0131r\u0131s\u0131yla ilgisinin olup olmad\u0131\u011f\u0131 hen\u00fcz bilinmiyor.<\/p>\n","protected":false},"author":4,"featured_media":203667,"comment_status":"open","ping_status":"open","sticky":false,"template":"","format":"standard","meta":{"_acf_changed":false,"footnotes":""},"categories":[6770,6665,6155,5005,349],"tags":[17,371,95920,122102,12],"class_list":["post-203665","post","type-post","status-publish","format-standard","has-post-thumbnail","hentry","category-avrupa","category-dunya","category-gundem","category-manset","category-son-dakika","tag-fransa","tag-fransa-paris","tag-fransa-saldiri","tag-fransa-silahli-saldiri","tag-paris"],"acf":[],"_links":{"self":[{"href":"https:\/\/www.nationalturk.com\/tr\/wp-json\/wp\/v2\/posts\/203665","targetHints":{"allow":["GET"]}}],"collection":[{"href":"https:\/\/www.nationalturk.com\/tr\/wp-json\/wp\/v2\/posts"}],"about":[{"href":"https:\/\/www.nationalturk.com\/tr\/wp-json\/wp\/v2\/types\/post"}],"author":[{"embeddable":true,"href":"https:\/\/www.nationalturk.com\/tr\/wp-json\/wp\/v2\/users\/4"}],"replies":[{"embeddable":true,"href":"https:\/\/www.nationalturk.com\/tr\/wp-json\/wp\/v2\/comments?post=203665"}],"version-history":[{"count":0,"href":"https:\/\/www.nationalturk.com\/tr\/wp-json\/wp\/v2\/posts\/203665\/revisions"}],"wp:featuredmedia":[{"embeddable":true,"href":"https:\/\/www.nationalturk.com\/tr\/wp-json\/wp\/v2\/media\/203667"}],"wp:attachment":[{"href":"https:\/\/www.nationalturk.com\/tr\/wp-json\/wp\/v2\/media?parent=203665"}],"wp:term":[{"taxonomy":"category","embeddable":true,"href":"https:\/\/www.nationalturk.com\/tr\/wp-json\/wp\/v2\/categories?post=203665"},{"taxonomy":"post_tag","embeddable":true,"href":"https:\/\/www.nationalturk.com\/tr\/wp-json\/wp\/v2\/tags?post=203665"}],"curies":[{"name":"wp","href":"https:\/\/api.w.org\/{rel}","templated":true}]}}