{"id":203762,"date":"2015-01-09T15:07:53","date_gmt":"2015-01-09T13:07:53","guid":{"rendered":"http:\/\/www.nationalturk.com\/?p=203762"},"modified":"2015-01-09T15:10:01","modified_gmt":"2015-01-09T13:10:01","slug":"son-dakika-pariste-ikinci-rehine-olayi-markette-kadin-ve-cocuklar-var-video-203762","status":"publish","type":"post","link":"https:\/\/www.nationalturk.com\/tr\/son-dakika-pariste-ikinci-rehine-olayi-markette-kadin-ve-cocuklar-var-video-203762\/","title":{"rendered":"Son Dakika! Paris&#8217;te ikinci rehine olay\u0131! Markette kad\u0131n ve \u00e7ocuklar var (Video)"},"content":{"rendered":"<figure id=\"attachment_203765\" aria-describedby=\"caption-attachment-203765\" style=\"width: 610px\" class=\"wp-caption alignnone\"><img loading=\"lazy\" decoding=\"async\" class=\"size-large wp-image-203765\" src=\"http:\/\/www.nationalturk.com\/tr\/wp-content\/uploads\/2015\/01\/market_rehine-610x345.jpg\" alt=\"Rehine olay\u0131n\u0131n ya\u015fand\u0131\u011f\u0131 marketin hemen kar\u015f\u0131s\u0131ndaki bir restorandan \u00e7ekilen foto\u011fraf...\" width=\"610\" height=\"345\" title=\"\" srcset=\"https:\/\/www.nationalturk.com\/tr\/wp-content\/uploads\/2015\/01\/market_rehine-610x345.jpg 610w, https:\/\/www.nationalturk.com\/tr\/wp-content\/uploads\/2015\/01\/market_rehine-280x158.jpg 280w, https:\/\/www.nationalturk.com\/tr\/wp-content\/uploads\/2015\/01\/market_rehine-900x509.jpg 900w, https:\/\/www.nationalturk.com\/tr\/wp-content\/uploads\/2015\/01\/market_rehine.jpg 1017w\" sizes=\"auto, (max-width: 610px) 100vw, 610px\" \/><figcaption id=\"caption-attachment-203765\" class=\"wp-caption-text\"><strong>Rehine olay\u0131n\u0131n ya\u015fand\u0131\u011f\u0131 marketin hemen kar\u015f\u0131s\u0131ndaki bir restorandan \u00e7ekilen foto\u011fraf&#8230;<\/strong><\/figcaption><\/figure>\n<h1>Fransa&#8217;n\u0131n ba\u015fkenti Paris&#8217;in do\u011fusunda Vincenne b\u00f6lgesinde bir sald\u0131rgan, Musevilere ait bir markete silahl\u0131 bask\u0131n d\u00fczenledi. Markette rehin al\u0131nan 5 ki\u015finin aras\u0131nda kad\u0131n ve \u00e7ocuk oldu\u011fu da \u00f6\u011frenildi. (Video)<\/h1>\n<p>BFM televizyon kanal\u0131 sald\u0131rgan\u0131n ma\u011faza i\u00e7indeki be\u015f ki\u015fiyi rehin ald\u0131\u011f\u0131n\u0131 bildirdi. BFM kanal\u0131, bask\u0131n s\u0131ras\u0131nda \u00e7\u0131kan \u00e7at\u0131\u015fmada en az bir ki\u015finin yaraland\u0131\u011f\u0131n\u0131 duyurdu. Bu ki\u015finin d\u00fcn sabah polis ekibine y\u00f6nelik sald\u0131r\u0131y\u0131 d\u00fczenleyen \u015fah\u0131s oldu\u011fu tahmin ediliyor. B\u00f6lgeye \u00e7ok say\u0131da polis, itfaiye ve ambulans g\u00f6nderildi\u011fi bildirildi.<\/p>\n<p>\u0130\u00e7i\u015fleri Bakan\u0131 Bernard Cazeneuve, bas\u0131na yapt\u0131\u011f\u0131 a\u00e7\u0131klamada d\u00fcn polise d\u00fczenlenen sald\u0131r\u0131y\u0131 d\u00fczenleyen ki\u015finin kimli\u011fi hakk\u0131nda \u00f6nemli bilgilere ula\u015f\u0131ld\u0131\u011f\u0131n\u0131 kaydetmi\u015fti. BFM televizyon kanal\u0131 ise sald\u0131rgan\u0131n kimli\u011finin tam olarak tespit edildi\u011fini ve polisin d\u00fczenledi\u011fi operasyonla zanl\u0131n\u0131n yak\u0131n\u0131 oldu\u011fu tahmin edilen iki ki\u015fiyi g\u00f6zalt\u0131na ald\u0131\u011f\u0131n\u0131 duyurmu\u015ftu.<\/p>\n<p>Paris&#8217;in g\u00fcneyinde yer alan Montrouge b\u00f6lgesinin Malakoff semtinde meydana gelen sald\u0131r\u0131da bir bayan polis memuru hayat\u0131n\u0131 kaybetmi\u015f bir ba\u015fka polis memuru ise yaralanm\u0131\u015ft\u0131.<\/p>\n<p>Bu arada France2 televizyon kanal\u0131 polis kaynaklar\u0131na dayand\u0131rarak verdi\u011fi haberde Charlie Hebdo dergisine yap\u0131lan ve 12 ki\u015finin \u00f6ld\u00fc\u011f\u00fc sald\u0131r\u0131n\u0131n failleri ile bu ki\u015fi aras\u0131nda ili\u015fkisi oldu\u011funu bildirdi.<\/p>\n<h2>Olay yerinden ilk g\u00f6r\u00fcnt\u00fcler \/ Video;<\/h2>\n<div style=\"width: 640px;\" class=\"wp-video\"><video class=\"wp-video-shortcode\" id=\"video-203762-1\" width=\"640\" height=\"360\" preload=\"metadata\" controls=\"controls\"><source type=\"video\/x-flv\" src=\"http:\/\/www.nationalturk.com\/tr\/wp-content\/uploads\/2015\/01\/parisrehine.flv?_=1\" \/><a href=\"http:\/\/www.nationalturk.com\/tr\/wp-content\/uploads\/2015\/01\/parisrehine.flv\">http:\/\/www.nationalturk.com\/tr\/wp-content\/uploads\/2015\/01\/parisrehine.flv<\/a><\/video><\/div>\n<!-- Error, Advert is not available at this time due to schedule\/geolocation restrictions! -->\n","protected":false},"excerpt":{"rendered":"<p>Fransa&#8217;n\u0131n ba\u015fkenti Paris&#8217;in do\u011fusunda Vincenne b\u00f6lgesinde bir sald\u0131rgan, Musevilere ait bir markete silahl\u0131 bask\u0131n d\u00fczenledi. Markette rehin al\u0131nan 5 ki\u015finin aras\u0131nda kad\u0131n ve \u00e7ocuk oldu\u011fu da \u00f6\u011frenildi. (Video)<\/p>\n","protected":false},"author":4,"featured_media":203766,"comment_status":"open","ping_status":"open","sticky":false,"template":"","format":"standard","meta":{"_acf_changed":false,"footnotes":""},"categories":[6770,6665,6155,5005,6202,349,342],"tags":[182127,111483,182058,17,166149,12,182123,182125,182126,182120,144172,182121],"class_list":["post-203762","post","type-post","status-publish","format-standard","has-post-thumbnail","hentry","category-avrupa","category-dunya","category-gundem","category-manset","category-politika","category-son-dakika","category-video","tag-bernard-cazeneuve","tag-charlie-hebdo","tag-charlie-hebdo-katliami","tag-fransa","tag-fransa-son-dakika","tag-paris","tag-paris-rehine","tag-paris-rehine-krizi","tag-paris-rehine-olayi","tag-paris-son-dakika","tag-son-dakika-fransa","tag-son-dakika-paris"],"acf":[],"_links":{"self":[{"href":"https:\/\/www.nationalturk.com\/tr\/wp-json\/wp\/v2\/posts\/203762","targetHints":{"allow":["GET"]}}],"collection":[{"href":"https:\/\/www.nationalturk.com\/tr\/wp-json\/wp\/v2\/posts"}],"about":[{"href":"https:\/\/www.nationalturk.com\/tr\/wp-json\/wp\/v2\/types\/post"}],"author":[{"embeddable":true,"href":"https:\/\/www.nationalturk.com\/tr\/wp-json\/wp\/v2\/users\/4"}],"replies":[{"embeddable":true,"href":"https:\/\/www.nationalturk.com\/tr\/wp-json\/wp\/v2\/comments?post=203762"}],"version-history":[{"count":0,"href":"https:\/\/www.nationalturk.com\/tr\/wp-json\/wp\/v2\/posts\/203762\/revisions"}],"wp:featuredmedia":[{"embeddable":true,"href":"https:\/\/www.nationalturk.com\/tr\/wp-json\/wp\/v2\/media\/203766"}],"wp:attachment":[{"href":"https:\/\/www.nationalturk.com\/tr\/wp-json\/wp\/v2\/media?parent=203762"}],"wp:term":[{"taxonomy":"category","embeddable":true,"href":"https:\/\/www.nationalturk.com\/tr\/wp-json\/wp\/v2\/categories?post=203762"},{"taxonomy":"post_tag","embeddable":true,"href":"https:\/\/www.nationalturk.com\/tr\/wp-json\/wp\/v2\/tags?post=203762"}],"curies":[{"name":"wp","href":"https:\/\/api.w.org\/{rel}","templated":true}]}}