{"id":203820,"date":"2015-01-10T10:45:25","date_gmt":"2015-01-10T08:45:25","guid":{"rendered":"http:\/\/www.nationalturk.com\/?p=203820"},"modified":"2022-09-11T14:50:00","modified_gmt":"2022-09-11T11:50:00","slug":"angelina-jolie-vatikan-papa-203820","status":"publish","type":"post","link":"https:\/\/www.nationalturk.com\/tr\/angelina-jolie-vatikan-papa-203820\/","title":{"rendered":"Angelina Jolie Vatikan&#8217;da Papa ile g\u00f6r\u00fc\u015ft\u00fc"},"content":{"rendered":"<h1><img loading=\"lazy\" decoding=\"async\" class=\"aligncenter wp-image-203822\" src=\"http:\/\/www.nationalturk.com\/tr\/wp-content\/uploads\/2015\/01\/angelina-jolie-papa.jpg\" alt=\"\" width=\"610\" height=\"406\" title=\"\" srcset=\"https:\/\/www.nationalturk.com\/tr\/wp-content\/uploads\/2015\/01\/angelina-jolie-papa.jpg 960w, https:\/\/www.nationalturk.com\/tr\/wp-content\/uploads\/2015\/01\/angelina-jolie-papa-180x120.jpg 180w, https:\/\/www.nationalturk.com\/tr\/wp-content\/uploads\/2015\/01\/angelina-jolie-papa-280x186.jpg 280w, https:\/\/www.nationalturk.com\/tr\/wp-content\/uploads\/2015\/01\/angelina-jolie-papa-540x360.jpg 540w, https:\/\/www.nationalturk.com\/tr\/wp-content\/uploads\/2015\/01\/angelina-jolie-papa-900x599.jpg 900w\" sizes=\"auto, (max-width: 610px) 100vw, 610px\" \/>ABD&#8217;li aktris Angelina Jolie, Katolik aleminin ruhani lideri Papa Franciscus ile Vatikan&#8217;da bir araya geldi.<\/h1>\n<p>G\u00f6r\u00fc\u015fmeye, Jolie&#8217;nin y\u00f6netti\u011fi, 2. D\u00fcnya Sava\u015f\u0131 y\u0131llar\u0131nda bir d\u00f6nem Japonya\u2019da esaret alt\u0131nda kalan ABD\u2019li atlet Louis Zamperini\u2019nin hayat\u0131n\u0131n anlat\u0131ld\u0131\u011f\u0131 &#8220;Unbroken&#8221; filminin Vatikan\u2019da g\u00f6sterime girmesi vesile oldu.<\/p>\n<p>Vatikan\u2019a gelen Jolie, g\u00f6sterimin ard\u0131ndan k\u0131sa bir s\u00fcre Papa Franciscus taraf\u0131ndan kabul edildi. Vatikan\u2019a yak\u0131n kaynaklarda yer alan haberlerde, g\u00f6r\u00fc\u015fmede Jolie\u2019nin 6 \u00e7ocu\u011fundan ikisinin de haz\u0131r bulundu\u011fu belirtildi.<\/p>\n<p>Ziyaret \u00f6ncesi bir a\u00e7\u0131klama yapan Angelina Jolie, filminin Vatikan\u2019da g\u00f6sterilmesinin kendisi i\u00e7in b\u00fcy\u00fck onur oldu\u011funu ifade etti.<\/p>\n<p>Papa-Jolie g\u00f6r\u00fc\u015fmesine i\u00e7eri\u011fine ili\u015fkin taraflardan herhangi bir resmi a\u00e7\u0131klama yap\u0131lmad\u0131.<\/p>\n<p>Jolie&#8217;nin ikinci kez y\u00f6netmenlik koltu\u011funa ge\u00e7ti\u011fi &#8220;Unbroken&#8221; filmi, 1936 Berlin Olimpiyatlar\u0131&#8217;nda g\u00f6sterdi\u011fi performansla dikkati \u00e7eken ABD&#8217;li gen\u00e7 bir atlet olan Louis Zamperini&#8217;nin, 2. D\u00fcnya Sava\u015f\u0131 s\u0131ras\u0131nda mucizevi bir kazadan kurtulu\u015fundan, Japonlara esir d\u00fc\u015f\u00fc\u015f\u00fcne, b\u00fct\u00fcn bu ya\u015fad\u0131klar\u0131 nedeniyle edindi\u011fi sinir bozuklu\u011fu hastal\u0131klar\u0131ndan kendisini Hristiyanl\u0131\u011fa vererek kurtulu\u015funu anlat\u0131yor.<\/p>\n<!-- Error, Advert is not available at this time due to schedule\/geolocation restrictions! -->\n","protected":false},"excerpt":{"rendered":"<p>ABD&#8217;li aktris Angelina Jolie, Katolik aleminin ruhani lideri Papa Franciscus ile Vatikan&#8217;da bir araya geldi.<\/p>\n","protected":false},"author":3,"featured_media":203822,"comment_status":"open","ping_status":"open","sticky":false,"template":"","format":"standard","meta":{"_acf_changed":false,"footnotes":""},"categories":[6232,6672,220816,67944],"tags":[5453,172875,863,147372,157974,148392,153109,153301,153304,178233,4711,157966],"class_list":["post-203820","post","type-post","status-publish","format-standard","has-post-thumbnail","hentry","category-magazin","category-sinema","category-uzak-dogu","category-yurtdisi-magazin-haberleri","tag-angelina-jolie","tag-angelina-jolie-italya","tag-japonya","tag-papa-franciscus","tag-papa-franciscus-italya","tag-papa-franciscus-roma","tag-papa-franciscus-vatikan","tag-unbroken","tag-unbroken-angelina-jolie","tag-unbroken-filmi","tag-vatikan","tag-vatikan-roma"],"acf":[],"_links":{"self":[{"href":"https:\/\/www.nationalturk.com\/tr\/wp-json\/wp\/v2\/posts\/203820","targetHints":{"allow":["GET"]}}],"collection":[{"href":"https:\/\/www.nationalturk.com\/tr\/wp-json\/wp\/v2\/posts"}],"about":[{"href":"https:\/\/www.nationalturk.com\/tr\/wp-json\/wp\/v2\/types\/post"}],"author":[{"embeddable":true,"href":"https:\/\/www.nationalturk.com\/tr\/wp-json\/wp\/v2\/users\/3"}],"replies":[{"embeddable":true,"href":"https:\/\/www.nationalturk.com\/tr\/wp-json\/wp\/v2\/comments?post=203820"}],"version-history":[{"count":0,"href":"https:\/\/www.nationalturk.com\/tr\/wp-json\/wp\/v2\/posts\/203820\/revisions"}],"wp:featuredmedia":[{"embeddable":true,"href":"https:\/\/www.nationalturk.com\/tr\/wp-json\/wp\/v2\/media\/203822"}],"wp:attachment":[{"href":"https:\/\/www.nationalturk.com\/tr\/wp-json\/wp\/v2\/media?parent=203820"}],"wp:term":[{"taxonomy":"category","embeddable":true,"href":"https:\/\/www.nationalturk.com\/tr\/wp-json\/wp\/v2\/categories?post=203820"},{"taxonomy":"post_tag","embeddable":true,"href":"https:\/\/www.nationalturk.com\/tr\/wp-json\/wp\/v2\/tags?post=203820"}],"curies":[{"name":"wp","href":"https:\/\/api.w.org\/{rel}","templated":true}]}}