{"id":203853,"date":"2015-01-10T17:58:35","date_gmt":"2015-01-10T15:58:35","guid":{"rendered":"http:\/\/www.nationalturk.com\/?p=203853"},"modified":"2015-01-10T17:58:35","modified_gmt":"2015-01-10T15:58:35","slug":"fransada-esrarengiz-olay-katliami-arastiran-baskomiser-olu-bulundu-203853","status":"publish","type":"post","link":"https:\/\/www.nationalturk.com\/tr\/fransada-esrarengiz-olay-katliami-arastiran-baskomiser-olu-bulundu-203853\/","title":{"rendered":"Fransa&#8217;da esrarengiz olay! Katliam\u0131 ara\u015ft\u0131ran ba\u015fkomiser \u00f6l\u00fc bulundu!"},"content":{"rendered":"<p><img loading=\"lazy\" decoding=\"async\" class=\"alignnone size-large wp-image-203854\" src=\"http:\/\/www.nationalturk.com\/tr\/wp-content\/uploads\/2015\/01\/fransa_polis-610x252.jpg\" alt=\"\" width=\"610\" height=\"252\" title=\"\" srcset=\"https:\/\/www.nationalturk.com\/tr\/wp-content\/uploads\/2015\/01\/fransa_polis-610x252.jpg 610w, https:\/\/www.nationalturk.com\/tr\/wp-content\/uploads\/2015\/01\/fransa_polis-280x116.jpg 280w, https:\/\/www.nationalturk.com\/tr\/wp-content\/uploads\/2015\/01\/fransa_polis.jpg 700w\" sizes=\"auto, (max-width: 610px) 100vw, 610px\" \/><\/p>\n<h1>Fransa&#8217;da, beraberinde bir\u00e7ok komplo teorisini de beraberinde getirecek bir olay ya\u015fand\u0131! Charlie Hebdo katliam\u0131n\u0131 ara\u015ft\u0131ran ekipten ba\u015fkomiser Helric Fredou \u00f6l\u00fc bulundu.<\/h1>\n<p>Fransa&#8217;n\u0131n ba\u015fkenti Paris&#8217;te Charlie Hebdo dergisine yap\u0131lan ve 12 ki\u015finin ya\u015fam\u0131n\u0131 yitirdi\u011fi sald\u0131r\u0131y\u0131 ara\u015ft\u0131rmakla g\u00f6revlendirilen polisler aras\u0131nda yer alan 45 ya\u015f\u0131ndaki ba\u015fkomiser Helric Fredou \u00f6l\u00fc bulundu. Fredou&#8217;nun, 80 bin polisten olu\u015fan operasyonlarda \u00f6nemli g\u00f6revler \u00fcstlendi\u011fi \u00f6\u011frenildi.<\/p>\n<p>Frans\u0131z Polis Sendikas\u0131, Fredou&#8217;in intihar\u0131na depresyonu gerek\u00e7e g\u00f6sterirken, arkada\u015flar\u0131 ise Limoges Kriminal Soru\u015fturma B\u00f6l\u00fcm\u00fc M\u00fcd\u00fcr Yard\u0131mc\u0131l\u0131\u011f\u0131 g\u00f6revini yapan Fredou&#8217;in intihar edecek kadar sorunu olmad\u0131\u011f\u0131n\u0131, \u00f6l\u00fcm\u00fcn\u00fcn \u015f\u00fcpheli oldu\u011funu belirtti.<\/p>\n<!-- Error, Advert is not available at this time due to schedule\/geolocation restrictions! -->\n","protected":false},"excerpt":{"rendered":"<p>Fransa&#8217;da, beraberinde bir\u00e7ok komplo teorisini de beraberinde getirecek bir olay ya\u015fand\u0131! Charlie Hebdo katliam\u0131n\u0131 ara\u015ft\u0131ran ekipten ba\u015fkomiser Helric Fredou \u00f6l\u00fc bulundu.<\/p>\n","protected":false},"author":4,"featured_media":203855,"comment_status":"open","ping_status":"open","sticky":false,"template":"","format":"standard","meta":{"_acf_changed":false,"footnotes":""},"categories":[6770,6665,6155,5005,6202,349],"tags":[111483,182057,182058,17],"class_list":["post-203853","post","type-post","status-publish","format-standard","has-post-thumbnail","hentry","category-avrupa","category-dunya","category-gundem","category-manset","category-politika","category-son-dakika","tag-charlie-hebdo","tag-charlie-hebdo-katliam","tag-charlie-hebdo-katliami","tag-fransa"],"acf":[],"_links":{"self":[{"href":"https:\/\/www.nationalturk.com\/tr\/wp-json\/wp\/v2\/posts\/203853","targetHints":{"allow":["GET"]}}],"collection":[{"href":"https:\/\/www.nationalturk.com\/tr\/wp-json\/wp\/v2\/posts"}],"about":[{"href":"https:\/\/www.nationalturk.com\/tr\/wp-json\/wp\/v2\/types\/post"}],"author":[{"embeddable":true,"href":"https:\/\/www.nationalturk.com\/tr\/wp-json\/wp\/v2\/users\/4"}],"replies":[{"embeddable":true,"href":"https:\/\/www.nationalturk.com\/tr\/wp-json\/wp\/v2\/comments?post=203853"}],"version-history":[{"count":0,"href":"https:\/\/www.nationalturk.com\/tr\/wp-json\/wp\/v2\/posts\/203853\/revisions"}],"wp:featuredmedia":[{"embeddable":true,"href":"https:\/\/www.nationalturk.com\/tr\/wp-json\/wp\/v2\/media\/203855"}],"wp:attachment":[{"href":"https:\/\/www.nationalturk.com\/tr\/wp-json\/wp\/v2\/media?parent=203853"}],"wp:term":[{"taxonomy":"category","embeddable":true,"href":"https:\/\/www.nationalturk.com\/tr\/wp-json\/wp\/v2\/categories?post=203853"},{"taxonomy":"post_tag","embeddable":true,"href":"https:\/\/www.nationalturk.com\/tr\/wp-json\/wp\/v2\/tags?post=203853"}],"curies":[{"name":"wp","href":"https:\/\/api.w.org\/{rel}","templated":true}]}}