{"id":204106,"date":"2015-01-14T11:52:32","date_gmt":"2015-01-14T09:52:32","guid":{"rendered":"http:\/\/www.nationalturk.com\/?p=204106"},"modified":"2015-01-14T11:52:32","modified_gmt":"2015-01-14T09:52:32","slug":"abd-erdoganin-netanyahu-hakkindaki-sozlerine-siddetle-karsiyiz-204106","status":"publish","type":"post","link":"https:\/\/www.nationalturk.com\/tr\/abd-erdoganin-netanyahu-hakkindaki-sozlerine-siddetle-karsiyiz-204106\/","title":{"rendered":"ABD: Erdo\u011fan&#8217;\u0131n Netanyahu hakk\u0131ndaki s\u00f6zlerine \u015fiddetle kar\u015f\u0131y\u0131z"},"content":{"rendered":"<p><img loading=\"lazy\" decoding=\"async\" class=\"alignleft size-medium wp-image-204107\" src=\"http:\/\/www.nationalturk.com\/tr\/wp-content\/uploads\/2015\/01\/marie_harf-280x188.jpeg\" alt=\"Marie Harf\" width=\"280\" height=\"188\" title=\"\" srcset=\"https:\/\/www.nationalturk.com\/tr\/wp-content\/uploads\/2015\/01\/marie_harf-280x188.jpeg 280w, https:\/\/www.nationalturk.com\/tr\/wp-content\/uploads\/2015\/01\/marie_harf-180x120.jpeg 180w, https:\/\/www.nationalturk.com\/tr\/wp-content\/uploads\/2015\/01\/marie_harf.jpeg 478w\" sizes=\"auto, (max-width: 280px) 100vw, 280px\" \/><\/p>\n<h1>Cumhurba\u015fkan\u0131 Erdo\u011fan&#8217;\u0131n \u0130srail Ba\u015fbakan\u0131 Netanyahu hakk\u0131ndaki sert s\u00f6zleri i\u00e7in ABD D\u0131\u015fi\u015fleri Bakanl\u0131\u011f\u0131 S\u00f6zc\u00fcs\u00fc Marie Harf \u00a0&#8216;\u015eiddetle kar\u015f\u0131y\u0131z&#8217; yan\u0131t\u0131n\u0131 verdi.<\/h1>\n<p>ABD&#8217;nin ba\u015fkenti Washington&#8217;daki bas\u0131n toplant\u0131s\u0131nda konu\u015fan D\u0131\u015fi\u015fleri Bakanl\u0131\u011f\u0131 S\u00f6zc\u00fc Yard\u0131mc\u0131s\u0131 Marie Harf, &#8220;Cumhurba\u015fkan\u0131 Recep Tayyip Erdo\u011fan , \u0130srail Ba\u015fbakan\u0131 Benyamin Netanyahu&#8217;yu, ikiy\u00fczl\u00fc, ter\u00f6r devleti ba\u015f\u0131 diye niteledi&#8221; buna yorumunuz nedir sorusuna, &#8220;\u015eiddetle kar\u015f\u0131y\u0131z&#8221; yan\u0131t\u0131 verdi. Marie Harf, Cumhurba\u015fkan\u0131 Erdo\u011fan&#8217;\u0131n, Netanyahu&#8217;ya ili\u015fkin a\u00e7\u0131klamalar\u0131n\u0131 kendisinin dinleyip izlemedi\u011fini, izleyip dinledikten sonra bu konuyla ilgili daha \u00e7ok konu\u015fabilece\u011fini belirtti.<\/p>\n<p>Marie Harf, T\u00fcrkiye&#8217;nin co\u011frafi konumu nedeniyle, Suriye ve Irak&#8217;ta ele ge\u00e7irdi\u011fi b\u00f6lgelerde ter\u00f6r estiren I\u015e\u0130D&#8217;e kat\u0131lmak isteyen yabanc\u0131 militanlar\u0131n ge\u00e7i\u015fi sorunundan en \u00e7ok etkilenen \u00fclke oldu\u011funu belirterek &#8220;\u015eunu kesinlikle biliyoruz ki, Suriye&#8217;ye yabanc\u0131 militanlar\u0131n giri\u015f ve \u00e7\u0131k\u0131\u015f\u0131 konusunda b\u00fcy\u00fck bir sorun var. Bu \u00e7ok ciddi ve zorlu bir sorun. T\u00fcrkiye&#8217;nin i\u00e7inde bulundu\u011fu b\u00f6lge \u00fclkeleri ile bu s\u0131n\u0131rlar\u0131n denetlenmesi i\u00e7in birlikte \u00e7al\u0131\u015f\u0131yoruz&#8221; diye konu\u015ftu.<\/p>\n<p>Harf, bir gazetecinin &#8220;Biliyorum, T\u00fcrkiye m\u00fcttefikiniz ama, bu ge\u00e7i\u015fleri durdurmak i\u00e7in gerekeni yap\u0131yor mu?&#8221; sorusuna verdi\u011fi yan\u0131tta da, &#8220;\u00c7ok zorlu bir sorun oldu\u011funu biliyorlar. T\u00fcm \u00fcye \u00fclkelere Suriye&#8217;ye yabanc\u0131 militan ge\u00e7i\u015fini \u00f6nlemeleri \u00e7a\u011fr\u0131s\u0131 yapan BM G\u00fcvenlik Konseyi karar\u0131 var. S\u0131n\u0131rlar \u00e7ok uzun ve \u00e7o\u011funlukla ge\u00e7ilmesi kolay. T\u00fcrkiye ve \u00f6teki b\u00f6lge \u00fclkeleriyle, yabanc\u0131 militanlar\u0131n saptanmas\u0131 ve bu ge\u00e7i\u015flerin \u00f6nlenmesi i\u00e7in birlikte \u00e7al\u0131\u015f\u0131yoruz&#8221; dedi.<\/p>\n<span style=\"font-weight: bold; color: #f00;\">Error, group does not exist! Check your syntax! (ID: 62)<\/span>\n","protected":false},"excerpt":{"rendered":"<p>Cumhurba\u015fkan\u0131 Erdo\u011fan&#8217;\u0131n \u0130srail Ba\u015fbakan\u0131 Netanyahu hakk\u0131ndaki sert s\u00f6zleri i\u00e7in ABD D\u0131\u015fi\u015fleri Bakanl\u0131\u011f\u0131 S\u00f6zc\u00fcs\u00fc Marie Harf  &#8216;\u015eiddetle kar\u015f\u0131y\u0131z&#8217; yan\u0131t\u0131n\u0131 verdi.<\/p>\n","protected":false},"author":4,"featured_media":204108,"comment_status":"open","ping_status":"open","sticky":false,"template":"","format":"standard","meta":{"_acf_changed":false,"footnotes":""},"categories":[6768,6665,6772],"tags":[77543,2936,102630,1555,137620,787],"class_list":["post-204106","post","type-post","status-publish","format-standard","has-post-thumbnail","hentry","category-amerika","category-dunya","category-ortadogu","tag-abd-disisleri-bakanligi","tag-beyaz-saray","tag-erdogan-israil","tag-israil","tag-marie-harf","tag-recep-tayyip-erdogan"],"acf":[],"_links":{"self":[{"href":"https:\/\/www.nationalturk.com\/tr\/wp-json\/wp\/v2\/posts\/204106","targetHints":{"allow":["GET"]}}],"collection":[{"href":"https:\/\/www.nationalturk.com\/tr\/wp-json\/wp\/v2\/posts"}],"about":[{"href":"https:\/\/www.nationalturk.com\/tr\/wp-json\/wp\/v2\/types\/post"}],"author":[{"embeddable":true,"href":"https:\/\/www.nationalturk.com\/tr\/wp-json\/wp\/v2\/users\/4"}],"replies":[{"embeddable":true,"href":"https:\/\/www.nationalturk.com\/tr\/wp-json\/wp\/v2\/comments?post=204106"}],"version-history":[{"count":0,"href":"https:\/\/www.nationalturk.com\/tr\/wp-json\/wp\/v2\/posts\/204106\/revisions"}],"wp:featuredmedia":[{"embeddable":true,"href":"https:\/\/www.nationalturk.com\/tr\/wp-json\/wp\/v2\/media\/204108"}],"wp:attachment":[{"href":"https:\/\/www.nationalturk.com\/tr\/wp-json\/wp\/v2\/media?parent=204106"}],"wp:term":[{"taxonomy":"category","embeddable":true,"href":"https:\/\/www.nationalturk.com\/tr\/wp-json\/wp\/v2\/categories?post=204106"},{"taxonomy":"post_tag","embeddable":true,"href":"https:\/\/www.nationalturk.com\/tr\/wp-json\/wp\/v2\/tags?post=204106"}],"curies":[{"name":"wp","href":"https:\/\/api.w.org\/{rel}","templated":true}]}}