{"id":204267,"date":"2015-01-16T15:51:18","date_gmt":"2015-01-16T13:51:18","guid":{"rendered":"http:\/\/www.nationalturk.com\/?p=204267"},"modified":"2022-09-06T13:18:09","modified_gmt":"2022-09-06T10:18:09","slug":"italya-basbakani-davutoglunun-pariste-olmasi-biraz-siritti-204267","status":"publish","type":"post","link":"https:\/\/www.nationalturk.com\/tr\/italya-basbakani-davutoglunun-pariste-olmasi-biraz-siritti-204267\/","title":{"rendered":"\u0130talya Ba\u015fbakan\u0131: Davuto\u011flu&#8217;nun Paris&#8217;te olmas\u0131 biraz s\u0131r\u0131tt\u0131"},"content":{"rendered":"<p><img loading=\"lazy\" decoding=\"async\" class=\"alignnone size-large wp-image-204268\" src=\"http:\/\/www.nationalturk.com\/tr\/wp-content\/uploads\/2015\/01\/renzi_matteo_2947-540x360.jpg\" alt=\"Matteo Renzi\" width=\"610\" height=\"390\" title=\"\"><\/p>\n<h1>\u0130talya Ba\u015fbakan\u0131 Matteo Renzi, Charlie Hebdo katliam\u0131na tepki olarak Paris&#8217;te d\u00fczenlenen y\u00fcr\u00fcy\u00fc\u015fle ilgili olarak &#8216;Gazetecilerin tutukland\u0131\u011f\u0131, yay\u0131n kurulu\u015flar\u0131n\u0131n kapat\u0131ld\u0131\u011f\u0131 T\u00fcrkiye&#8217;nin liderinin de orada yer almas\u0131n\u0131n biraz s\u0131r\u0131tt\u0131\u011f\u0131n\u0131&#8217; s\u00f6yledi.<\/h1>\n<p>\u0130talyan La 7 TV&#8217;de yay\u0131nlanan &#8221;Le Invasioni Barbariche&#8221; adl\u0131 programa konuk olan Matteo Renzi, Paris y\u00fcr\u00fcy\u00fc\u015f\u00fc ile ilgili \u00e7arp\u0131c\u0131 a\u00e7\u0131klamalar yapt\u0131.<\/p>\n<p>Program\u0131 sunan Daria Bignardi, y\u00fcr\u00fcy\u00fc\u015f\u00fcn Paris&#8217;teki ter\u00f6r sald\u0131r\u0131lar\u0131nda ya\u015fam\u0131n\u0131 yitirenleri anmak ve ayn\u0131 zamanda bilgi verme, bas\u0131n \u00f6zg\u00fcrl\u00fc\u011f\u00fc i\u00e7in ger\u00e7ekle\u015ftirildi\u011fini hat\u0131rlatan Renzi&#8217;ye, &#8220;Rusya D\u0131\u015fi\u015fleri Bakan\u0131 Sergey Lavrov, Macaristan Ba\u015fbakan\u0131 Viktor Orban, T\u00fcrkiye Ba\u015fbakan\u0131 Ahmet Davuto\u011flu ve Gabon Cumhurba\u015fkan\u0131 Ali Bongo ile, yani gazetecilerin dostu olmayan bu liderlerle yan yana y\u00fcr\u00fcmek sizi rahats\u0131z etmedi mi?&#8221; diye sordu.<\/p>\n<p>Matteo Renzi&#8217;nin cevab\u0131 ise \u015f\u00f6yle oldu:<\/p>\n<p>&#8220;Bir\u00e7ok \u00fclkede \u00e7eli\u015fkiler ya\u015fan\u0131yor. Mesela T\u00fcrk Cumhurba\u015fkan\u0131 Erdo\u011fan \u00f6rne\u011fini alal\u0131m. Aral\u0131k ay\u0131nda baz\u0131 gazetecilerin tutuklanmas\u0131 ve yay\u0131n kurulu\u015flar\u0131n\u0131n kapat\u0131lmas\u0131 emrini verdi. Bu a\u00e7\u0131k\u00e7a bir bas\u0131n \u00f6zg\u00fcrl\u00fc\u011f\u00fc problemiydi. Sen ise (Davuto\u011flu) bilgi verme \u00f6zg\u00fcrl\u00fc\u011f\u00fcn\u00fc savunmak i\u00e7in oradas\u0131n, \u00e7\u00fcnk\u00fc baz\u0131 ka\u00e7\u0131klar bir dergi binas\u0131na girerek, o bildi\u011fimiz eylemi yapt\u0131lar. Yani bu biraz s\u0131r\u0131t\u0131yor. Frans\u0131zlar onlar\u0131 orada istedi ve davet ettiyse, ben de bunu sorgulamad\u0131m, pirelenmedim.&#8221;<\/p>\n<!-- Error, Advert is not available at this time due to schedule\/geolocation restrictions! -->\n","protected":false},"excerpt":{"rendered":"<p>\u0130talya Ba\u015fbakan\u0131 Matteo Renzi, Charlie Hebdo katliam\u0131na tepki olarak Paris&#8217;te d\u00fczenlenen y\u00fcr\u00fcy\u00fc\u015fle ilgili olarak &#8216;Gazetecilerin tutukland\u0131\u011f\u0131, yay\u0131n kurulu\u015flar\u0131n\u0131n kapat\u0131ld\u0131\u011f\u0131 T\u00fcrkiye&#8217;nin liderinin de orada yer almas\u0131n\u0131n biraz s\u0131r\u0131tt\u0131\u011f\u0131n\u0131&#8217; s\u00f6yledi.<\/p>\n","protected":false},"author":4,"featured_media":204269,"comment_status":"open","ping_status":"open","sticky":false,"template":"","format":"standard","meta":{"_acf_changed":false,"footnotes":""},"categories":[6770,6665,6155,5005,6667,6202],"tags":[8773,10,154017,12],"class_list":["post-204267","post","type-post","status-publish","format-standard","has-post-thumbnail","hentry","category-avrupa","category-dunya","category-gundem","category-manset","category-medya","category-politika","tag-ahmet-davutoglu","tag-italya","tag-matteo-renzi","tag-paris"],"acf":[],"_links":{"self":[{"href":"https:\/\/www.nationalturk.com\/tr\/wp-json\/wp\/v2\/posts\/204267","targetHints":{"allow":["GET"]}}],"collection":[{"href":"https:\/\/www.nationalturk.com\/tr\/wp-json\/wp\/v2\/posts"}],"about":[{"href":"https:\/\/www.nationalturk.com\/tr\/wp-json\/wp\/v2\/types\/post"}],"author":[{"embeddable":true,"href":"https:\/\/www.nationalturk.com\/tr\/wp-json\/wp\/v2\/users\/4"}],"replies":[{"embeddable":true,"href":"https:\/\/www.nationalturk.com\/tr\/wp-json\/wp\/v2\/comments?post=204267"}],"version-history":[{"count":0,"href":"https:\/\/www.nationalturk.com\/tr\/wp-json\/wp\/v2\/posts\/204267\/revisions"}],"wp:featuredmedia":[{"embeddable":true,"href":"https:\/\/www.nationalturk.com\/tr\/wp-json\/wp\/v2\/media\/204269"}],"wp:attachment":[{"href":"https:\/\/www.nationalturk.com\/tr\/wp-json\/wp\/v2\/media?parent=204267"}],"wp:term":[{"taxonomy":"category","embeddable":true,"href":"https:\/\/www.nationalturk.com\/tr\/wp-json\/wp\/v2\/categories?post=204267"},{"taxonomy":"post_tag","embeddable":true,"href":"https:\/\/www.nationalturk.com\/tr\/wp-json\/wp\/v2\/tags?post=204267"}],"curies":[{"name":"wp","href":"https:\/\/api.w.org\/{rel}","templated":true}]}}