{"id":204276,"date":"2015-01-16T17:19:51","date_gmt":"2015-01-16T15:19:51","guid":{"rendered":"http:\/\/www.nationalturk.com\/?p=204276"},"modified":"2015-01-16T17:19:51","modified_gmt":"2015-01-16T15:19:51","slug":"gorevden-alinan-savci-ahmet-karaca-konustu-204276","status":"publish","type":"post","link":"https:\/\/www.nationalturk.com\/tr\/gorevden-alinan-savci-ahmet-karaca-konustu-204276\/","title":{"rendered":"G\u00f6revden al\u0131nan savc\u0131 Ahmet Karaca konu\u015ftu"},"content":{"rendered":"<p><img loading=\"lazy\" decoding=\"async\" class=\"alignleft size-medium wp-image-204277\" src=\"http:\/\/www.nationalturk.com\/tr\/wp-content\/uploads\/2015\/01\/mit_tirlari-280x186.jpg\" alt=\"\" width=\"280\" height=\"186\" title=\"\" srcset=\"https:\/\/www.nationalturk.com\/tr\/wp-content\/uploads\/2015\/01\/mit_tirlari-280x186.jpg 280w, https:\/\/www.nationalturk.com\/tr\/wp-content\/uploads\/2015\/01\/mit_tirlari-180x120.jpg 180w, https:\/\/www.nationalturk.com\/tr\/wp-content\/uploads\/2015\/01\/mit_tirlari-540x360.jpg 540w, https:\/\/www.nationalturk.com\/tr\/wp-content\/uploads\/2015\/01\/mit_tirlari-900x600.jpg 900w, https:\/\/www.nationalturk.com\/tr\/wp-content\/uploads\/2015\/01\/mit_tirlari.jpg 1200w\" sizes=\"auto, (max-width: 280px) 100vw, 280px\" \/><\/p>\n<h1>M\u0130T t\u0131rlar\u0131n\u0131n durdurulmas\u0131 ve aranmas\u0131na ili\u015fkin y\u00fcr\u00fct\u00fclen soru\u015fturma kapsam\u0131nda HSYK taraf\u0131ndan g\u00f6revden uzakla\u015ft\u0131r\u0131lan savc\u0131lardan Ahmet Karaca, kararla ilgili, &#8220;Adaletin er veya ge\u00e7 tecelli edece\u011fine y\u00fcrekten inan\u0131yorum&#8221;\u00a0dedi.<\/h1>\n<p>Karaca, yapt\u0131\u011f\u0131 yaz\u0131l\u0131 a\u00e7\u0131klamada, karar\u0131n, Anayasa, kanunlara ve HSYK&#8217;n\u0131n uygulamalar\u0131na ayk\u0131r\u0131 oldu\u011funu savundu. 17 y\u0131ld\u0131r g\u00f6revini gururla yerine getirmeye \u00e7al\u0131\u015ft\u0131\u011f\u0131n\u0131 belirten Karaca, \u015funlar\u0131 kaydetti:<\/p>\n<p>&#8220;S\u00f6z konusu arama i\u015flemleri y\u00fcr\u00fcrl\u00fckteki kanunlara uygun olarak ger\u00e7ekle\u015fmi\u015f, yasalara ayk\u0131r\u0131 herhangi bir i\u015flem yap\u0131lmam\u0131\u015ft\u0131r. Gaziantep&#8217;te g\u00f6rev yapan bir cumhuriyet savc\u0131s\u0131 olarak Adana&#8217;da devam eden bir soru\u015fturmay\u0131 etkileyece\u011fim gerek\u00e7esiyle a\u00e7\u0131\u011fa al\u0131nmam, yap\u0131lan tasarrufun hukuki olmad\u0131\u011f\u0131n\u0131 g\u00f6stermektedir. Adaletin er veya ge\u00e7 tecelli edece\u011fine y\u00fcrekten inan\u0131yorum.&#8221;<\/p>\n<p>Karaca, geli\u015fmelerle ilgili takdiri kamuoyuna b\u0131rakt\u0131\u011f\u0131n\u0131 vurgulad\u0131.<\/p>\n<p>HSYK 2. Dairesi, cumhuriyet savc\u0131lar\u0131 S\u00fcleyman Ba\u011fr\u0131yan\u0131k, Ahmet Karaca, Aziz Tak\u00e7\u0131, \u00d6zcan \u015ei\u015fman ve Ya\u015far Kavalc\u0131kl\u0131o\u011flu&#8217;nun, haklar\u0131ndaki soru\u015fturma sonu\u00e7lan\u0131ncaya kadar g\u00f6revden uzakla\u015ft\u0131r\u0131lmalar\u0131na karar vermi\u015fti.<\/p>\n<!-- Error, Advert is not available at this time due to schedule\/geolocation restrictions! -->\n","protected":false},"excerpt":{"rendered":"<p>M\u0130T t\u0131rlar\u0131n\u0131n durdurulmas\u0131 ve aranmas\u0131na ili\u015fkin y\u00fcr\u00fct\u00fclen soru\u015fturma kapsam\u0131nda HSYK taraf\u0131ndan g\u00f6revden uzakla\u015ft\u0131r\u0131lan savc\u0131lardan Ahmet Karaca, kararla ilgili, &#8220;Adaletin er veya ge\u00e7 tecelli edece\u011fine y\u00fcrekten inan\u0131yorum&#8221; dedi.<\/p>\n","protected":false},"author":4,"featured_media":204278,"comment_status":"open","ping_status":"open","sticky":false,"template":"","format":"standard","meta":{"_acf_changed":false,"footnotes":""},"categories":[6155,5005,6202,349,6805],"tags":[182529,182617,152196,16253,182524,182525,182528,182613,182526,27382,182612],"class_list":["post-204276","post","type-post","status-publish","format-standard","has-post-thumbnail","hentry","category-gundem","category-manset","category-politika","category-son-dakika","category-turkiye","tag-adana-mit-tiri","tag-ahmet-karaca","tag-aziz-takci","tag-hsk","tag-mit-tirlari","tag-mit-tirlari-sansur","tag-mit-tirlari-sansuru","tag-mit-tirlari-son-dakika","tag-mit-tirlari-yayin-yasagi","tag-son-dakika","tag-son-dakika-mit-tirlari"],"acf":[],"_links":{"self":[{"href":"https:\/\/www.nationalturk.com\/tr\/wp-json\/wp\/v2\/posts\/204276","targetHints":{"allow":["GET"]}}],"collection":[{"href":"https:\/\/www.nationalturk.com\/tr\/wp-json\/wp\/v2\/posts"}],"about":[{"href":"https:\/\/www.nationalturk.com\/tr\/wp-json\/wp\/v2\/types\/post"}],"author":[{"embeddable":true,"href":"https:\/\/www.nationalturk.com\/tr\/wp-json\/wp\/v2\/users\/4"}],"replies":[{"embeddable":true,"href":"https:\/\/www.nationalturk.com\/tr\/wp-json\/wp\/v2\/comments?post=204276"}],"version-history":[{"count":0,"href":"https:\/\/www.nationalturk.com\/tr\/wp-json\/wp\/v2\/posts\/204276\/revisions"}],"wp:featuredmedia":[{"embeddable":true,"href":"https:\/\/www.nationalturk.com\/tr\/wp-json\/wp\/v2\/media\/204278"}],"wp:attachment":[{"href":"https:\/\/www.nationalturk.com\/tr\/wp-json\/wp\/v2\/media?parent=204276"}],"wp:term":[{"taxonomy":"category","embeddable":true,"href":"https:\/\/www.nationalturk.com\/tr\/wp-json\/wp\/v2\/categories?post=204276"},{"taxonomy":"post_tag","embeddable":true,"href":"https:\/\/www.nationalturk.com\/tr\/wp-json\/wp\/v2\/tags?post=204276"}],"curies":[{"name":"wp","href":"https:\/\/api.w.org\/{rel}","templated":true}]}}