{"id":204389,"date":"2015-01-19T14:54:04","date_gmt":"2015-01-19T12:54:04","guid":{"rendered":"http:\/\/www.nationalturk.com\/?p=204389"},"modified":"2015-01-19T14:54:04","modified_gmt":"2015-01-19T12:54:04","slug":"fazil-saydan-zorlu-centera-gonderme-204389","status":"publish","type":"post","link":"https:\/\/www.nationalturk.com\/tr\/fazil-saydan-zorlu-centera-gonderme-204389\/","title":{"rendered":"Faz\u0131l Say&#8217;dan Zorlu Center&#8217;a g\u00f6nderme"},"content":{"rendered":"<p><img loading=\"lazy\" decoding=\"async\" class=\"alignleft size-medium wp-image-204390\" src=\"http:\/\/www.nationalturk.com\/tr\/wp-content\/uploads\/2015\/01\/fazil_say_trabzon-280x198.jpg\" alt=\"Faz\u0131l Say\" width=\"280\" height=\"198\" title=\"\" srcset=\"https:\/\/www.nationalturk.com\/tr\/wp-content\/uploads\/2015\/01\/fazil_say_trabzon-280x198.jpg 280w, https:\/\/www.nationalturk.com\/tr\/wp-content\/uploads\/2015\/01\/fazil_say_trabzon-507x360.jpg 507w, https:\/\/www.nationalturk.com\/tr\/wp-content\/uploads\/2015\/01\/fazil_say_trabzon.jpg 712w\" sizes=\"auto, (max-width: 280px) 100vw, 280px\" \/><\/p>\n<h1>D\u00fcnyaca \u00fcnl\u00fc piyanist ve besteci Faz\u0131l Say, zaman zaman konser verdi\u011fi Zorlu Center&#8217;a tepki g\u00f6sterdi. Faz\u0131l Say, bundan sonra Zorlu&#8217;da sahne almayabilece\u011fini s\u00f6yledi.<\/h1>\n<p>Faz\u0131l Say, Facebook hesab\u0131ndan konuyla ilgili \u015funlar\u0131 yazd\u0131:<\/p>\n<p>&#8220;&#8221;Zorlu&#8221; i\u015fler&#8230;<br \/>\nLondra&#8217;daki bir prod\u00fcksiyonun dekor ve kost\u00fcm\u00fcn\u00fc sat\u0131n al\u0131p, Orkestras\u0131n\u0131, Korosunu, insanlar\u0131n\u0131 almay\u0131nca bu i\u015f &#8220;o prod\u00fcksiyon&#8221;u almak olur bilemedik&#8230;Sa\u011fl\u0131kl\u0131 bulmuyorum&#8230;<br \/>\nYahu, Kendin niye \u00fcretmiyorsun dekoru kost\u00fcm\u00fc? Yaratan insan m\u0131 kalmad\u0131? Cesaretin mi yok?Hem bi de La Boheme&#8217;in &#8220;veremden \u00f6len&#8221; a\u015f\u0131k kad\u0131n\u0131 &#8220;M\u0130M\u0130&#8221; yerine dikkat et, Cem Mansur&#8217;un y\u00f6netti\u011fi konserde 350 TL vermi\u015f seyirciler kanserden gitmesin&#8230;<br \/>\n350 TL filan \u00fcrk\u00fct\u00fcyor beni&#8230; &#8220;Sanat insanlar i\u00e7in&#8221; -&#8220;herkes i\u00e7in&#8221; diye savunuyoruz,s\u00fcrekli \u00e7are bak\u0131n\u0131yoruz, ho\u015flanm\u0131yorum, birileri s\u00fcrekli kar derdinde gibi arkada\u015f&#8230; Bu fikir de\u011fi\u015fmezse ben bir daha Zorlu&#8217;ya girermiyim bilemedim&#8230;<br \/>\n(Bu arada benden bir t\u00fcyo; modas\u0131 ge\u00e7ti\u011fi malum La Boheme hikayesini &#8220;gezi-park-tiplemeleri-gezi a\u015fk\u0131&#8221; ile \u015fenlendirebilir T\u00fcrkler&#8230; \u015eahane olur)<br \/>\nFaz\u0131l&#8221;<\/p>\n<!-- Error, Advert is not available at this time due to schedule\/geolocation restrictions! -->\n","protected":false},"excerpt":{"rendered":"<p>D\u00fcnyaca \u00fcnl\u00fc piyanist ve besteci Faz\u0131l Say, zaman zaman konser verdi\u011fi Zorlu Center&#8217;a tepki g\u00f6sterdi. Faz\u0131l Say, bundan sonra Zorlu&#8217;da sahne almayabilece\u011fini s\u00f6yledi.<\/p>\n","protected":false},"author":4,"featured_media":204391,"comment_status":"open","ping_status":"open","sticky":false,"template":"","format":"standard","meta":{"_acf_changed":false,"footnotes":""},"categories":[6155,6221,5005,6670,6805],"tags":[1585,118375,3750,179326,182746,22096],"class_list":["post-204389","post","type-post","status-publish","format-standard","has-post-thumbnail","hentry","category-gundem","category-kultur","category-manset","category-sanat","category-turkiye","tag-fazil-say","tag-fazil-say-konser","tag-fazil-say-konserleri","tag-la-boheme","tag-la-boheme-zorlu-center","tag-zorlu-center"],"acf":[],"_links":{"self":[{"href":"https:\/\/www.nationalturk.com\/tr\/wp-json\/wp\/v2\/posts\/204389","targetHints":{"allow":["GET"]}}],"collection":[{"href":"https:\/\/www.nationalturk.com\/tr\/wp-json\/wp\/v2\/posts"}],"about":[{"href":"https:\/\/www.nationalturk.com\/tr\/wp-json\/wp\/v2\/types\/post"}],"author":[{"embeddable":true,"href":"https:\/\/www.nationalturk.com\/tr\/wp-json\/wp\/v2\/users\/4"}],"replies":[{"embeddable":true,"href":"https:\/\/www.nationalturk.com\/tr\/wp-json\/wp\/v2\/comments?post=204389"}],"version-history":[{"count":0,"href":"https:\/\/www.nationalturk.com\/tr\/wp-json\/wp\/v2\/posts\/204389\/revisions"}],"wp:featuredmedia":[{"embeddable":true,"href":"https:\/\/www.nationalturk.com\/tr\/wp-json\/wp\/v2\/media\/204391"}],"wp:attachment":[{"href":"https:\/\/www.nationalturk.com\/tr\/wp-json\/wp\/v2\/media?parent=204389"}],"wp:term":[{"taxonomy":"category","embeddable":true,"href":"https:\/\/www.nationalturk.com\/tr\/wp-json\/wp\/v2\/categories?post=204389"},{"taxonomy":"post_tag","embeddable":true,"href":"https:\/\/www.nationalturk.com\/tr\/wp-json\/wp\/v2\/tags?post=204389"}],"curies":[{"name":"wp","href":"https:\/\/api.w.org\/{rel}","templated":true}]}}