{"id":204393,"date":"2015-01-19T15:34:51","date_gmt":"2015-01-19T13:34:51","guid":{"rendered":"http:\/\/www.nationalturk.com\/?p=204393"},"modified":"2015-01-19T15:34:51","modified_gmt":"2015-01-19T13:34:51","slug":"chpli-agbaba-gercekleri-anlatmaya-devam-edecegim-204393","status":"publish","type":"post","link":"https:\/\/www.nationalturk.com\/tr\/chpli-agbaba-gercekleri-anlatmaya-devam-edecegim-204393\/","title":{"rendered":"CHP&#8217;li A\u011fbaba: Ger\u00e7ekleri anlatmaya devam edece\u011fim"},"content":{"rendered":"<p><img loading=\"lazy\" decoding=\"async\" class=\"alignnone size-large wp-image-204394\" src=\"http:\/\/www.nationalturk.com\/tr\/wp-content\/uploads\/2015\/01\/veli_agbaba_346232-540x360.jpg\" alt=\"Veli A\u011fbaba\" width=\"610\" height=\"380\" title=\"\"><\/p>\n<h1>CHP Genel Ba\u015fkan Yard\u0131mc\u0131s\u0131 Veli A\u011fbaba, hakk\u0131nda haz\u0131rlanan fezlekeye ili\u015fkin, &#8220;Fezlekeyi Meclis\u2019e g\u00f6nderseniz de dokunulmazl\u0131\u011f\u0131m\u0131 kald\u0131rsalar da do\u011fru bildiklerimi s\u00f6ylemeye, halk\u0131m\u0131za ger\u00e7ekleri anlatmaya devam edece\u011fim&#8221; dedi.<\/h1>\n<p>A\u011fbaba, Niyazi M\u0131sri Caddesi&#8217;ndeki b\u00fcrosunda d\u00fczenledi\u011fi bas\u0131n toplant\u0131s\u0131nda, &#8220;Ortada bir fezleke var. Yani benim milletvekilli\u011fi yapma g\u00f6revimi engellemeye \u00e7al\u0131\u015f\u0131l\u0131yorlar. Jet h\u0131z\u0131yla hi\u00e7bir delil toplanmadan, m\u00fc\u015fteki Yasin El Kad\u0131&#8217;n\u0131n ifadesine ba\u015fvurulmadan, usul kurallar\u0131na uymadan savc\u0131 taraf\u0131ndan bir fezleke haz\u0131rlan\u0131yor. Fezleke avukat\u0131m taraf\u0131mdan tesad\u00fcfen \u00f6\u011frenilmi\u015ftir&#8221; \u015feklinde konu\u015ftu.<\/p>\n<p>Hukuksuz bir fezleke d\u00fczenlenerek milletvekilinin susturulmaya \u00e7al\u0131\u015f\u0131ld\u0131\u011f\u0131n\u0131 \u00f6ne s\u00fcrerek fezlekeyi madalya gibi g\u00f6rd\u00fc\u011f\u00fcn\u00fc dile getiren A\u011fbaba, &#8220;Bu benim onur madalyamd\u0131r. Buradan h\u00fck\u00fcmete sesleniyorum, dokunulmazl\u0131\u011f\u0131m\u0131 kald\u0131rmazsan\u0131z namertsiniz&#8221; g\u00f6r\u00fc\u015f\u00fcn\u00fc payla\u015ft\u0131.<\/p>\n<p>Halk\u0131n oylar\u0131yla se\u00e7ilmi\u015f bir milletvekili olarak rant ili\u015fkilerini kamuoyuyla payla\u015ft\u0131\u011f\u0131 i\u00e7in hakk\u0131nda da makul \u015f\u00fcpheli olarak fezleke d\u00fczenlenebildi\u011fini anlatan A\u011fbaba, Grup Yorum bileti satan, paras\u0131z e\u011fitim isteyen \u00f6\u011frencilere, haber yapan gazetecilere, belediye ba\u015fkanlar\u0131na, siyaset\u00e7ilere, akademisyenlere, avukatlara, sendikac\u0131lara ter\u00f6rist diyebilen bir yarg\u0131 ile kar\u015f\u0131 kar\u015f\u0131ya olduklar\u0131n\u0131 iddia etti.<\/p>\n<p>Bununla y\u0131llard\u0131r m\u00fccadele ettiklerini kaydeden A\u011fbaba, &#8220;Yarg\u0131y\u0131 bu evrensel yakla\u015f\u0131m\u0131ndan dolay\u0131 kutluyorum. Ayn\u0131 evrensel yakla\u015f\u0131m\u0131, Ergenekon, Balyoz, askeri casusluk, Odatv, KCK ve \u015fike davalar\u0131ndaki kumpas ma\u011fdurlar\u0131n\u0131n ki\u015filik haklar\u0131n\u0131 da korumaya davet ediyorum&#8221; ifadelerini kulland\u0131.<\/p>\n<p>Toplumsal muhalefete yarg\u0131 eliyle her d\u00fczeyde ayar verildi\u011fini savunan A\u011fbaba, \u015funlar\u0131 s\u00f6yledi:<\/p>\n<p>&#8220;\u015eimdi soruyorum, milletvekilleri hakk\u0131nda fezleke d\u00fczenleyerek bu sefer de yarg\u0131 ter\u00f6r\u00fc m\u00fc yarat\u0131lmaya \u00e7al\u0131\u015f\u0131lmaktad\u0131r? Buradan s\u00f6yl\u00fcyorum. Ben, birilerinin &#8216;reklam aras\u0131&#8217; olarak g\u00f6rd\u00fc\u011f\u00fc cumhuriyetin milletvekiliyim. Anayasa&#8217;da belirtildi\u011fi \u00fczere, sadece Malatya&#8217;n\u0131n de\u011fil, t\u00fcm T\u00fcrkiye&#8217;nin milletvekiliyim. Osmanl\u0131 \u00f6zentisi olanlara o d\u00f6nemlerden kalan bir c\u00fcmleyle sesleniyorum, &#8216;mahkeme kad\u0131ya m\u00fclk de\u011fildir&#8217;, mahkeme Yasin El Kad\u0131&#8217;ya hi\u00e7 m\u00fclk de\u011fildir. Fezlekeyi Meclis\u2019e g\u00f6nderseniz de dokunulmazl\u0131\u011f\u0131m\u0131 kald\u0131rsalar da do\u011fru bildiklerimi s\u00f6ylemeye, halk\u0131m\u0131za ger\u00e7ekleri anlatmaya devam edece\u011fim.&#8221; (AA)<\/p>\n<!-- Error, Advert is not available at this time due to schedule\/geolocation restrictions! -->\n","protected":false},"excerpt":{"rendered":"<p>CHP Genel Ba\u015fkan Yard\u0131mc\u0131s\u0131 Veli A\u011fbaba, hakk\u0131nda haz\u0131rlanan fezlekeye ili\u015fkin, &#8220;Fezlekeyi Meclis\u2019e g\u00f6nderseniz de dokunulmazl\u0131\u011f\u0131m\u0131 kald\u0131rsalar da do\u011fru bildiklerimi s\u00f6ylemeye, halk\u0131m\u0131za ger\u00e7ekleri anlatmaya devam edece\u011fim&#8221; dedi.<\/p>\n","protected":false},"author":4,"featured_media":204395,"comment_status":"open","ping_status":"open","sticky":false,"template":"","format":"standard","meta":{"_acf_changed":false,"footnotes":""},"categories":[6155,5005,6202,6805],"tags":[14378,8723,182799,8071,112405],"class_list":["post-204393","post","type-post","status-publish","format-standard","has-post-thumbnail","hentry","category-gundem","category-manset","category-politika","category-turkiye","tag-balyoz","tag-chp","tag-chp-fezleke","tag-ergenekon","tag-veli-agbaba"],"acf":[],"_links":{"self":[{"href":"https:\/\/www.nationalturk.com\/tr\/wp-json\/wp\/v2\/posts\/204393","targetHints":{"allow":["GET"]}}],"collection":[{"href":"https:\/\/www.nationalturk.com\/tr\/wp-json\/wp\/v2\/posts"}],"about":[{"href":"https:\/\/www.nationalturk.com\/tr\/wp-json\/wp\/v2\/types\/post"}],"author":[{"embeddable":true,"href":"https:\/\/www.nationalturk.com\/tr\/wp-json\/wp\/v2\/users\/4"}],"replies":[{"embeddable":true,"href":"https:\/\/www.nationalturk.com\/tr\/wp-json\/wp\/v2\/comments?post=204393"}],"version-history":[{"count":0,"href":"https:\/\/www.nationalturk.com\/tr\/wp-json\/wp\/v2\/posts\/204393\/revisions"}],"wp:featuredmedia":[{"embeddable":true,"href":"https:\/\/www.nationalturk.com\/tr\/wp-json\/wp\/v2\/media\/204395"}],"wp:attachment":[{"href":"https:\/\/www.nationalturk.com\/tr\/wp-json\/wp\/v2\/media?parent=204393"}],"wp:term":[{"taxonomy":"category","embeddable":true,"href":"https:\/\/www.nationalturk.com\/tr\/wp-json\/wp\/v2\/categories?post=204393"},{"taxonomy":"post_tag","embeddable":true,"href":"https:\/\/www.nationalturk.com\/tr\/wp-json\/wp\/v2\/tags?post=204393"}],"curies":[{"name":"wp","href":"https:\/\/api.w.org\/{rel}","templated":true}]}}