{"id":204522,"date":"2015-01-21T09:05:53","date_gmt":"2015-01-21T07:05:53","guid":{"rendered":"http:\/\/www.nationalturk.com\/?p=204522"},"modified":"2015-01-21T09:05:53","modified_gmt":"2015-01-21T07:05:53","slug":"yilan-hikayesine-donen-transfer-sonuclandi-erkan-zengin-trabzon-204522","status":"publish","type":"post","link":"https:\/\/www.nationalturk.com\/tr\/yilan-hikayesine-donen-transfer-sonuclandi-erkan-zengin-trabzon-204522\/","title":{"rendered":"Y\u0131lan hikayesine d\u00f6nen transfer sonu\u00e7land\u0131! Erkan Zengin Trabzon&#8217;da"},"content":{"rendered":"<h1><img loading=\"lazy\" decoding=\"async\" class=\"aligncenter size-full wp-image-204525\" src=\"http:\/\/www.nationalturk.com\/tr\/wp-content\/uploads\/2015\/01\/erkan-zengin-trabzon.jpg\" alt=\"\" width=\"610\" height=\"356\" title=\"\" srcset=\"https:\/\/www.nationalturk.com\/tr\/wp-content\/uploads\/2015\/01\/erkan-zengin-trabzon.jpg 610w, https:\/\/www.nationalturk.com\/tr\/wp-content\/uploads\/2015\/01\/erkan-zengin-trabzon-280x163.jpg 280w\" sizes=\"auto, (max-width: 610px) 100vw, 610px\" \/>Y\u0131lan hikayesine d\u00f6nen Erkan Zengin transferi nihayet sonu\u00e7land\u0131. Bordo-mavili kul\u00fcp ile anla\u015fmaya varan futbolcu, kul\u00fcp ba\u015fkan\u0131 Hac\u0131osmano\u011flu ve teknik direkt\u00f6r Yanal ile \u0130sve\u00e7&#8217;ten \u00f6zel u\u00e7akla Trabzon&#8217;a geldi.<\/h1>\n<p>Trabzonspor ile anla\u015fmaya varan Eski\u015fehirspor&#8217;un T\u00fcrk as\u0131ll\u0131 \u0130sve\u00e7li futbolcusu Erkan Zengin, \u00f6zel u\u00e7akla Trabzon&#8217;a geldi.<\/p>\n<p>\u0130sve\u00e7&#8217;ten kul\u00fcp ba\u015fkan\u0131 \u0130brahim Hac\u0131osmano\u011flu, teknik direkt\u00f6r Ersun Yanal ve kul\u00fcp \u00fcst d\u00fczey y\u00f6neticisi (CEO) Burak G\u00fcrdal ile d\u00fcn gece 00.30&#8217;da Trabzon&#8217;a gelen futbolcuyu havaliman\u0131nda bir grup taraftar kar\u015f\u0131lad\u0131.<\/p>\n<p>Taraftarlar, boynuna bordo-mavi ka\u015fkol takt\u0131klar\u0131 Erkan Zengin&#8217;e, ellerindeki me\u015faleleri de yakarak tezah\u00fcratla sevgi g\u00f6sterisinde bulundu.<\/p>\n<p>Erkan Zengin, daha sonra kul\u00fcp arac\u0131yla konaklayaca\u011f\u0131 otele hareket etti.<\/p>\n<!-- Error, Advert is not available at this time due to schedule\/geolocation restrictions! -->\n<p>&nbsp;<\/p>\n","protected":false},"excerpt":{"rendered":"<p>Y\u0131lan hikayesine d\u00f6nen Erkan Zengin transferi nihayet sonu\u00e7land\u0131. Bordo-mavili kul\u00fcp ile anla\u015fmaya varan futbolcu, kul\u00fcp ba\u015fkan\u0131 Hac\u0131osmano\u011flu ve teknik direkt\u00f6r Yanal ile \u0130sve\u00e7&#8217;ten \u00f6zel u\u00e7akla Trabzon&#8217;a geldi.<\/p>\n","protected":false},"author":3,"featured_media":204525,"comment_status":"open","ping_status":"open","sticky":false,"template":"","format":"standard","meta":{"_acf_changed":false,"footnotes":""},"categories":[6774,5005,6194],"tags":[24757,182914,182917,49500,182919,6264,67985,52506],"class_list":["post-204522","post","type-post","status-publish","format-standard","has-post-thumbnail","hentry","category-futbol","category-manset","category-spor","tag-erkan-zengin","tag-erkan-zengin-trabzon","tag-erkan-zengin-trabzonspor","tag-ersun-yanal","tag-ersun-yanal-trabzon","tag-eskisehirspor","tag-eskisehirspor-trabzonspor","tag-ibrahim-haciosmanoglu"],"acf":[],"_links":{"self":[{"href":"https:\/\/www.nationalturk.com\/tr\/wp-json\/wp\/v2\/posts\/204522","targetHints":{"allow":["GET"]}}],"collection":[{"href":"https:\/\/www.nationalturk.com\/tr\/wp-json\/wp\/v2\/posts"}],"about":[{"href":"https:\/\/www.nationalturk.com\/tr\/wp-json\/wp\/v2\/types\/post"}],"author":[{"embeddable":true,"href":"https:\/\/www.nationalturk.com\/tr\/wp-json\/wp\/v2\/users\/3"}],"replies":[{"embeddable":true,"href":"https:\/\/www.nationalturk.com\/tr\/wp-json\/wp\/v2\/comments?post=204522"}],"version-history":[{"count":0,"href":"https:\/\/www.nationalturk.com\/tr\/wp-json\/wp\/v2\/posts\/204522\/revisions"}],"wp:featuredmedia":[{"embeddable":true,"href":"https:\/\/www.nationalturk.com\/tr\/wp-json\/wp\/v2\/media\/204525"}],"wp:attachment":[{"href":"https:\/\/www.nationalturk.com\/tr\/wp-json\/wp\/v2\/media?parent=204522"}],"wp:term":[{"taxonomy":"category","embeddable":true,"href":"https:\/\/www.nationalturk.com\/tr\/wp-json\/wp\/v2\/categories?post=204522"},{"taxonomy":"post_tag","embeddable":true,"href":"https:\/\/www.nationalturk.com\/tr\/wp-json\/wp\/v2\/tags?post=204522"}],"curies":[{"name":"wp","href":"https:\/\/api.w.org\/{rel}","templated":true}]}}