{"id":204555,"date":"2015-01-21T10:46:46","date_gmt":"2015-01-21T08:46:46","guid":{"rendered":"http:\/\/www.nationalturk.com\/?p=204555"},"modified":"2015-01-21T11:21:11","modified_gmt":"2015-01-21T09:21:11","slug":"ali-ismail-korkmaz-davasinda-karar-aciklaniyor-204555","status":"publish","type":"post","link":"https:\/\/www.nationalturk.com\/tr\/ali-ismail-korkmaz-davasinda-karar-aciklaniyor-204555\/","title":{"rendered":"Ali \u0130smail Korkmaz davas\u0131nda karar a\u00e7\u0131klan\u0131yor"},"content":{"rendered":"<p><img loading=\"lazy\" decoding=\"async\" class=\"alignnone size-large wp-image-204560\" src=\"http:\/\/www.nationalturk.com\/tr\/wp-content\/uploads\/2015\/01\/ali_ismail_korkmaz_davasi_karar-558x360.jpg\" alt=\"Ali \u0130smail\" width=\"610\" height=\"390\" title=\"\"><\/p>\n<h1>\u00dcniversite \u00f6\u011frencisi Ali \u0130smail Korkmaz&#8217;\u0131n, Eski\u015fehir&#8217;deki Gezi Park\u0131 direni\u015finde d\u00f6v\u00fclerek\u00a0hayat\u0131n\u0131 kaybetti\u011fi olayla ilgili davan\u0131n yedinci duru\u015fmas\u0131nda mahkeme heyeti saat 11.00&#8217;de karar\u0131 a\u00e7\u0131klayacak.<\/h1>\n<p>Duru\u015fmada, san\u0131klara karar \u00f6ncesi son s\u00f6z haklar\u0131 verildi.<\/p>\n<p>Tutuklu sivil san\u0131klardan \u0130smail Koyuncu su\u00e7suz oldu\u011funu belirterek tahliyesini talep etti.<\/p>\n<p>Ebubekir Harlar da mahkeme ba\u015flad\u0131\u011f\u0131ndan beri ba\u015f\u0131na gelen olaylar\u0131 anlatt\u0131\u011f\u0131n\u0131 belirterek, &#8220;Sizin de beni anlad\u0131\u011f\u0131n\u0131za inan\u0131yorum. Ben kimseyi d\u00f6vmedim polis &#8216;yakala&#8217; dedi\u011fi i\u00e7in yakalad\u0131m. Siz de say\u0131n savc\u0131m gibi cezaevinde yatmam\u0131 istiyorsan\u0131z su\u00e7um olmad\u0131\u011f\u0131n\u0131 bile bile yatar\u0131m. Benim i\u00e7in adaletli davranman\u0131z\u0131 talep ediyor, beraatimi istiyorum&#8221; \u015feklinde konu\u015ftu.<\/p>\n<p>Tedavi g\u00f6rd\u00fc\u011f\u00fc Ankara Numune Hastanesinden telekonferans y\u00f6ntemiyle duru\u015fmaya kat\u0131lan tutuklu san\u0131k polis memuru Mevl\u00fct Saldo\u011fan&#8217;a mahkeme hakimi &#8216;ge\u00e7mi\u015f olsun&#8217; dile\u011fini ilettikten sonra son s\u00f6zlerini sordu.<\/p>\n<p>Saldo\u011fan, bug\u00fcne kadar darp etti\u011fi ki\u015finin Ali \u0130smail Korkmaz olup olmad\u0131\u011f\u0131n\u0131n y\u00fczde 100 net bir \u015fekilde tespit edilemedi\u011fini \u00f6ne s\u00fcrerek, \u015funlar\u0131 kaydetti:<\/p>\n<p>&#8220;Sadece s\u00f6zde tan\u0131k Semih Berkay Yap\u0131c\u0131&#8217;n\u0131n ek\u015fi s\u00f6zl\u00fck isimli bir internet sitesinde devlete, millete, polise kin ve nefret dolu yaz\u0131s\u0131ndan oradaki ki\u015fi Ali \u0130smail Korkmaz olarak yorumlanm\u0131\u015ft\u0131r. Bu \u015fah\u0131s 6 de\u011fi\u015fik ifade vermi\u015ftir. Burada \u00e7eli\u015fkilerle dolu 6 ifadesini de kabul ettiniz. San\u0131\u011f\u0131n lehine ve aleyhine delil toplamakla g\u00f6revli cumhuriyet savc\u0131s\u0131 susmu\u015f, avukatlar da esen r\u00fczgara g\u00f6re bu \u015fahs\u0131 y\u00f6nlendirerek ifade verdirmi\u015flerdir. Benim zor kulland\u0131\u011f\u0131m \u015fah\u0131s Ali \u0130smail olsayd\u0131 o saatlerde beyin kanamas\u0131 ge\u00e7iriyor olmas\u0131 laz\u0131md\u0131. Ali \u0130smail 18-20 saat sonra beyin kanamas\u0131 ge\u00e7irmi\u015ftir. Gezi olay\u0131 darbe giri\u015fimi miydi, de\u011fil miydi? Demokratik hak giri\u015fimiyse devletin mal\u0131na kast etmek, polisine, ambulans\u0131na zarar vermek hangi yasada belirtilmi\u015ftir. Bunun demokratik bir hak kullan\u0131m\u0131 olmad\u0131\u011f\u0131 ortad\u0131r. Sizin vicdan\u0131n\u0131za b\u0131rak\u0131yorum.&#8221;<\/p>\n<p>&#8211; San\u0131k Saldo\u011fan: &#8220;Gen\u00e7leri soka\u011fa d\u00fc\u015f\u00fcrenler as\u0131l katillerdir&#8221;<\/p>\n<p>Saldo\u011fan, &#8220;Ger\u00e7ek katil benim te\u015fkilat\u0131mda de\u011fil o san\u0131k sandalyesinde oturan arkada\u015flar\u0131m\u0131n aras\u0131nda de\u011fil. \u00d6ld\u00fcrecek kadar cesareti olmayanlar, bu g\u00fczelim gen\u00e7leri soka\u011fa d\u00fc\u015f\u00fcrenler as\u0131l katillerdir&#8221; dedi.<\/p>\n<p>Y\u0131llarca namusuyla bu \u00fclkede g\u00f6rev yapt\u0131\u011f\u0131n\u0131 dile getiren Saldo\u011fan, &#8220;Ben kimseyi kasten yaralama, \u00f6ld\u00fcrme kast\u0131yla hareket etmedim. Bir polis memurunun mesle\u011fe at\u0131l\u0131rken yapt\u0131\u011f\u0131 yemine sad\u0131k kalarak, amirlerimin emirlerini yerine getirerek ben de zor kullanma yetkimi kulland\u0131m. Telsiz konu\u015fmalar\u0131n\u0131 biliyorsunuz, Allah r\u0131zas\u0131 i\u00e7in l\u00fctfen buna g\u00f6re de\u011ferlendirin&#8221; diye konu\u015ftu.<\/p>\n<p>Savunmas\u0131 s\u0131ras\u0131nda Emel Korkmaz ve salondaki avukatlar Saldo\u011fan&#8217;a tepki g\u00f6sterdi.<\/p>\n<p>Salondaki baz\u0131 avukatlar, mahkeme ba\u015fkan\u0131na y\u00f6nelik, &#8220;Tahrik edici bir konu\u015fma yap\u0131yor. Orada neden duruyorsun, m\u00fcdahale etsene&#8221; dedi.<\/p>\n<p>Mahkeme ba\u015fkan\u0131 ise yapt\u0131\u011f\u0131 uyar\u0131lara ra\u011fmen Saldo\u011fan&#8217;\u0131n savunmas\u0131n\u0131 bitirmemesi \u00fczerine ba\u011flant\u0131n\u0131n sesini kesti.<\/p>\n<p>Di\u011fer tutuklu san\u0131klar Muhammet Vatansever, Ramazan Koyuncu, Yal\u00e7\u0131n Akbulut, \u015eaban G\u00f6kp\u0131nar, H\u00fcseyin Engin, savunmalar\u0131nda su\u00e7suz olduklar\u0131n\u0131 belirterek, beraatlerini talep etti.<\/p>\n<p>Mahkeme heyeti, karar\u0131 a\u00e7\u0131klamak \u00fczere duru\u015fmaya saat 11.00&#8217;e kadar ara verdi. (AA)<\/p>\n<!-- Error, Advert is not available at this time due to schedule\/geolocation restrictions! -->\n","protected":false},"excerpt":{"rendered":"<p>\u00dcniversite \u00f6\u011frencisi Ali \u0130smail Korkmaz&#8217;\u0131n, Eski\u015fehir&#8217;deki Gezi Park\u0131 direni\u015finde d\u00f6v\u00fclerek hayat\u0131n\u0131 kaybetti\u011fi olayla ilgili davan\u0131n yedinci duru\u015fmas\u0131nda mahkeme heyeti saat 11.00&#8217;de karar\u0131 a\u00e7\u0131klayacak.<\/p>\n","protected":false},"author":4,"featured_media":204561,"comment_status":"open","ping_status":"open","sticky":false,"template":"","format":"standard","meta":{"_acf_changed":false,"footnotes":""},"categories":[6155,6202,6805],"tags":[134880,146959,182958,140497,182959,182960,92829,131452,182961],"class_list":["post-204555","post","type-post","status-publish","format-standard","has-post-thumbnail","hentry","category-gundem","category-politika","category-turkiye","tag-ali-ismail-korkmaz","tag-ali-ismail-korkmaz-dava","tag-ali-ismail-korkmaz-dava-karar","tag-ali-ismail-korkmaz-davasi","tag-ali-ismail-korkmaz-karar-durusmasi","tag-ali-ismail-korkmaz-karari","tag-gezi-parki","tag-gezi-parki-direnisi","tag-semih-berkay-yapici"],"acf":[],"_links":{"self":[{"href":"https:\/\/www.nationalturk.com\/tr\/wp-json\/wp\/v2\/posts\/204555","targetHints":{"allow":["GET"]}}],"collection":[{"href":"https:\/\/www.nationalturk.com\/tr\/wp-json\/wp\/v2\/posts"}],"about":[{"href":"https:\/\/www.nationalturk.com\/tr\/wp-json\/wp\/v2\/types\/post"}],"author":[{"embeddable":true,"href":"https:\/\/www.nationalturk.com\/tr\/wp-json\/wp\/v2\/users\/4"}],"replies":[{"embeddable":true,"href":"https:\/\/www.nationalturk.com\/tr\/wp-json\/wp\/v2\/comments?post=204555"}],"version-history":[{"count":0,"href":"https:\/\/www.nationalturk.com\/tr\/wp-json\/wp\/v2\/posts\/204555\/revisions"}],"wp:featuredmedia":[{"embeddable":true,"href":"https:\/\/www.nationalturk.com\/tr\/wp-json\/wp\/v2\/media\/204561"}],"wp:attachment":[{"href":"https:\/\/www.nationalturk.com\/tr\/wp-json\/wp\/v2\/media?parent=204555"}],"wp:term":[{"taxonomy":"category","embeddable":true,"href":"https:\/\/www.nationalturk.com\/tr\/wp-json\/wp\/v2\/categories?post=204555"},{"taxonomy":"post_tag","embeddable":true,"href":"https:\/\/www.nationalturk.com\/tr\/wp-json\/wp\/v2\/tags?post=204555"}],"curies":[{"name":"wp","href":"https:\/\/api.w.org\/{rel}","templated":true}]}}