{"id":204886,"date":"2015-01-26T09:21:34","date_gmt":"2015-01-26T07:21:34","guid":{"rendered":"http:\/\/www.nationalturk.com\/?p=204886"},"modified":"2015-01-26T09:21:34","modified_gmt":"2015-01-26T07:21:34","slug":"obama-hindistan-ziyareti-204886","status":"publish","type":"post","link":"https:\/\/www.nationalturk.com\/tr\/obama-hindistan-ziyareti-204886\/","title":{"rendered":"Obama\u2019n\u0131n Hindistan ziyaretine n\u00fckleer damgas\u0131"},"content":{"rendered":"<h1><img loading=\"lazy\" decoding=\"async\" class=\"aligncenter size-full wp-image-204888\" src=\"http:\/\/www.nationalturk.com\/tr\/wp-content\/uploads\/2015\/01\/narendra-modi-barack-obama-hindistan.jpg\" alt=\"\" width=\"610\" height=\"331\" title=\"\" srcset=\"https:\/\/www.nationalturk.com\/tr\/wp-content\/uploads\/2015\/01\/narendra-modi-barack-obama-hindistan.jpg 610w, https:\/\/www.nationalturk.com\/tr\/wp-content\/uploads\/2015\/01\/narendra-modi-barack-obama-hindistan-280x151.jpg 280w\" sizes=\"auto, (max-width: 610px) 100vw, 610px\" \/>Hindistan&#8217;\u0131 ziyaret eden ABD Ba\u015fkan\u0131 Obama, Hindistan Ba\u015fbakan\u0131 Narendra Modi ile ba\u015fkent Yeni Delhi&#8217;de ortak bir bas\u0131n toplant\u0131s\u0131 d\u00fczenledi.<\/h1>\n<p>Barack Obama, ABD ve Hindistan&#8217;\u0131n, sivil n\u00fckleer enerji anla\u015fmas\u0131 konusunda &#8220;d\u00f6n\u00fcm noktas\u0131na&#8221; ula\u015ft\u0131klar\u0131n\u0131 s\u00f6yledi.<\/p>\n<p>Obama, &#8220;Sivil n\u00fckleer enerji anla\u015fmas\u0131n\u0131n uygulanmas\u0131 konusunda \u00e7ok \u00f6nemli ilerlemeler kaydettik. Sivil n\u00fckleer i\u015fbirli\u011fi, ili\u015fkilerimizi geli\u015ftirmek i\u00e7in \u00f6nemli bir ad\u0131m&#8221; diye konu\u015ftu.<\/p>\n<p>Hindistan ile ili\u015fkileri geli\u015ftirmenin, ABD y\u00f6netiminin \u00f6ncelikleri aras\u0131nda oldu\u011funu vurgulayan Obama, &#8220;Hindistan&#8217;daki hava kalitesini art\u0131rmak i\u00e7in yeni bir ortak program ba\u015flat\u0131yoruz&#8221; dedi.<\/p>\n<p>ABD Ba\u015fkan\u0131 Obama, ayr\u0131ca Hindistan&#8217;\u0131 BM G\u00fcvenlik Konseyi&#8217;nin daimi \u00fcyesi olarak g\u00f6rmek istediklerini ifade etti.<\/p>\n<p>Modi de iki \u00fclke aras\u0131nda 2008&#8217;de imzalanan n\u00fckleer anla\u015fmay\u0131 faaliyete ge\u00e7irme konusunda her iki \u00fclkenin \u00f6nemli ad\u0131mlar att\u0131\u011f\u0131n\u0131 belirtti.<\/p>\n<p>Modi, &#8220;Bizim ili\u015fkilerimizin en \u00f6nemli unsuru olan sivil n\u00fckleer enerji anla\u015fmas\u0131, yeni ekonomik f\u0131rsatlar yaratt\u0131 ve temiz enerji i\u00e7in se\u00e7eneklerimizi art\u0131rd\u0131. 2008&#8217;de imzalad\u0131\u011f\u0131m\u0131z anla\u015fmadan sonra, kanunlar\u0131m\u0131z ve yasal yapt\u0131r\u0131mlar\u0131m\u0131zla uyum i\u00e7erisinde \u00f6nemli bir ekonomik i\u015fbirli\u011fine do\u011fru ilerliyoruz&#8221; diye konu\u015ftu.<\/p>\n<p>Modi, iki \u00fclkenin kar\u015f\u0131l\u0131kl\u0131 yat\u0131r\u0131m anla\u015fmas\u0131 konusunda g\u00f6r\u00fc\u015fmeleri yeniden ba\u015flatacaklar\u0131n\u0131 da belirtti.<\/p>\n<p>ABD ile \u00c7in aras\u0131ndaki iklim de\u011fi\u015fikli\u011fi anla\u015fmas\u0131na ili\u015fkin bir soru \u00fczerine Modi, &#8220;B\u00f6yle bir anla\u015fma Hindistan gibi egemen bir \u00fclke \u00fczerinde bask\u0131 kuramaz. Fakat iklim de\u011fi\u015fikli\u011finin kendisi bunu yapabilir. Bu olduk\u00e7a \u00f6nemli bir problem&#8221; diye konu\u015ftu.<\/p>\n<p>Hindistan ziyaretine d\u00fcn ba\u015flayan Obama, sabah saatlerinde Cumhurba\u015fkan\u0131 Pranab Mukherjee taraf\u0131ndan Cumhurba\u015fkanl\u0131\u011f\u0131 Saray\u0131&#8217;nda t\u00f6renle kar\u015f\u0131land\u0131.<\/p>\n<p>Obama daha sonra Mahatma Gandi&#8217;nin an\u0131t mezar\u0131n\u0131 ziyaret etti. Obama&#8217;n\u0131n bug\u00fcn Cumhuriyet Bayram\u0131 etkinliklerine kat\u0131lmas\u0131 bekleniyor.<\/p>\n<!-- Error, Advert is not available at this time due to schedule\/geolocation restrictions! -->\n","protected":false},"excerpt":{"rendered":"<p>Hindistan&#8217;\u0131 ziyaret eden ABD Ba\u015fkan\u0131 Obama, Hindistan Ba\u015fbakan\u0131 Narendra Modi ile ba\u015fkent Yeni Delhi&#8217;de ortak bir bas\u0131n toplant\u0131s\u0131 d\u00fczenledi.<\/p>\n","protected":false},"author":3,"featured_media":204888,"comment_status":"open","ping_status":"open","sticky":false,"template":"","format":"standard","meta":{"_acf_changed":false,"footnotes":""},"categories":[6768,6769,6665,6155,5005,6202],"tags":[5902,11135,2509,7221,183250,1380,149078,53538,183248,183247,180147,53550,172288,4902,4625,110429],"class_list":["post-204886","post","type-post","status-publish","format-standard","has-post-thumbnail","hentry","category-amerika","category-asya","category-dunya","category-gundem","category-manset","category-politika","tag-abd-baskani","tag-abd-baskani-obama","tag-barack-obama","tag-barack-obama-abd","tag-barack-obama-hindistan","tag-hindistan","tag-hindistan-amerika","tag-hindistan-basbakani","tag-hindistan-basbakani-narendra-modi","tag-hindistan-obama","tag-hindistan-turu","tag-mahatma-gandi","tag-narendra-modi","tag-obama","tag-yeni-delhi","tag-yeni-delhi-hindistan"],"acf":[],"_links":{"self":[{"href":"https:\/\/www.nationalturk.com\/tr\/wp-json\/wp\/v2\/posts\/204886","targetHints":{"allow":["GET"]}}],"collection":[{"href":"https:\/\/www.nationalturk.com\/tr\/wp-json\/wp\/v2\/posts"}],"about":[{"href":"https:\/\/www.nationalturk.com\/tr\/wp-json\/wp\/v2\/types\/post"}],"author":[{"embeddable":true,"href":"https:\/\/www.nationalturk.com\/tr\/wp-json\/wp\/v2\/users\/3"}],"replies":[{"embeddable":true,"href":"https:\/\/www.nationalturk.com\/tr\/wp-json\/wp\/v2\/comments?post=204886"}],"version-history":[{"count":0,"href":"https:\/\/www.nationalturk.com\/tr\/wp-json\/wp\/v2\/posts\/204886\/revisions"}],"wp:featuredmedia":[{"embeddable":true,"href":"https:\/\/www.nationalturk.com\/tr\/wp-json\/wp\/v2\/media\/204888"}],"wp:attachment":[{"href":"https:\/\/www.nationalturk.com\/tr\/wp-json\/wp\/v2\/media?parent=204886"}],"wp:term":[{"taxonomy":"category","embeddable":true,"href":"https:\/\/www.nationalturk.com\/tr\/wp-json\/wp\/v2\/categories?post=204886"},{"taxonomy":"post_tag","embeddable":true,"href":"https:\/\/www.nationalturk.com\/tr\/wp-json\/wp\/v2\/tags?post=204886"}],"curies":[{"name":"wp","href":"https:\/\/api.w.org\/{rel}","templated":true}]}}