{"id":204985,"date":"2015-01-27T11:15:12","date_gmt":"2015-01-27T09:15:12","guid":{"rendered":"http:\/\/www.nationalturk.com\/?p=204985"},"modified":"2015-01-27T11:15:12","modified_gmt":"2015-01-27T09:15:12","slug":"lola-ponce-miami-204985","status":"publish","type":"post","link":"https:\/\/www.nationalturk.com\/tr\/lola-ponce-miami-204985\/","title":{"rendered":"Lola Ponce Miami&#8217;de g\u00f6r\u00fcnt\u00fclendi"},"content":{"rendered":"<h1><img loading=\"lazy\" decoding=\"async\" class=\"alignleft size-medium wp-image-204987\" src=\"http:\/\/www.nationalturk.com\/tr\/wp-content\/uploads\/2015\/01\/lola-ponce-miami-178x220.jpg\" alt=\"\" width=\"178\" height=\"220\" title=\"\" srcset=\"https:\/\/www.nationalturk.com\/tr\/wp-content\/uploads\/2015\/01\/lola-ponce-miami-178x220.jpg 178w, https:\/\/www.nationalturk.com\/tr\/wp-content\/uploads\/2015\/01\/lola-ponce-miami-291x360.jpg 291w, https:\/\/www.nationalturk.com\/tr\/wp-content\/uploads\/2015\/01\/lola-ponce-miami.jpg 620w\" sizes=\"auto, (max-width: 178px) 100vw, 178px\" \/>Arjantinli \u015fark\u0131c\u0131 Lola Ponce, ailesiyle birlikte \u00e7\u0131kt\u0131\u011f\u0131 Miami tatili s\u0131ras\u0131nda objektiflere tak\u0131ld\u0131.<\/h1>\n<p>CumCuma&#8217;n\u0131n haberine g\u00f6re; Amerika\u2019n\u0131n \u00f6zg\u00fcrl\u00fckler \u015fehri Miami, \u00fcnl\u00fc isimleri kendine \u00e7ekmeye devam ediyor. G\u00fcne\u015fin sahillerinden eksik olmad\u0131\u011f\u0131 Miami, denizi, \u015f\u0131k otelleri ve \u00e7e\u015fitli aktiviteleri ile cazibe merkezi halinde.<\/p>\n<p>Son olarak \u00fcnl\u00fc \u015fark\u0131c\u0131 Lola Ponce, hayat arkda\u015f\u0131 Aaron Diaz ve \u00e7ocuklar\u0131 Erin ve Regina ile Miami plajlar\u0131nda tatilin keyfini \u00e7\u0131kar\u0131rken g\u00f6r\u00fcnt\u00fclendi.<\/p>\n<p>G\u00fcn boyu deniz kum g\u00fcne\u015f \u00fc\u00e7l\u00fcs\u00fcn\u00fcn tad\u0131n\u0131 \u00e7\u0131karan \u00e7ift, zaman zaman romatik anlar ya\u015fad\u0131. S\u0131k S\u0131k \u00f6p\u00fc\u015ft\u00fckleri g\u00f6r\u00fclen ikili, tam bir aile portresi ortaya koydu.<\/p>\n<!-- Error, Advert is not available at this time due to schedule\/geolocation restrictions! -->\n","protected":false},"excerpt":{"rendered":"<p>Arjantinli \u015fark\u0131c\u0131 Lola Ponce, ailesiyle birlikte \u00e7\u0131kt\u0131\u011f\u0131 Miami tatili s\u0131ras\u0131nda objektiflere tak\u0131ld\u0131.<\/p>\n","protected":false},"author":3,"featured_media":204992,"comment_status":"open","ping_status":"open","sticky":false,"template":"","format":"standard","meta":{"_acf_changed":false,"footnotes":""},"categories":[6232,36154,6671,67944],"tags":[12018,164607,136217],"class_list":["post-204985","post","type-post","status-publish","format-standard","has-post-thumbnail","hentry","category-magazin","category-muzik","category-seyahat","category-yurtdisi-magazin-haberleri","tag-miami","tag-miami-amerika","tag-miami-sahilleri"],"acf":[],"_links":{"self":[{"href":"https:\/\/www.nationalturk.com\/tr\/wp-json\/wp\/v2\/posts\/204985","targetHints":{"allow":["GET"]}}],"collection":[{"href":"https:\/\/www.nationalturk.com\/tr\/wp-json\/wp\/v2\/posts"}],"about":[{"href":"https:\/\/www.nationalturk.com\/tr\/wp-json\/wp\/v2\/types\/post"}],"author":[{"embeddable":true,"href":"https:\/\/www.nationalturk.com\/tr\/wp-json\/wp\/v2\/users\/3"}],"replies":[{"embeddable":true,"href":"https:\/\/www.nationalturk.com\/tr\/wp-json\/wp\/v2\/comments?post=204985"}],"version-history":[{"count":0,"href":"https:\/\/www.nationalturk.com\/tr\/wp-json\/wp\/v2\/posts\/204985\/revisions"}],"wp:featuredmedia":[{"embeddable":true,"href":"https:\/\/www.nationalturk.com\/tr\/wp-json\/wp\/v2\/media\/204992"}],"wp:attachment":[{"href":"https:\/\/www.nationalturk.com\/tr\/wp-json\/wp\/v2\/media?parent=204985"}],"wp:term":[{"taxonomy":"category","embeddable":true,"href":"https:\/\/www.nationalturk.com\/tr\/wp-json\/wp\/v2\/categories?post=204985"},{"taxonomy":"post_tag","embeddable":true,"href":"https:\/\/www.nationalturk.com\/tr\/wp-json\/wp\/v2\/tags?post=204985"}],"curies":[{"name":"wp","href":"https:\/\/api.w.org\/{rel}","templated":true}]}}